{"id":634,"date":"2018-10-25T12:00:08","date_gmt":"2018-10-25T12:00:08","guid":{"rendered":"http:\/\/www.alandalusylahistoria.com\/?p=634"},"modified":"2022-07-18T09:04:57","modified_gmt":"2022-07-18T07:04:57","slug":"el-origen-de-al-andalus","status":"publish","type":"post","link":"https:\/\/www.alandalusylahistoria.com\/?p=634","title":{"rendered":"El origen de al-\u00c1ndalus"},"content":{"rendered":"\n<h3 class=\"has-text-align-center wp-block-heading\">El inter\u00e9s sobre el origen de al-\u00c1ndalus se ha reactivado durante los \u00faltimos a\u00f1os, especialmente a ra\u00edz de la aparici\u00f3n de publicaciones acad\u00e9micas que han aportado nuevas aproximaciones desde diferentes perspectivas que han contribuido a la renovaci\u00f3n del estudio de este tema<\/h3>\n\n\n\n<p class=\"wp-block-paragraph\">Mesa redonda entre Alejandro Garc\u00eda Sanju\u00e1n, Eduardo Manzano y Pedro Mart\u00ednez Mont\u00e1vez, organizada por <a href=\"http:\/\/www.casaarabe.es\/\" target=\"_blank\" rel=\"noreferrer noopener\">Casa \u00c1rabe<\/a> y celebrada el d\u00eda 17 de octubre de 2018.<\/p>\n\n\n\n<figure class=\"wp-block-embed is-type-video is-provider-youtube wp-block-embed-youtube wp-embed-aspect-16-9 wp-has-aspect-ratio\"><div class=\"wp-block-embed__wrapper\">\n<iframe loading=\"lazy\" title=\"Ciclo &quot;El origen de al-\u00c1ndalus, claves de un debate historiogr\u00e1fico&quot; (1\/2)\" width=\"1000\" height=\"563\" src=\"https:\/\/www.youtube.com\/embed\/Pem8H0V5qxU?feature=oembed\" frameborder=\"0\" allow=\"accelerometer; autoplay; clipboard-write; encrypted-media; gyroscope; picture-in-picture\" allowfullscreen title=\"Ciclo \"El origen de al-\u00c1ndalus, claves de un debate historiogr\u00e1fico\" (1\/2)\"><\/iframe>\n<\/div><\/figure>\n\n\n\n<p class=\"wp-block-paragraph\">V\u00e9ase el texto de la interveci\u00f3n de Pedro Mart\u00ednez Mont\u00e1vez en: <a href=\"https:\/\/lucernario.org\/cantarabiacirculo\/2022\/07\/07\/martinez-montavez-pedro-el-amanecer-de-al-andalus\/\" target=\"_blank\" rel=\"noreferrer noopener\">\u00abEl amanecer de al-\u00c1ndalus\u00bb<\/a><\/p>\n","protected":false},"excerpt":{"rendered":"<p>El inter\u00e9s sobre el origen de al-\u00c1ndalus se ha reactivado durante los \u00faltimos a\u00f1os, especialmente a ra\u00edz de la aparici\u00f3n de publicaciones acad\u00e9micas que han aportado nuevas aproximaciones desde diferentes perspectivas que han contribuido a la renovaci\u00f3n del estudio de este tema.<\/p>\n","protected":false},"author":11,"featured_media":635,"comment_status":"closed","ping_status":"closed","sticky":false,"template":"","format":"image","meta":{"_crdt_document":"","jetpack_post_was_ever_published":false,"footnotes":""},"categories":[13],"tags":[72,37,73],"coauthors":[262],"class_list":{"0":"post-634","1":"post","2":"type-post","3":"status-publish","4":"format-image","5":"has-post-thumbnail","6":"hentry","7":"category-multimedia","8":"tag-conquista-islamica","9":"tag-historiografia","10":"tag-origen-de-al-andalus","11":"post_format-post-format-image","13":"fallback-thumbnail"},"jetpack_featured_media_url":"https:\/\/i0.wp.com\/www.alandalusylahistoria.com\/wp-content\/uploads\/2018\/10\/Martinez_Cubells_Guadelete.jpg?fit=680%2C501&ssl=1","jetpack-related-posts":[],"_links":{"self":[{"href":"https:\/\/www.alandalusylahistoria.com\/index.php?rest_route=\/wp\/v2\/posts\/634","targetHints":{"allow":["GET"]}}],"collection":[{"href":"https:\/\/www.alandalusylahistoria.com\/index.php?rest_route=\/wp\/v2\/posts"}],"about":[{"href":"https:\/\/www.alandalusylahistoria.com\/index.php?rest_route=\/wp\/v2\/types\/post"}],"author":[{"embeddable":true,"href":"https:\/\/www.alandalusylahistoria.com\/index.php?rest_route=\/wp\/v2\/users\/11"}],"replies":[{"embeddable":true,"href":"https:\/\/www.alandalusylahistoria.com\/index.php?rest_route=%2Fwp%2Fv2%2Fcomments&post=634"}],"version-history":[{"count":3,"href":"https:\/\/www.alandalusylahistoria.com\/index.php?rest_route=\/wp\/v2\/posts\/634\/revisions"}],"predecessor-version":[{"id":3719,"href":"https:\/\/www.alandalusylahistoria.com\/index.php?rest_route=\/wp\/v2\/posts\/634\/revisions\/3719"}],"wp:featuredmedia":[{"embeddable":true,"href":"https:\/\/www.alandalusylahistoria.com\/index.php?rest_route=\/wp\/v2\/media\/635"}],"wp:attachment":[{"href":"https:\/\/www.alandalusylahistoria.com\/index.php?rest_route=%2Fwp%2Fv2%2Fmedia&parent=634"}],"wp:term":[{"taxonomy":"category","embeddable":true,"href":"https:\/\/www.alandalusylahistoria.com\/index.php?rest_route=%2Fwp%2Fv2%2Fcategories&post=634"},{"taxonomy":"post_tag","embeddable":true,"href":"https:\/\/www.alandalusylahistoria.com\/index.php?rest_route=%2Fwp%2Fv2%2Ftags&post=634"},{"taxonomy":"author","embeddable":true,"href":"https:\/\/www.alandalusylahistoria.com\/index.php?rest_route=%2Fwp%2Fv2%2Fcoauthors&post=634"}],"curies":[{"name":"wp","href":"https:\/\/api.w.org\/{rel}","templated":true}]}}