{"id":626,"date":"2018-10-11T18:15:53","date_gmt":"2018-10-11T18:15:53","guid":{"rendered":"http:\/\/www.alandalusylahistoria.com\/?p=626"},"modified":"2018-10-12T06:05:41","modified_gmt":"2018-10-12T06:05:41","slug":"la-orden-de-santiago","status":"publish","type":"post","link":"https:\/\/www.alandalusylahistoria.com\/?p=626","title":{"rendered":"La orden de Santiago"},"content":{"rendered":"\n<h3 class=\"wp-block-heading\" style=\"text-align:center\">La imagen que las \u00f3rdenes militares proyectaban era algo muy importante. Para los musulmanes resultaban temibles, al ser sus miembros tremendamente disciplinados y poseer un esp\u00edritu martirial que les llevaba a exponerse al peligro en las batallas mucho m\u00e1s que el resto de los combatientes cristianos.<\/h3>\n\n\n\n<p class=\"wp-block-paragraph\">\u00abLas \u00f3rdenes militares en la Edad Media: la orden de Santiago\u00bb, conferencia de Carlos de Ayala Mart\u00ednez durante las XVIII Jornadas Medievales de la Pontificia Universidad Cat\u00f3lica de Valpara\u00edso, 29 de agosto de 2014.<\/p>\n\n\n\n<figure class=\"wp-block-embed-youtube wp-block-embed is-type-video is-provider-youtube wp-has-aspect-ratio wp-embed-aspect-16-9\"><div class=\"wp-block-embed__wrapper\">\n<iframe loading=\"lazy\" title=\"XVIII Jornadas Medievales Clase Magistral Doctor Carlos de Ayala (Viernes 29 de agosto 2014)\" width=\"1000\" height=\"563\" src=\"https:\/\/www.youtube.com\/embed\/uZLBgcFW3rk?feature=oembed\" frameborder=\"0\" allow=\"accelerometer; autoplay; encrypted-media; gyroscope; picture-in-picture\" allowfullscreen><\/iframe>\n<\/div><\/figure>\n","protected":false},"excerpt":{"rendered":"<p>La imagen que las \u00f3rdenes militares proyectaban era algo muy importante. Para los musulmanes resultaban temibles, al ser sus miembros tremendamente disciplinados y poseer un esp\u00edritu martirial que les llevaba a exponerse al peligro en las batallas mucho m\u00e1s que el resto de los combatientes cristianos.<\/p>\n","protected":false},"author":11,"featured_media":630,"comment_status":"closed","ping_status":"closed","sticky":false,"template":"","format":"image","meta":{"_crdt_document":"","jetpack_post_was_ever_published":false,"footnotes":""},"categories":[13],"tags":[71,70],"coauthors":[],"class_list":{"0":"post-626","1":"post","2":"type-post","3":"status-publish","4":"format-image","5":"has-post-thumbnail","6":"hentry","7":"category-multimedia","8":"tag-orden-de-santiago","9":"tag-ordenes-militares","10":"post_format-post-format-image","12":"fallback-thumbnail"},"jetpack_featured_media_url":"https:\/\/i0.wp.com\/www.alandalusylahistoria.com\/wp-content\/uploads\/2018\/10\/tumbo_menor_3.jpg?fit=398%2C390&ssl=1","_links":{"self":[{"href":"https:\/\/www.alandalusylahistoria.com\/index.php?rest_route=\/wp\/v2\/posts\/626","targetHints":{"allow":["GET"]}}],"collection":[{"href":"https:\/\/www.alandalusylahistoria.com\/index.php?rest_route=\/wp\/v2\/posts"}],"about":[{"href":"https:\/\/www.alandalusylahistoria.com\/index.php?rest_route=\/wp\/v2\/types\/post"}],"author":[{"embeddable":true,"href":"https:\/\/www.alandalusylahistoria.com\/index.php?rest_route=\/wp\/v2\/users\/11"}],"replies":[{"embeddable":true,"href":"https:\/\/www.alandalusylahistoria.com\/index.php?rest_route=%2Fwp%2Fv2%2Fcomments&post=626"}],"version-history":[{"count":3,"href":"https:\/\/www.alandalusylahistoria.com\/index.php?rest_route=\/wp\/v2\/posts\/626\/revisions"}],"predecessor-version":[{"id":632,"href":"https:\/\/www.alandalusylahistoria.com\/index.php?rest_route=\/wp\/v2\/posts\/626\/revisions\/632"}],"wp:featuredmedia":[{"embeddable":true,"href":"https:\/\/www.alandalusylahistoria.com\/index.php?rest_route=\/wp\/v2\/media\/630"}],"wp:attachment":[{"href":"https:\/\/www.alandalusylahistoria.com\/index.php?rest_route=%2Fwp%2Fv2%2Fmedia&parent=626"}],"wp:term":[{"taxonomy":"category","embeddable":true,"href":"https:\/\/www.alandalusylahistoria.com\/index.php?rest_route=%2Fwp%2Fv2%2Fcategories&post=626"},{"taxonomy":"post_tag","embeddable":true,"href":"https:\/\/www.alandalusylahistoria.com\/index.php?rest_route=%2Fwp%2Fv2%2Ftags&post=626"},{"taxonomy":"author","embeddable":true,"href":"https:\/\/www.alandalusylahistoria.com\/index.php?rest_route=%2Fwp%2Fv2%2Fcoauthors&post=626"}],"curies":[{"name":"wp","href":"https:\/\/api.w.org\/{rel}","templated":true}]}}