{"id":5739,"date":"2026-03-14T12:18:05","date_gmt":"2026-03-14T11:18:05","guid":{"rendered":"https:\/\/www.alandalusylahistoria.com\/?p=5739"},"modified":"2026-03-14T12:18:07","modified_gmt":"2026-03-14T11:18:07","slug":"los-judios-andalusies-en-el-siglo-xi","status":"publish","type":"post","link":"https:\/\/www.alandalusylahistoria.com\/?p=5739","title":{"rendered":"Los jud\u00edos andalus\u00edes en el siglo XI"},"content":{"rendered":"\n<h3 class=\"wp-block-heading has-text-align-center\">En esta conferencia celebrada en el marco del I Congreso Internacional sobre El Cid, la profesora <a href=\"https:\/\/www.alandalusylahistoria.com\/?page_id=4202\" data-type=\"page\" data-id=\"4202\">Adday Hern\u00e1ndez<\/a> nos acerca a la imagen que las fuentes \u00e1rabes nos muestran sobre la posici\u00f3n social y la vida cotidiana de los jud\u00edos en al-Andalus<\/h3>\n\n\n\n<figure class=\"wp-block-embed aligncenter is-type-video is-provider-youtube wp-block-embed-youtube wp-embed-aspect-16-9 wp-has-aspect-ratio\"><div class=\"wp-block-embed__wrapper\">\n<iframe loading=\"lazy\" title=\"Adday Hern\u00e1ndez L\u00f3pez: I Congreso Internacional sobre el Cid\" width=\"1000\" height=\"563\" src=\"https:\/\/www.youtube.com\/embed\/pNZT3ODyHQg?feature=oembed\" frameborder=\"0\" allow=\"accelerometer; autoplay; clipboard-write; encrypted-media; gyroscope; picture-in-picture; web-share\" referrerpolicy=\"strict-origin-when-cross-origin\" allowfullscreen><\/iframe>\n<\/div><\/figure>\n","protected":false},"excerpt":{"rendered":"<p>En esta conferencia celebrada en el marco del I Congreso Internacional sobre El Cid, la profesora Adday Hern\u00e1ndez nos acerca a la imagen que las fuentes \u00e1rabes nos muestran sobre la posici\u00f3n social y la vida cotidiana de los jud\u00edos en al-Andalus<\/p>\n","protected":false},"author":11,"featured_media":5741,"comment_status":"closed","ping_status":"closed","sticky":false,"template":"","format":"standard","meta":{"_crdt_document":"","jetpack_post_was_ever_published":false,"footnotes":""},"categories":[13],"tags":[7,14,336],"coauthors":[262],"class_list":{"0":"post-5739","1":"post","2":"type-post","3":"status-publish","4":"format-standard","5":"has-post-thumbnail","6":"hentry","7":"category-multimedia","8":"tag-dhimmies","9":"tag-judios-en-al-andalus","10":"tag-minorias","12":"fallback-thumbnail"},"jetpack_featured_media_url":"https:\/\/i0.wp.com\/www.alandalusylahistoria.com\/wp-content\/uploads\/2026\/03\/Menorah-Cairo-Genizah-Cambridge-T-S-K513.jpg?fit=680%2C915&ssl=1","_links":{"self":[{"href":"https:\/\/www.alandalusylahistoria.com\/index.php?rest_route=\/wp\/v2\/posts\/5739","targetHints":{"allow":["GET"]}}],"collection":[{"href":"https:\/\/www.alandalusylahistoria.com\/index.php?rest_route=\/wp\/v2\/posts"}],"about":[{"href":"https:\/\/www.alandalusylahistoria.com\/index.php?rest_route=\/wp\/v2\/types\/post"}],"author":[{"embeddable":true,"href":"https:\/\/www.alandalusylahistoria.com\/index.php?rest_route=\/wp\/v2\/users\/11"}],"replies":[{"embeddable":true,"href":"https:\/\/www.alandalusylahistoria.com\/index.php?rest_route=%2Fwp%2Fv2%2Fcomments&post=5739"}],"version-history":[{"count":1,"href":"https:\/\/www.alandalusylahistoria.com\/index.php?rest_route=\/wp\/v2\/posts\/5739\/revisions"}],"predecessor-version":[{"id":5742,"href":"https:\/\/www.alandalusylahistoria.com\/index.php?rest_route=\/wp\/v2\/posts\/5739\/revisions\/5742"}],"wp:featuredmedia":[{"embeddable":true,"href":"https:\/\/www.alandalusylahistoria.com\/index.php?rest_route=\/wp\/v2\/media\/5741"}],"wp:attachment":[{"href":"https:\/\/www.alandalusylahistoria.com\/index.php?rest_route=%2Fwp%2Fv2%2Fmedia&parent=5739"}],"wp:term":[{"taxonomy":"category","embeddable":true,"href":"https:\/\/www.alandalusylahistoria.com\/index.php?rest_route=%2Fwp%2Fv2%2Fcategories&post=5739"},{"taxonomy":"post_tag","embeddable":true,"href":"https:\/\/www.alandalusylahistoria.com\/index.php?rest_route=%2Fwp%2Fv2%2Ftags&post=5739"},{"taxonomy":"author","embeddable":true,"href":"https:\/\/www.alandalusylahistoria.com\/index.php?rest_route=%2Fwp%2Fv2%2Fcoauthors&post=5739"}],"curies":[{"name":"wp","href":"https:\/\/api.w.org\/{rel}","templated":true}]}}