{"id":5710,"date":"2026-02-27T12:08:59","date_gmt":"2026-02-27T11:08:59","guid":{"rendered":"https:\/\/www.alandalusylahistoria.com\/?p=5710"},"modified":"2026-02-27T12:11:55","modified_gmt":"2026-02-27T11:11:55","slug":"historia-bereber","status":"publish","type":"post","link":"https:\/\/www.alandalusylahistoria.com\/?p=5710","title":{"rendered":"Historia ber\u00e9ber"},"content":{"rendered":"\n<h3 class=\"wp-block-heading has-text-align-center\">La profesora <a href=\"https:\/\/uah.academia.edu\/HelenadeFelipe\" target=\"_blank\" rel=\"noreferrer noopener\">Helena de Felipe<\/a> (Universidad de Alcal\u00e1 de Henares) nos habla en esta entrevista realizada por <a href=\"https:\/\/directorio.ugr.es\/static\/PersonalUGR\/*\/show\/125171c7659de9c4a66ed60882fc80f2\" target=\"_blank\" rel=\"noreferrer noopener\">Bilal Sarr<\/a> (Universidad de Granada) sobre su trayectoria acad\u00e9mica, sus principales maestros y el estado de la historiograf\u00eda sobre ber\u00e9beres en la Edad Media y el periodo colonial<\/h3>\n\n\n\n<figure class=\"wp-block-embed aligncenter is-type-video is-provider-youtube wp-block-embed-youtube wp-embed-aspect-16-9 wp-has-aspect-ratio\"><div class=\"wp-block-embed__wrapper\">\n<iframe loading=\"lazy\" title=\"3. Entrevista a Helena de Felipe.\" width=\"1000\" height=\"563\" src=\"https:\/\/www.youtube.com\/embed\/Lm5Vl4we93o?feature=oembed\" frameborder=\"0\" allow=\"accelerometer; autoplay; clipboard-write; encrypted-media; gyroscope; picture-in-picture; web-share\" referrerpolicy=\"strict-origin-when-cross-origin\" allowfullscreen><\/iframe>\n<\/div><\/figure>\n","protected":false},"excerpt":{"rendered":"<p>La profesora Helena de Felipe (Universidad de Alcal\u00e1 de Henares) nos habla en esta entrevista realizada por Bilal Sarr (Universidad de Granada) sobre su trayectoria acad\u00e9mica, sus principales maestros y el estado de la historiograf\u00eda sobre ber\u00e9beres en la Edad Media y el periodo colonial<\/p>\n","protected":false},"author":11,"featured_media":5712,"comment_status":"closed","ping_status":"closed","sticky":false,"template":"","format":"standard","meta":{"_crdt_document":"","jetpack_post_was_ever_published":false,"footnotes":""},"categories":[13],"tags":[234,37],"coauthors":[262],"class_list":{"0":"post-5710","1":"post","2":"type-post","3":"status-publish","4":"format-standard","5":"has-post-thumbnail","6":"hentry","7":"category-multimedia","8":"tag-bereberes","9":"tag-historiografia","11":"fallback-thumbnail"},"jetpack_featured_media_url":"https:\/\/i0.wp.com\/www.alandalusylahistoria.com\/wp-content\/uploads\/2026\/02\/Granada_Alhambra.jpg?fit=866%2C1298&ssl=1","_links":{"self":[{"href":"https:\/\/www.alandalusylahistoria.com\/index.php?rest_route=\/wp\/v2\/posts\/5710","targetHints":{"allow":["GET"]}}],"collection":[{"href":"https:\/\/www.alandalusylahistoria.com\/index.php?rest_route=\/wp\/v2\/posts"}],"about":[{"href":"https:\/\/www.alandalusylahistoria.com\/index.php?rest_route=\/wp\/v2\/types\/post"}],"author":[{"embeddable":true,"href":"https:\/\/www.alandalusylahistoria.com\/index.php?rest_route=\/wp\/v2\/users\/11"}],"replies":[{"embeddable":true,"href":"https:\/\/www.alandalusylahistoria.com\/index.php?rest_route=%2Fwp%2Fv2%2Fcomments&post=5710"}],"version-history":[{"count":3,"href":"https:\/\/www.alandalusylahistoria.com\/index.php?rest_route=\/wp\/v2\/posts\/5710\/revisions"}],"predecessor-version":[{"id":5717,"href":"https:\/\/www.alandalusylahistoria.com\/index.php?rest_route=\/wp\/v2\/posts\/5710\/revisions\/5717"}],"wp:featuredmedia":[{"embeddable":true,"href":"https:\/\/www.alandalusylahistoria.com\/index.php?rest_route=\/wp\/v2\/media\/5712"}],"wp:attachment":[{"href":"https:\/\/www.alandalusylahistoria.com\/index.php?rest_route=%2Fwp%2Fv2%2Fmedia&parent=5710"}],"wp:term":[{"taxonomy":"category","embeddable":true,"href":"https:\/\/www.alandalusylahistoria.com\/index.php?rest_route=%2Fwp%2Fv2%2Fcategories&post=5710"},{"taxonomy":"post_tag","embeddable":true,"href":"https:\/\/www.alandalusylahistoria.com\/index.php?rest_route=%2Fwp%2Fv2%2Ftags&post=5710"},{"taxonomy":"author","embeddable":true,"href":"https:\/\/www.alandalusylahistoria.com\/index.php?rest_route=%2Fwp%2Fv2%2Fcoauthors&post=5710"}],"curies":[{"name":"wp","href":"https:\/\/api.w.org\/{rel}","templated":true}]}}