{"id":5678,"date":"2026-01-30T10:00:00","date_gmt":"2026-01-30T09:00:00","guid":{"rendered":"https:\/\/www.alandalusylahistoria.com\/?p=5678"},"modified":"2026-03-06T11:12:07","modified_gmt":"2026-03-06T10:12:07","slug":"desastres-naturales-y-politicos-e-imaginacion-medioambiental-y-apocaliptica-en-al-andalus-y-mas-alla","status":"publish","type":"post","link":"https:\/\/www.alandalusylahistoria.com\/?p=5678","title":{"rendered":"Desastres naturales y pol\u00edticos en al-Andalus y m\u00e1s all\u00e1"},"content":{"rendered":"\n<h3 class=\"wp-block-heading has-text-align-center\">En la cosmovisi\u00f3n medieval, las cat\u00e1strofes naturales y las cat\u00e1strofes pol\u00edticas, como la p\u00e9rdida de al-Andalus, fueron narradas como un fen\u00f3meno singular y hol\u00edstico. Los autores utilizaron el imaginario natural como un dispositivo afectivo capaz de generar emociones. Los paisajes textuales resultantes no eran simples reflejos geogr\u00e1ficos, sino terrenos emocionalmente codificados. Este patr\u00f3n mediterr\u00e1neo de narrar la cat\u00e1strofe como pedagog\u00eda divina (castigo por los pecados de la comunidad) se extiende m\u00e1s all\u00e1 de al-Andalus, se\u00f1alando una epistemolog\u00eda medieval compartida donde los \u00f3rdenes natural, pol\u00edtico y moral est\u00e1n inextricablemente ligados.<\/h3>\n\n\n\n<hr class=\"wp-block-separator has-text-color has-light-gray-blue-color has-alpha-channel-opacity has-light-gray-blue-background-color has-background\"\/>\n\n\n\n<h4 class=\"wp-block-heading has-text-align-center\"><a href=\"https:\/\/produccioncientifica.ugr.es\/investigadores\/1354419\/detalle\">Javier Albarr\u00e1n<\/a><br>Universidad de Granada<\/h4>\n\n\n\n<hr class=\"wp-block-separator has-text-color has-light-gray-blue-color has-alpha-channel-opacity has-light-gray-blue-background-color has-background\"\/>\n\n\n\n<figure class=\"wp-block-image alignwide size-large\"><img data-recalc-dims=\"1\" loading=\"lazy\" decoding=\"async\" width=\"1000\" height=\"563\" src=\"https:\/\/i0.wp.com\/www.alandalusylahistoria.com\/wp-content\/uploads\/2026\/01\/Imagen-1.jpg?resize=1000%2C563&#038;ssl=1\" alt=\"\" class=\"wp-image-5683\" srcset=\"https:\/\/i0.wp.com\/www.alandalusylahistoria.com\/wp-content\/uploads\/2026\/01\/Imagen-1.jpg?resize=1024%2C576&amp;ssl=1 1024w, https:\/\/i0.wp.com\/www.alandalusylahistoria.com\/wp-content\/uploads\/2026\/01\/Imagen-1.jpg?resize=300%2C169&amp;ssl=1 300w, https:\/\/i0.wp.com\/www.alandalusylahistoria.com\/wp-content\/uploads\/2026\/01\/Imagen-1.jpg?resize=768%2C432&amp;ssl=1 768w, https:\/\/i0.wp.com\/www.alandalusylahistoria.com\/wp-content\/uploads\/2026\/01\/Imagen-1.jpg?resize=1536%2C863&amp;ssl=1 1536w, https:\/\/i0.wp.com\/www.alandalusylahistoria.com\/wp-content\/uploads\/2026\/01\/Imagen-1.jpg?w=1964&amp;ssl=1 1964w\" sizes=\"auto, (max-width: 1000px) 100vw, 1000px\" \/><figcaption class=\"wp-element-caption\"><a href=\"https:\/\/www.abc.es\/sevilla\/ciudad\/20150304\/sevi-sevilla-cumple-riada-201503032153.html?ref=https%3A%2F%2Fwww.google.com%2F\">Inundaciones en Sevilla, 1947<\/a>.<\/figcaption><\/figure>\n\n\n\n<hr class=\"wp-block-separator has-text-color has-light-gray-blue-color has-alpha-channel-opacity has-light-gray-blue-background-color has-background\"\/>\n\n\n\n<p class=\"wp-block-paragraph\">El estudio de la historia a menudo separa cuidadosamente las cat\u00e1strofes causadas por la naturaleza (terremotos, sequ\u00edas, inundaciones\u2026) de los desastres pol\u00edticos y militares (guerras, derrotas, p\u00e9rdidas territoriales\u2026). Sin embargo, para los autores medievales, estos dos \u00e1mbitos estaban profundamente entrelazados en una misma visi\u00f3n cosmol\u00f3gica e hist\u00f3rica. Este art\u00edculo explora c\u00f3mo la derrota militar y la p\u00e9rdida de territorio, como la sufrida en al-Andalus, fueron narradas y percibidas a trav\u00e9s del prisma de las cat\u00e1strofes naturales, funcionando como un lenguaje com\u00fan para expresar el trauma y la desintegraci\u00f3n social.<\/p>\n\n\n\n<p class=\"wp-block-paragraph\">Este texto se centra en la relaci\u00f3n entre los fen\u00f3menos naturales y los eventos sociopol\u00edticos en la imaginaci\u00f3n, el discurso y el pensamiento hist\u00f3rico de los autores isl\u00e1micos medievales, poni\u00e9ndolos en relaci\u00f3n con su contexto mediterr\u00e1neo y examinando c\u00f3mo la p\u00e9rdida territorial y las emociones que esta generaba (trauma y miedo) se representaban mediante referencias a desastres naturales, fueran estos reales o imaginados.<\/p>\n\n\n\n<h2 class=\"wp-block-heading\">El v\u00ednculo entre lo natural y lo pol\u00edtico<\/h2>\n\n\n\n<p class=\"wp-block-paragraph\">La producci\u00f3n textual medieval est\u00e1 repleta de ejemplos que vinculan estrechamente los fen\u00f3menos naturales (especialmente, aunque no exclusivamente, los desastres) con los eventos sociopol\u00edticos. En \u00e1rabe, un \u201cdesastre\u201d puede expresarse mediante <em>k\u0101ritha<\/em>, cuyo sentido se asocia a la idea de causar angustia, aflicci\u00f3n o una gran calamidad, o mediante <em>mu\u1e63\u012bba<\/em>, literalmente \u201caquello que golpea o acontece\u201d, y que designa un infortunio, desgracia o adversidad sobrevenida. Se defin\u00eda como un evento repentino e imprevisto que provocaba cambios significativos.<\/p>\n\n\n\n<p class=\"wp-block-paragraph\">En ocasiones, los fen\u00f3menos naturales eran presentados como la causa o el antecedente directo de sucesos pol\u00edticos. Por ejemplo, el cronista de Fez, Ibn Ab\u012b Zar\u02bf, registr\u00f3 que en el a\u00f1o 1078\u20139, un eclipse solar sin precedentes coincidi\u00f3 con la toma de Coria por el rey Alfonso de Castilla. De manera similar, en el Mediterr\u00e1neo oriental, el cronista bizantino Te\u00f3fanes el Confesor relat\u00f3 que un terremoto, junto con un signo celestial en forma de viga o espada que dur\u00f3 treinta d\u00edas, predijo la conquista isl\u00e1mica de Palestina en el a\u00f1o 634.<\/p>\n\n\n<div class=\"wp-block-image\">\n<figure class=\"aligncenter size-full\"><img data-recalc-dims=\"1\" loading=\"lazy\" decoding=\"async\" width=\"398\" height=\"514\" src=\"https:\/\/i0.wp.com\/www.alandalusylahistoria.com\/wp-content\/uploads\/2026\/01\/Antoine_Caron_Astronomers_Studying_an_Eclipse.jpg?resize=398%2C514&#038;ssl=1\" alt=\"\" class=\"wp-image-5681\" srcset=\"https:\/\/i0.wp.com\/www.alandalusylahistoria.com\/wp-content\/uploads\/2026\/01\/Antoine_Caron_Astronomers_Studying_an_Eclipse.jpg?w=398&amp;ssl=1 398w, https:\/\/i0.wp.com\/www.alandalusylahistoria.com\/wp-content\/uploads\/2026\/01\/Antoine_Caron_Astronomers_Studying_an_Eclipse.jpg?resize=232%2C300&amp;ssl=1 232w\" sizes=\"auto, (max-width: 398px) 100vw, 398px\" \/><figcaption class=\"wp-element-caption\">Antoine Caron, <em>Astr\u00f3nomos observando un eclipse solar (1570-80)<\/em>. Paul Getty Museum, Los \u00c1ngeles.<\/figcaption><\/figure>\n<\/div>\n\n\n<hr class=\"wp-block-separator has-text-color has-light-gray-blue-color has-alpha-channel-opacity has-light-gray-blue-background-color has-background\"\/>\n\n\n\n<p class=\"wp-block-paragraph\">Otros fen\u00f3menos naturales no solo coincid\u00edan, sino que jugaban un papel activo en la resoluci\u00f3n de asuntos pol\u00edticos. Un terremoto destruy\u00f3 la mitad de una de las torres de Latakia (Siria) en 1287, facilitando la conquista musulmana, lo que llev\u00f3 a los cruzados a creer que los musulmanes hab\u00edan sido ayudados por un \u00e1ngel y el se\u00edsmo. Tambi\u00e9n se registraron casos de fen\u00f3menos naturales que precipitaron victorias isl\u00e1micas, como el terremoto que dispers\u00f3 a los cruzados mientras el gobernante de Egipto, Ibn Ruzz\u012bk, enviaba un ej\u00e9rcito en 1158. Incluso un terrible torbellino surgido en el centro del campo de batalla en Ager Sanguinis (1119) fue interpretado por el historiador cruzado Guillermo de Tiro como la causa de la victoria isl\u00e1mica, al cegar a ambos ej\u00e9rcitos y tener la apariencia de una \u201cenorme jarra ardiendo con llamas sulfurosas\u201d.<\/p>\n\n\n\n<p class=\"wp-block-paragraph\">Inversamente, los desastres naturales eran a menudo interpretados como consecuencias directas de eventos pol\u00edticos. El propio Ibn Ruzz\u012bk afirm\u00f3 que el terremoto de Siria del a\u00f1o 1153 ocurri\u00f3 debido a que el islam hab\u00eda perdido Jerusal\u00e9n ante los cruzados, lo que hab\u00eda permitido que \u201ccerdos y vino morasen en ella\u201d y que \u201cla cruz y la campana reinaran all\u00ed\u201d. La destrucci\u00f3n de Bagdad por los mongoles tambi\u00e9n se vincul\u00f3 con incendios, inundaciones y terremotos en el Hiyaz.<\/p>\n\n\n<div class=\"wp-block-image\">\n<figure class=\"aligncenter size-full\"><img data-recalc-dims=\"1\" loading=\"lazy\" decoding=\"async\" width=\"861\" height=\"633\" src=\"https:\/\/i0.wp.com\/www.alandalusylahistoria.com\/wp-content\/uploads\/2026\/01\/Battle-of-Ager-Sanguinis.jpg?resize=861%2C633&#038;ssl=1\" alt=\"\" class=\"wp-image-5682\" srcset=\"https:\/\/i0.wp.com\/www.alandalusylahistoria.com\/wp-content\/uploads\/2026\/01\/Battle-of-Ager-Sanguinis.jpg?w=861&amp;ssl=1 861w, https:\/\/i0.wp.com\/www.alandalusylahistoria.com\/wp-content\/uploads\/2026\/01\/Battle-of-Ager-Sanguinis.jpg?resize=300%2C221&amp;ssl=1 300w, https:\/\/i0.wp.com\/www.alandalusylahistoria.com\/wp-content\/uploads\/2026\/01\/Battle-of-Ager-Sanguinis.jpg?resize=768%2C565&amp;ssl=1 768w\" sizes=\"auto, (max-width: 861px) 100vw, 861px\" \/><figcaption class=\"wp-element-caption\">Batalla de Ager Sanguinis. Miniatura del manuscrito Fran\u00e7ais 22495, BNF.<\/figcaption><\/figure>\n<\/div>\n\n\n<hr class=\"wp-block-separator has-text-color has-light-gray-blue-color has-alpha-channel-opacity has-light-gray-blue-background-color has-background\"\/>\n\n\n\n<p class=\"wp-block-paragraph\">El concepto de cat\u00e1strofe abarcaba la guerra y la naturaleza por igual. Al-Maqr\u012bz\u012b, un pol\u00edgrafo del Egipto mameluco, compar\u00f3 el efecto destructivo de un terremoto (entendido como un acto divino) con el de un ataque enemigo, enfatizando que quien viera la ciudad de El Cairo despu\u00e9s del se\u00edsmo de 1303 pensar\u00eda que una fuerza hostil la hab\u00eda arrasado.<\/p>\n\n\n\n<h2 class=\"wp-block-heading\">Manifestaci\u00f3n del poder divino: el discurso providencial<\/h2>\n\n\n\n<p class=\"wp-block-paragraph\">Detr\u00e1s de esta visi\u00f3n interconectada del mundo subyac\u00eda la creencia fundamental de que Dios es la causa de toda acci\u00f3n. En esta perspectiva providencial de la historia, con ra\u00edces en el Antiguo Testamento, tanto las cat\u00e1strofes naturales como las derrotas militares se entend\u00edan principalmente como castigos divinos, medidas correctivas para los pecados humanos.<\/p>\n\n\n\n<p class=\"wp-block-paragraph\">Los males eran vistos como expresiones de una ira divina justificada. Por ejemplo, el califa omeya \u02bfAbd al-Ra\u1e25m\u0101n III (m. 961) instruy\u00f3 a sus gobernadores, durante una sequ\u00eda severa, a ofrecer oraciones por la lluvia, exhort\u00e1ndolos al arrepentimiento por los \u201cerrores que han provocado Su ira\u201d. A principios del siglo XII, el erudito andalus\u00ed al-\u1e6cur\u1e6d\u016bsh\u012b reforz\u00f3 esta idea, citando en su espejo de pr\u00edncipes una tradici\u00f3n prof\u00e9tica: \u201cLos reptiles morir\u00e1n agotados por los pecados de los hombres\u201d, explicando que, si los humanos comet\u00edan muchas transgresiones, los cielos reten\u00edan la lluvia y la tierra dejaba de producir vegetaci\u00f3n.<\/p>\n\n\n\n<p class=\"wp-block-paragraph\">La derrota militar era interpretada con una l\u00f3gica comparable. El campo de batalla era el escenario ideal para que Dios castigara a Sus creyentes pecadores. La ca\u00edda de Barbastro en el 1064, un evento que hizo que \u201cla tierra de al-Andalus temblara\u201d, fue atribuida por Ibn \u02bfAbd al-Barr a la pecaminosidad musulmana, especialmente al estado de <em>fitna<\/em> (fragmentaci\u00f3n y desuni\u00f3n de la <em>umma<\/em>). El poeta \u02bfAbdall\u0101h b. al-\u02bfAss\u0101l (m. 1094) expres\u00f3 un sentimiento similar sobre Barbastro: \u201cSi los musulmanes no hubieran cometido pecados graves, ni un solo caballero cristiano habr\u00eda triunfado sobre ellos: \u00a1son los pecados los que han causado todo el da\u00f1o!\u201d. Incluso la derrota almohade en Huete (1172) fue interpretada como el resultado de una <em>niyya<\/em> (intenci\u00f3n) corrompida, y se dice que Dios respondi\u00f3 a las oraciones de los cristianos sedientos enviando lluvia.<\/p>\n\n\n\n<p class=\"wp-block-paragraph\">Este patr\u00f3n de castigo tambi\u00e9n se aplicaba a los no creyentes. Ab\u016b Sh\u0101ma document\u00f3 un terremoto en 1170 que, aunque afect\u00f3 a los musulmanes, fue especialmente destructivo para los cruzados, ya que ocurri\u00f3 en un d\u00eda festivo mientras estaban reunidos en iglesias que se derrumbaron sobre ellos. Este evento fue visto como un signo para los monote\u00edstas.<\/p>\n\n\n<div class=\"wp-block-image\">\n<figure class=\"aligncenter size-full\"><img loading=\"lazy\" decoding=\"async\" width=\"1000\" height=\"869\" src=\"https:\/\/www.alandalusylahistoria.com\/wp-content\/uploads\/2026\/01\/file-20230215-21-pl37m9-1.avif\" alt=\"\" class=\"wp-image-5686\" srcset=\"https:\/\/www.alandalusylahistoria.com\/wp-content\/uploads\/2026\/01\/file-20230215-21-pl37m9-1.avif 1000w, https:\/\/www.alandalusylahistoria.com\/wp-content\/uploads\/2026\/01\/file-20230215-21-pl37m9-1-300x261.avif 300w, https:\/\/www.alandalusylahistoria.com\/wp-content\/uploads\/2026\/01\/file-20230215-21-pl37m9-1-768x667.avif 768w\" sizes=\"auto, (max-width: 1000px) 100vw, 1000px\" \/><figcaption class=\"wp-element-caption\">Representaci\u00f3n de un terremoto en un manuscrito del Apocalipsis (s. XIV). British Library.<\/figcaption><\/figure>\n<\/div>\n\n\n<hr class=\"wp-block-separator has-text-color has-light-gray-blue-color has-alpha-channel-opacity has-light-gray-blue-background-color has-background\"\/>\n\n\n\n<h2 class=\"wp-block-heading\">El poder del arrepentimiento<\/h2>\n\n\n\n<p class=\"wp-block-paragraph\">Dentro de este marco, la \u00fanica v\u00eda para obtener la misericordia divina era a trav\u00e9s del arrepentimiento, los actos piadosos y los rituales comunitarios. Como las cat\u00e1strofes indicaban una ruptura en la relaci\u00f3n con Dios, la soluci\u00f3n radicaba en restablecer ese v\u00ednculo. Al-\u1e6cur\u1e6d\u016bsh\u012b aconsejaba: \u201cPedid perd\u00f3n a vuestro Se\u00f1or, porque \u00c9l es el m\u00e1s perdonador; \u00c9l os enviar\u00e1 lluvia abundante de los cielos\u201d.<\/p>\n\n\n\n<p class=\"wp-block-paragraph\">La penitencia colectiva era crucial. En el a\u00f1o 920, cuando vientos violentos y oscuridad envolvieron Fez, la poblaci\u00f3n se arrepinti\u00f3, llen\u00f3 las mezquitas y corrigi\u00f3 sus transgresiones. De manera m\u00e1s dram\u00e1tica, en Mosul (1179\u201380), durante una sequ\u00eda y hambruna, el pueblo protest\u00f3 contra el gobernador de la ciudad, exigi\u00e9ndole que prohibiera la venta de vino antes de rezar por la lluvia. \u00c9l accedi\u00f3, y atacaron las casas de los vendedores de vino.<\/p>\n\n\n\n<p class=\"wp-block-paragraph\">La figura del gobernante justo era vista como un instrumento de la misericordia divina. El poeta al-\u1e6cur\u1e6d\u016bsh\u012b compar\u00f3 la autoridad soberana con la lluvia, se\u00f1alando que el pueblo anhela un rey justo con la misma intensidad con que desea la lluvia tras una sequ\u00eda prolongada. La llegada de un gobernante justo pod\u00eda ser vista como una lluvia salvadora, como ocurri\u00f3 con el sult\u00e1n N\u016br al-D\u012bn en Baalbek, cuya presencia coincidi\u00f3 con el fin de una sequ\u00eda prolongada. En al-Andalus, el emir almor\u00e1vide Y\u016bsuf b. T\u0101shuf\u012bn fue descrito como \u201cuna lluvia misericordiosa enviada por Dios a al-Andalus\u201d. Incluso la muerte de un rebelde contra los omeyas de C\u00f3rdoba, como Sulaym\u0101n b. \u02bfUmar b. \u1e24af\u1e63\u016bn, pod\u00eda provocar la clemencia divina en forma de lluvia que purificaba la tierra no solo de la sequ\u00eda, sino tambi\u00e9n de la impureza del traidor.<\/p>\n\n\n\n<figure class=\"wp-block-image size-large\"><img data-recalc-dims=\"1\" loading=\"lazy\" decoding=\"async\" width=\"1000\" height=\"647\" src=\"https:\/\/i0.wp.com\/www.alandalusylahistoria.com\/wp-content\/uploads\/2026\/01\/Otto_Pilny_Morning_Prayers.jpg?resize=1000%2C647&#038;ssl=1\" alt=\"\" class=\"wp-image-5687\" srcset=\"https:\/\/i0.wp.com\/www.alandalusylahistoria.com\/wp-content\/uploads\/2026\/01\/Otto_Pilny_Morning_Prayers.jpg?resize=1024%2C663&amp;ssl=1 1024w, https:\/\/i0.wp.com\/www.alandalusylahistoria.com\/wp-content\/uploads\/2026\/01\/Otto_Pilny_Morning_Prayers.jpg?resize=300%2C194&amp;ssl=1 300w, https:\/\/i0.wp.com\/www.alandalusylahistoria.com\/wp-content\/uploads\/2026\/01\/Otto_Pilny_Morning_Prayers.jpg?resize=768%2C497&amp;ssl=1 768w, https:\/\/i0.wp.com\/www.alandalusylahistoria.com\/wp-content\/uploads\/2026\/01\/Otto_Pilny_Morning_Prayers.jpg?resize=1536%2C994&amp;ssl=1 1536w, https:\/\/i0.wp.com\/www.alandalusylahistoria.com\/wp-content\/uploads\/2026\/01\/Otto_Pilny_Morning_Prayers.jpg?resize=2048%2C1326&amp;ssl=1 2048w\" sizes=\"auto, (max-width: 1000px) 100vw, 1000px\" \/><figcaption class=\"wp-element-caption\">Otto Pilny (m. 1936), <em>Morning prayer<\/em>. Wikimedia Commons.<\/figcaption><\/figure>\n\n\n\n<hr class=\"wp-block-separator has-text-color has-light-gray-blue-color has-alpha-channel-opacity has-light-gray-blue-background-color has-background\"\/>\n\n\n\n<h2 class=\"wp-block-heading\">El lenguaje compartido del miedo y la angustia<\/h2>\n\n\n\n<p class=\"wp-block-paragraph\">Las narrativas de desastres naturales y cat\u00e1strofes pol\u00edticas compart\u00edan una simbolog\u00eda y un vocabulario emocional com\u00fan. Un tema recurrente era el deshonor de las mujeres, un recurso ret\u00f3rico utilizado para personificar y dramatizar el colapso de la sociedad isl\u00e1mica. Tras la ca\u00edda de Barbastro, Ibn \u02bfAbd al-Barr lament\u00f3 el \u201csaqueo de posesiones atesoradas, el deshonor de esposas veladas e hijas bien custodiadas, todo lo que la modestia hab\u00eda ocultado expuesto a la vista p\u00fablica\u201d.<\/p>\n\n\n\n<p class=\"wp-block-paragraph\">Este mismo motivo aparec\u00eda en las descripciones de cat\u00e1strofes naturales. Durante el gran incendio del Cairo en 1321 o el terremoto de 1303, se relat\u00f3 que las mujeres se vieron obligadas a aparecer en p\u00fablico sin velo, un acto que simbolizaba la desintegraci\u00f3n social y el impacto devastador del desastre. Las mujeres eran representadas como figuras pasivas, emblemas de una comunidad cuya inviolabilidad hab\u00eda sido quebrantada.<\/p>\n\n\n\n<p class=\"wp-block-paragraph\">El miedo en s\u00ed mismo era un topos com\u00fan. El miedo a un enemigo o a un terremoto se describ\u00edan de manera similar. Por ejemplo, Ibn \u02bfIdh\u0101r\u012b narr\u00f3 que, tras un violento terremoto en C\u00f3rdoba en el 944, la gente estaba \u201caterrorizada y se apresur\u00f3 a las mezquitas, llorando y orando\u201d. La ansiedad y el terror se localizaban a menudo en el coraz\u00f3n. Este miedo estaba profundamente ligado a la dimensi\u00f3n escatol\u00f3gica. En el Cor\u00e1n y la Sunna, los desastres naturales se entend\u00edan como se\u00f1ales del fin de los tiempos. Tras una tormenta de arena en Irak (1179\u201380), la oscuridad fue tal que la gente pens\u00f3 que el D\u00eda del Juicio hab\u00eda llegado, lo que provoc\u00f3 un arrepentimiento masivo.<\/p>\n\n\n<div class=\"wp-block-image\">\n<figure class=\"aligncenter size-full\"><img data-recalc-dims=\"1\" loading=\"lazy\" decoding=\"async\" width=\"442\" height=\"700\" src=\"https:\/\/i0.wp.com\/www.alandalusylahistoria.com\/wp-content\/uploads\/2026\/01\/13441566.0044.004-00000004.jpg?resize=442%2C700&#038;ssl=1\" alt=\"\" class=\"wp-image-5691\" srcset=\"https:\/\/i0.wp.com\/www.alandalusylahistoria.com\/wp-content\/uploads\/2026\/01\/13441566.0044.004-00000004.jpg?w=442&amp;ssl=1 442w, https:\/\/i0.wp.com\/www.alandalusylahistoria.com\/wp-content\/uploads\/2026\/01\/13441566.0044.004-00000004.jpg?resize=189%2C300&amp;ssl=1 189w\" sizes=\"auto, (max-width: 442px) 100vw, 442px\" \/><figcaption class=\"wp-element-caption\">La conjunci\u00f3n del sol y la luna en el D\u00eda del Juicio. <em>A\u1e25w\u0101l al-Qiy\u0101m<\/em>a (Las condiciones de la Resurrecci\u00f3n), s. XVI. Staatsbibliothek zu Berlin, Ms. Or. Oct. 1596, f. 26v.<\/figcaption><\/figure>\n<\/div>\n\n\n<hr class=\"wp-block-separator has-text-color has-light-gray-blue-color has-alpha-channel-opacity has-light-gray-blue-background-color has-background\"\/>\n\n\n\n<p class=\"wp-block-paragraph\">Las derrotas militares se interpretaron bajo la misma lente apocal\u00edptica. La entrada de las fuerzas aragonesas en Mallorca en 1229 fue descrita por Ibn \u02bfAm\u012bra como \u201cuno de los d\u00edas m\u00e1s agonizantes para alcanzar la salvaci\u00f3n, y su terror se parec\u00eda m\u00e1s al D\u00eda de la Resurrecci\u00f3n\u201d. La ret\u00f3rica escatol\u00f3gica, que describ\u00eda nodrizas olvidando a sus hijos y mujeres embarazadas abortando, se usaba expl\u00edcitamente en la carta sobre la ca\u00edda de Barbastro, citando versos cor\u00e1nicos que describen los signos del fin de los tiempos (C. 80:37 y C. 22:2). Este terror escatol\u00f3gico, a su vez, ten\u00eda un valor espiritual, pues el miedo a la condenaci\u00f3n y al juicio divino pod\u00eda conducir a un arrepentimiento sincero y a la correcci\u00f3n de la conducta religiosa.<\/p>\n\n\n\n<h2 class=\"wp-block-heading\">Paisajes de ansiedad y consuelo<\/h2>\n\n\n\n<p class=\"wp-block-paragraph\">La unificaci\u00f3n de las cat\u00e1strofes naturales y pol\u00edticas en un mismo marco epistemol\u00f3gico condujo a la construcci\u00f3n de un paisaje simb\u00f3lico compartido de terror y p\u00e9rdida, un <em>locus horribilis<\/em>. El concepto de paisaje aqu\u00ed no es solo f\u00edsico, sino una forma de percepci\u00f3n culturalmente construida de ver el mundo. Las fuentes musulmanas reflejaban el paisaje de la derrota militar mediante im\u00e1genes de desastres ambientales. La p\u00e9rdida de Zaragoza (1118) fue interpretada como un <em>\u1e25ukm All\u0101h<\/em> (juicio de Dios) ejecutado por un ej\u00e9rcito cristiano representado como una plaga de langostas y hormigas. Ibn \u02bfAbd al-Barr, en su lamento por Barbastro, describi\u00f3 el retroceso territorial de al-Andalus como un volc\u00e1n cuyas chispas volaban en todas direcciones y un diluvio cuya terrible lluvia ca\u00eda sin descanso. Este lenguaje fusionaba la amenaza pol\u00edtica con la amenaza natural, situando ambas experiencias bajo el mismo cielo de castigo divino.<\/p>\n\n\n\n<p class=\"wp-block-paragraph\">Frente al paisaje de la cat\u00e1strofe y el miedo, los autores andalus\u00edes construyeron una estrategia ret\u00f3rica de resistencia: un paisaje de consuelo, memoria e idealizaci\u00f3n. Al-Andalus fue reimaginado, principalmente a trav\u00e9s de la imagen del jard\u00edn y el Para\u00edso. Este <em>locus amoenus<\/em>, o lugar agradable, beb\u00eda de la tradici\u00f3n cl\u00e1sica y b\u00edblica, vinculando los espacios verdes con agua fluida y el concepto isl\u00e1mico de Para\u00edso. Esta idealizaci\u00f3n se intensific\u00f3 precisamente durante el declive territorial.<\/p>\n\n\n\n<p class=\"wp-block-paragraph\">El poeta Ibn Jaf\u0101ja (m. 1138) elev\u00f3 esta met\u00e1fora al extremo, describiendo a la gente de al-Andalus como bendecida por Dios, con sus \u201caguas, sombra, r\u00edos y \u00e1rboles\u201d. Lleg\u00f3 a afirmar que \u201cno hay Jard\u00edn del Para\u00edso excepto en vuestras moradas\u201d, sugiriendo que la vida en al-Andalus superaba la promesa celestial. Ibn \u02bfAm\u012bra, tras la ca\u00edda de Valencia, lament\u00f3 la p\u00e9rdida de los \u201cprados y su rica vegetaci\u00f3n, los arroyos y la vegetaci\u00f3n de sus riberas\u201d, refiri\u00e9ndose a su ciudad natal, Alcira, como \u201cun para\u00edso a trav\u00e9s del cual All\u0101h ha hecho fluir un r\u00edo\u201d, una referencia directa a las descripciones cor\u00e1nicas del Ed\u00e9n (C. 2:25; C. 18:31).<\/p>\n\n\n<div class=\"wp-block-image\">\n<figure class=\"aligncenter size-large\"><img data-recalc-dims=\"1\" loading=\"lazy\" decoding=\"async\" width=\"1000\" height=\"958\" src=\"https:\/\/i0.wp.com\/www.alandalusylahistoria.com\/wp-content\/uploads\/2026\/01\/Maler_der_Geschichte_von_Bayad_und_Riyad_001.jpg?resize=1000%2C958&#038;ssl=1\" alt=\"\" class=\"wp-image-5689\" srcset=\"https:\/\/i0.wp.com\/www.alandalusylahistoria.com\/wp-content\/uploads\/2026\/01\/Maler_der_Geschichte_von_Bayad_und_Riyad_001.jpg?resize=1024%2C981&amp;ssl=1 1024w, https:\/\/i0.wp.com\/www.alandalusylahistoria.com\/wp-content\/uploads\/2026\/01\/Maler_der_Geschichte_von_Bayad_und_Riyad_001.jpg?resize=300%2C287&amp;ssl=1 300w, https:\/\/i0.wp.com\/www.alandalusylahistoria.com\/wp-content\/uploads\/2026\/01\/Maler_der_Geschichte_von_Bayad_und_Riyad_001.jpg?resize=768%2C736&amp;ssl=1 768w, https:\/\/i0.wp.com\/www.alandalusylahistoria.com\/wp-content\/uploads\/2026\/01\/Maler_der_Geschichte_von_Bayad_und_Riyad_001.jpg?w=1280&amp;ssl=1 1280w\" sizes=\"auto, (max-width: 1000px) 100vw, 1000px\" \/><figcaption class=\"wp-element-caption\">Representaci\u00f3n de una almunia. Manuscrito del Hadith Bayad wa Riyad (s. XIII). Bibliotheca Apostolica, manuscrito Vaticano arabo 368, f. 19r. Wikimedia Commons.<\/figcaption><\/figure>\n<\/div>\n\n\n<hr class=\"wp-block-separator has-text-color has-light-gray-blue-color has-alpha-channel-opacity has-light-gray-blue-background-color has-background\"\/>\n\n\n\n<p class=\"wp-block-paragraph\">Igualmente, la memoria actuaba como una herramienta de consuelo, creando un contrapresente que contrastaba las tribulaciones actuales con una edad de oro pasada. Ante la opresi\u00f3n, Ibn \u02bfAm\u012bra evocaba las victorias de M\u016bs\u0101 b. Nu\u1e63ayr, \u1e6c\u0101riq b. Ziy\u0101d, o las campa\u00f1as de Almanzor, sugiriendo que la posibilidad de una gloria alternativa todav\u00eda exist\u00eda.<\/p>\n\n\n\n<p class=\"wp-block-paragraph\">Esta articulaci\u00f3n emocional de la historia reflejaba un profundo apego a la tierra que se intensificaba debido al trauma de la p\u00e9rdida y la necesidad de emigrar, una condici\u00f3n tambi\u00e9n causada por los desastres naturales. El sentimiento de pertenencia a la <em>yam\u0101\u02bfat al-Andalus<\/em> (la comunidad de al-Andalus) se manifest\u00f3 en obras como la <em>Ris\u0101la f\u012b fa\u1e0dl al-Andalus wa-riy\u0101lihi<\/em> de Ibn \u1e24azm, que idealizaba la excelencia cultural andalus\u00ed como una forma de resistencia y memoria frente a los reveses territoriales.<\/p>\n\n\n\n<h2 class=\"wp-block-heading\">Consideraciones finales<\/h2>\n\n\n\n<p class=\"wp-block-paragraph\">El estudio de las fuentes isl\u00e1micas medievales demuestra que las cat\u00e1strofes naturales y las cat\u00e1strofes pol\u00edticas, como la p\u00e9rdida de al-Andalus, fueron narradas como un fen\u00f3meno singular y hol\u00edstico. Los autores utilizaron el imaginario natural como un dispositivo afectivo capaz de generar emociones. Los paisajes textuales resultantes no eran simples reflejos geogr\u00e1ficos, sino terrenos emocionalmente codificados donde el miedo, la p\u00e9rdida y la esperanza estaban espacial y ret\u00f3ricamente inscritos.<\/p>\n\n\n\n<p class=\"wp-block-paragraph\">Este patr\u00f3n mediterr\u00e1neo de narrar la cat\u00e1strofe como pedagog\u00eda divina (castigo por los pecados de la comunidad) se extiende m\u00e1s all\u00e1 de al-Andalus, se\u00f1alando una epistemolog\u00eda medieval compartida donde los \u00f3rdenes natural, pol\u00edtico y moral est\u00e1n inextricablemente ligados. La descripci\u00f3n de al-Andalus realizada por el ge\u00f3grafo al-\u1e24imyar\u012b en el siglo XV encapsula esta dualidad, idealizando el territorio como un Para\u00edso f\u00e9rtil, pero reconociendo la amenaza constante de desastres naturales y enemigos, al ser un lugar de <em>rib\u0101\u1e6d<\/em> rodeado por naciones infieles. Esta convergencia narrativa subraya que, en la mentalidad medieval, la ruina de la tierra era indistinguible de la ruina del alma y del estado. As\u00ed como un sismo agita la tierra bajo los pies, la derrota militar agitaba los cimientos morales y pol\u00edticos de la comunidad.<\/p>\n\n\n\n<hr class=\"wp-block-separator has-text-color has-bright-blue-color has-alpha-channel-opacity has-bright-blue-background-color has-background\"\/>\n\n\n\n<h4 class=\"wp-block-heading\">Para ampliar:<\/h4>\n\n\n\n<ul class=\"wp-block-list\">\n<li>AKASOY, Anna. \u201cIslamic Attitudes to Disasters in the Middle Ages: A Comparison of Earthquakes and Plagues\u201d, <em>The Medieval History Journal<\/em> 10\/1\u20132 (2007), pp. 387\u2013410.<\/li>\n\n\n\n<li>ALBARR\u00c1N, Javier. \u201c<a href=\"https:\/\/journals.uio.no\/JAIS\/article\/view\/12792\">Natural Disasters and Political Catastrophes: Entangled Feelings and Landscapes in al-Andalus and Beyond<\/a>\u201d, <em>Journal of Arabic and Islamic Studies<\/em>, 25\/4 (2025), pp. 207-235.<\/li>\n\n\n\n<li>BINTLEY, Michael, and FRANKLIN, Kate, <em>Landscapes and Environments of the Middle Ages<\/em>. Routledge, 2023.<\/li>\n\n\n\n<li>LAFFAN, Michael, and WEISS, Max (eds.), <em>Facing Fear: the History of an Emotion in Global Perspective<\/em>. Princeton: Princeton University Press, 2012.<\/li>\n\n\n\n<li>RAPHAEL, Sarah Kate. <em>Climate and Political Climate: Environmental Disasters in the Medieval Levant<\/em>. Leiden: Brill, 2013.<\/li>\n\n\n\n<li>SCHENK, Gerrit J. (ed.) <em>Historical Disaster Experiences: Towards a Comparative and Transcultural History of Disasters Across Asia and Europe<\/em>, Leiden: Brill, 2017.<\/li>\n\n\n\n<li>SCOTT, Anne, and KOSSO, Cynthia (eds.), <em>Fear and Its Representations in the Middle Ages and Renaissance<\/em>, Turnhout: Brepols: 2002.<\/li>\n<\/ul>\n","protected":false},"excerpt":{"rendered":"<p>Javier Albarr\u00e1n<\/p>\n","protected":false},"author":3,"featured_media":5683,"comment_status":"closed","ping_status":"closed","sticky":false,"template":"","format":"standard","meta":{"_crdt_document":"","jetpack_post_was_ever_published":false,"footnotes":""},"categories":[11,24],"tags":[479,478,37,180,477],"coauthors":[199],"class_list":{"0":"post-5678","1":"post","2":"type-post","3":"status-publish","4":"format-standard","5":"has-post-thumbnail","6":"hentry","7":"category-fuentes","8":"category-imaginarios","9":"tag-apocalipsis","10":"tag-catastrofes-naturales","11":"tag-historiografia","12":"tag-intercambios-culturales","13":"tag-medioambiente","15":"fallback-thumbnail"},"jetpack_featured_media_url":"https:\/\/i0.wp.com\/www.alandalusylahistoria.com\/wp-content\/uploads\/2026\/01\/Imagen-1.jpg?fit=1964%2C1104&ssl=1","jetpack-related-posts":[],"_links":{"self":[{"href":"https:\/\/www.alandalusylahistoria.com\/index.php?rest_route=\/wp\/v2\/posts\/5678","targetHints":{"allow":["GET"]}}],"collection":[{"href":"https:\/\/www.alandalusylahistoria.com\/index.php?rest_route=\/wp\/v2\/posts"}],"about":[{"href":"https:\/\/www.alandalusylahistoria.com\/index.php?rest_route=\/wp\/v2\/types\/post"}],"author":[{"embeddable":true,"href":"https:\/\/www.alandalusylahistoria.com\/index.php?rest_route=\/wp\/v2\/users\/3"}],"replies":[{"embeddable":true,"href":"https:\/\/www.alandalusylahistoria.com\/index.php?rest_route=%2Fwp%2Fv2%2Fcomments&post=5678"}],"version-history":[{"count":5,"href":"https:\/\/www.alandalusylahistoria.com\/index.php?rest_route=\/wp\/v2\/posts\/5678\/revisions"}],"predecessor-version":[{"id":5735,"href":"https:\/\/www.alandalusylahistoria.com\/index.php?rest_route=\/wp\/v2\/posts\/5678\/revisions\/5735"}],"wp:featuredmedia":[{"embeddable":true,"href":"https:\/\/www.alandalusylahistoria.com\/index.php?rest_route=\/wp\/v2\/media\/5683"}],"wp:attachment":[{"href":"https:\/\/www.alandalusylahistoria.com\/index.php?rest_route=%2Fwp%2Fv2%2Fmedia&parent=5678"}],"wp:term":[{"taxonomy":"category","embeddable":true,"href":"https:\/\/www.alandalusylahistoria.com\/index.php?rest_route=%2Fwp%2Fv2%2Fcategories&post=5678"},{"taxonomy":"post_tag","embeddable":true,"href":"https:\/\/www.alandalusylahistoria.com\/index.php?rest_route=%2Fwp%2Fv2%2Ftags&post=5678"},{"taxonomy":"author","embeddable":true,"href":"https:\/\/www.alandalusylahistoria.com\/index.php?rest_route=%2Fwp%2Fv2%2Fcoauthors&post=5678"}],"curies":[{"name":"wp","href":"https:\/\/api.w.org\/{rel}","templated":true}]}}