{"id":5673,"date":"2026-01-23T14:06:59","date_gmt":"2026-01-23T13:06:59","guid":{"rendered":"https:\/\/www.alandalusylahistoria.com\/?p=5673"},"modified":"2026-01-23T14:07:01","modified_gmt":"2026-01-23T13:07:01","slug":"reivindicando-la-historia-de-gaza","status":"publish","type":"post","link":"https:\/\/www.alandalusylahistoria.com\/?p=5673","title":{"rendered":"Reivindicando la historia de Gaza"},"content":{"rendered":"\n<h3 class=\"wp-block-heading has-text-align-center\">El <a href=\"https:\/\/biologicas.ucm.es\/grupos\/grupo\/996\" target=\"_blank\" rel=\"noreferrer noopener\">grupo de investigaci\u00f3n \u201cB\u00f3sforo\u201d<\/a>, dirigido por Juan Signes, reuni\u00f3 el 8 de octubre de 2025 a un selecto grupo de especialistas para hablar sobre la historia de Gaza mientras su patrimonio e identidad son destruidos. Tras las ponencias, Ilan Papp\u00e9 y Gadi Algazi debatieron sobre el memoricidio que est\u00e1 sufriendo la poblaci\u00f3n palestina<\/h3>\n\n\n\n<figure class=\"wp-block-embed aligncenter is-type-video is-provider-youtube wp-block-embed-youtube wp-embed-aspect-16-9 wp-has-aspect-ratio\"><div class=\"wp-block-embed__wrapper\">\n<iframe loading=\"lazy\" title=\"Reivindicando la historia de una ciudad milenaria: Gaza en la Antig\u00fcedad y la Edad Media\" width=\"1000\" height=\"563\" src=\"https:\/\/www.youtube.com\/embed\/-e15oUhjNXw?feature=oembed\" frameborder=\"0\" allow=\"accelerometer; autoplay; clipboard-write; encrypted-media; gyroscope; picture-in-picture; web-share\" referrerpolicy=\"strict-origin-when-cross-origin\" allowfullscreen><\/iframe>\n<\/div><\/figure>\n","protected":false},"excerpt":{"rendered":"<p>El grupo de investigaci\u00f3n \u201cB\u00f3sforo\u201d, dirigido por Juan Signes, reuni\u00f3 el 8 de octubre de 2025 a un selecto grupo de especialistas para hablar sobre la historia de Gaza mientras su patrimonio e identidad son destruidos. Tras las ponencias, Ilan Papp\u00e9 y Gadi Algazi debatieron sobre el memoricidio que est\u00e1 sufriendo la poblaci\u00f3n palestina<\/p>\n","protected":false},"author":11,"featured_media":5675,"comment_status":"closed","ping_status":"closed","sticky":false,"template":"","format":"standard","meta":{"_crdt_document":"","jetpack_post_was_ever_published":false,"footnotes":""},"categories":[13],"tags":[338,474,294,476,475],"coauthors":[262],"class_list":{"0":"post-5673","1":"post","2":"type-post","3":"status-publish","4":"format-standard","5":"has-post-thumbnail","6":"hentry","7":"category-multimedia","8":"tag-arqueologia","9":"tag-gaza","10":"tag-genocidio","11":"tag-memoricidio","12":"tag-palestina","14":"fallback-thumbnail"},"jetpack_featured_media_url":"https:\/\/i0.wp.com\/www.alandalusylahistoria.com\/wp-content\/uploads\/2026\/01\/Gaza-destruccion.jpg?fit=1212%2C1019&ssl=1","jetpack-related-posts":[],"_links":{"self":[{"href":"https:\/\/www.alandalusylahistoria.com\/index.php?rest_route=\/wp\/v2\/posts\/5673","targetHints":{"allow":["GET"]}}],"collection":[{"href":"https:\/\/www.alandalusylahistoria.com\/index.php?rest_route=\/wp\/v2\/posts"}],"about":[{"href":"https:\/\/www.alandalusylahistoria.com\/index.php?rest_route=\/wp\/v2\/types\/post"}],"author":[{"embeddable":true,"href":"https:\/\/www.alandalusylahistoria.com\/index.php?rest_route=\/wp\/v2\/users\/11"}],"replies":[{"embeddable":true,"href":"https:\/\/www.alandalusylahistoria.com\/index.php?rest_route=%2Fwp%2Fv2%2Fcomments&post=5673"}],"version-history":[{"count":1,"href":"https:\/\/www.alandalusylahistoria.com\/index.php?rest_route=\/wp\/v2\/posts\/5673\/revisions"}],"predecessor-version":[{"id":5676,"href":"https:\/\/www.alandalusylahistoria.com\/index.php?rest_route=\/wp\/v2\/posts\/5673\/revisions\/5676"}],"wp:featuredmedia":[{"embeddable":true,"href":"https:\/\/www.alandalusylahistoria.com\/index.php?rest_route=\/wp\/v2\/media\/5675"}],"wp:attachment":[{"href":"https:\/\/www.alandalusylahistoria.com\/index.php?rest_route=%2Fwp%2Fv2%2Fmedia&parent=5673"}],"wp:term":[{"taxonomy":"category","embeddable":true,"href":"https:\/\/www.alandalusylahistoria.com\/index.php?rest_route=%2Fwp%2Fv2%2Fcategories&post=5673"},{"taxonomy":"post_tag","embeddable":true,"href":"https:\/\/www.alandalusylahistoria.com\/index.php?rest_route=%2Fwp%2Fv2%2Ftags&post=5673"},{"taxonomy":"author","embeddable":true,"href":"https:\/\/www.alandalusylahistoria.com\/index.php?rest_route=%2Fwp%2Fv2%2Fcoauthors&post=5673"}],"curies":[{"name":"wp","href":"https:\/\/api.w.org\/{rel}","templated":true}]}}