{"id":5554,"date":"2025-11-22T09:36:17","date_gmt":"2025-11-22T08:36:17","guid":{"rendered":"https:\/\/www.alandalusylahistoria.com\/?p=5554"},"modified":"2025-11-22T09:36:20","modified_gmt":"2025-11-22T08:36:20","slug":"la-produccion-serica-en-las-ultimas-tierras-de-al-andalus-hacia-una-nueva-forma-de-producir","status":"publish","type":"post","link":"https:\/\/www.alandalusylahistoria.com\/?p=5554","title":{"rendered":"La producci\u00f3n s\u00e9rica en las \u00faltimas tierras de al-Andalus: \u00bfhacia una nueva forma de producir?"},"content":{"rendered":"\n<h3 class=\"wp-block-heading has-text-align-center\">La seda constituy\u00f3 una producci\u00f3n singular de al-Andalus con respecto al resto de los territorios europeos, dada su singularidad en el conjunto de la producci\u00f3n textil en periodos tempranos y el papel que pudo alcanzar a ocupar en el conjunto de la su econom\u00eda en algunos momentos. Esta producci\u00f3n, pese a tener cierta relevancia a lo largo de toda la historia de al-Andalus, fue especialmente relevante en su \u00faltima etapa, el emirato nazar\u00ed de Granada (siglos XIII-XV) y \u00e9poca morisca (s. XVI). Sorprende, por tanto, lo poco que se ha escrito sobre la manufactura de seda.<\/h3>\n\n\n\n<hr class=\"wp-block-separator has-text-color has-light-gray-blue-color has-alpha-channel-opacity has-light-gray-blue-background-color has-background\"\/>\n\n\n\n<h4 class=\"wp-block-heading has-text-align-center\">Jorge Garrido L\u00f3pez<br><a href=\"https:\/\/orcid.org\/0000-0001-7276-8025\">Universidad de Granada<\/a><\/h4>\n\n\n\n<hr class=\"wp-block-separator has-text-color has-light-gray-blue-color has-alpha-channel-opacity has-light-gray-blue-background-color has-background\"\/>\n\n\n\n<figure class=\"wp-block-image alignwide size-full\"><img data-recalc-dims=\"1\" loading=\"lazy\" decoding=\"async\" width=\"727\" height=\"296\" src=\"https:\/\/i0.wp.com\/www.alandalusylahistoria.com\/wp-content\/uploads\/2025\/11\/hishamtirazdetail.jpg?resize=727%2C296&#038;ssl=1\" alt=\"\" class=\"wp-image-5564\" srcset=\"https:\/\/i0.wp.com\/www.alandalusylahistoria.com\/wp-content\/uploads\/2025\/11\/hishamtirazdetail.jpg?w=727&amp;ssl=1 727w, https:\/\/i0.wp.com\/www.alandalusylahistoria.com\/wp-content\/uploads\/2025\/11\/hishamtirazdetail.jpg?resize=300%2C122&amp;ssl=1 300w\" sizes=\"auto, (max-width: 727px) 100vw, 727px\" \/><figcaption class=\"wp-element-caption\">Almaizar de Hi\u0161\u0101m II (Real Academia de la Historia)<\/figcaption><\/figure>\n\n\n\n<hr class=\"wp-block-separator has-text-color has-light-gray-blue-color has-alpha-channel-opacity has-light-gray-blue-background-color has-background\"\/>\n\n\n\n<p class=\"wp-block-paragraph\">La seda constituy\u00f3 una producci\u00f3n singular de al-Andalus con respecto al resto de los territorios europeos, dada su singularidad en el conjunto de la producci\u00f3n textil en periodos tempranos y el papel que pudo alcanzar a ocupar en el conjunto de la su econom\u00eda en algunos momentos. Esta producci\u00f3n, pese a tener cierta relevancia a lo largo de toda la historia de al-Andalus, fue especialmente relevante en su \u00faltima etapa, el emirato nazar\u00ed de Granada (siglos XIII-XV) y \u00e9poca morisca (s. XVI), cuando adquiri\u00f3 una profunda y cada vez mejor documentada importancia comercial. Destacar\u00eda en esos momentos su producci\u00f3n como materia prima (madejas de seda hilada), y no tanto como productos acabados (tejidos), para abastecer otros centros sederos, como los italianos, que impulsaron su propia industria sedera con fuerza a finales de la Edad Media. No es de extra\u00f1ar por tanto que la investigaci\u00f3n haya centrado buena parte de su atenci\u00f3n especialmente en el estudio de esta faceta como objeto de comercio internacional, aunque todav\u00eda queda mucho por hacer al respecto.<\/p>\n\n\n\n<p class=\"wp-block-paragraph\">Sorprende, sin embargo, lo poco que se ha escrito sobre la manufactura de seda, m\u00e1s all\u00e1 de ciertas obras ya cl\u00e1sicas (Lagard\u00e8re, Garz\u00f3n Pareja, etc.), que en su mayor\u00eda se han ocupado de constatar su importancia y desarrollo t\u00e9cnico, o se\u00f1alarla como un segmento destacable dentro de la econom\u00eda productiva, pero sin abordar en profundidad su papel en la arquitectura econ\u00f3mica nazar\u00ed. Entendemos, sin embargo, que ser\u00e1 una tarea fundamental, ya que estudiar esta actividad y caracterizar su ciclo productivo en un momento clave de transici\u00f3n pol\u00edtica, social y econ\u00f3mica, como es el final del periodo nazar\u00ed, nos permitir\u00e1 conocer mejor los cambios y transformaciones del modelo productivo de esta formaci\u00f3n isl\u00e1mica, su evoluci\u00f3n y las din\u00e1micas a trav\u00e9s de las cuales se incorpora a los nuevos vectores de desarrollo econ\u00f3mico que se observan en otros espacios de Occidente.<\/p>\n\n\n\n<h2 class=\"wp-block-heading\">Producci\u00f3n de seda y los cultivos especulativos <\/h2>\n\n\n\n<p class=\"wp-block-paragraph\">Pese a que la seda es una fibra textil animal, compuesta por las secreciones del gusano <em>Bombyx Mori <\/em>L., a menudo puede leerse la expresi\u00f3n \u201ccultivo de la seda\u201d aludiendo a la totalidad del ciclo de producci\u00f3n de esta fibra, dada la capital importancia que las hojas de moral (<em>Morus Nigra <\/em>L.) y morera (<em>Morus Alba <\/em>L.) tienen en dicho proceso, ya que supon\u00edan el \u00fanico alimento admitido por el gusano de seda. Desde el nacimiento de los huevos de los gusanos de seda, que sol\u00eda ocurrir a principios de la primavera, estos eran colocados sobre y cubiertos por hojas de moral sin apelmazar. Durante alrededor de 60 d\u00edas los gusanos se alimentan de las hojas y cambian de \u201cpiel\u201d 4 veces. Tras esto el gusano se encierra en el capullo de seda que el mismo realiza mediante la segregaci\u00f3n de una sustancia l\u00edquida de base proteica que al contacto con el medio se solidifica formando finos hilos. Dentro de este es donde se produce la metamorfosis que da lugar a la mariposa. Sin embargo, con el objetivo de obtener seda de la mejor calidad, los capullos de seda se herv\u00edan para matar a los gusanos en su interior antes de que se convirtiesen en mariposas y rompieran el capullo, y en consecuencia tambi\u00e9n los hilos, para salir.<\/p>\n\n\n<div class=\"wp-block-image\">\n<figure class=\"aligncenter size-full\"><img data-recalc-dims=\"1\" loading=\"lazy\" decoding=\"async\" width=\"768\" height=\"432\" src=\"https:\/\/i0.wp.com\/www.alandalusylahistoria.com\/wp-content\/uploads\/2025\/11\/Fig.-1.jpg?resize=768%2C432&#038;ssl=1\" alt=\"\" class=\"wp-image-5567\" srcset=\"https:\/\/i0.wp.com\/www.alandalusylahistoria.com\/wp-content\/uploads\/2025\/11\/Fig.-1.jpg?w=768&amp;ssl=1 768w, https:\/\/i0.wp.com\/www.alandalusylahistoria.com\/wp-content\/uploads\/2025\/11\/Fig.-1.jpg?resize=300%2C169&amp;ssl=1 300w\" sizes=\"auto, (max-width: 768px) 100vw, 768px\" \/><figcaption class=\"wp-element-caption\">Imagen de los huevos de gusanos de seda y larvas. Fuente: Istock.<\/figcaption><\/figure>\n<\/div>\n\n\n<hr class=\"wp-block-separator has-text-color has-light-gray-blue-color has-alpha-channel-opacity has-light-gray-blue-background-color has-background\"\/>\n\n\n\n<p class=\"wp-block-paragraph\">Tras el hervido, los capullos de seda eran devanados, es decir, desenrollados de manera conjunta. Esto tiene que ver con la extremada delgadez de los hilos producidos de forma natural (entre 20 y 10 micras). El devanado, que a todos los efectos constitu\u00eda tambi\u00e9n el hilado de la seda, se realizaba mediante el accionado de una rueda horizontal a la que las fibras eran atadas y enhebradas a trav\u00e9s de una gu\u00eda, se enrollaban en el torno formando las madejas de seda hilada.<\/p>\n\n\n\n<p class=\"wp-block-paragraph\">Existen dos recursos audiovisuales fundamentales para comprender el desarrollo de este complejo proceso. El primero es un video de Flavio Crippa en el que muestra en funcionamiento de un torno de seda medieval restaurado:<\/p>\n\n\n\n<figure class=\"wp-block-embed is-type-video is-provider-youtube wp-block-embed-youtube wp-embed-aspect-16-9 wp-has-aspect-ratio\"><div class=\"wp-block-embed__wrapper\">\n<iframe loading=\"lazy\" title=\"Flavio Crippa: le macchine tessili e la trattura nell&#039;800\" width=\"1000\" height=\"563\" src=\"https:\/\/www.youtube.com\/embed\/vrwqtk8Exzo?feature=oembed\" frameborder=\"0\" allow=\"accelerometer; autoplay; clipboard-write; encrypted-media; gyroscope; picture-in-picture; web-share\" referrerpolicy=\"strict-origin-when-cross-origin\" allowfullscreen><\/iframe>\n<\/div><\/figure>\n\n\n\n<p class=\"wp-block-paragraph\">El segundo es un extracto de un documental de Eugenio Monesma sobre la producci\u00f3n tradicional de seda en Canarias:<\/p>\n\n\n\n<figure class=\"wp-block-embed is-type-video is-provider-youtube wp-block-embed-youtube wp-embed-aspect-4-3 wp-has-aspect-ratio\"><div class=\"wp-block-embed__wrapper\">\n<iframe loading=\"lazy\" title=\"La SEDA. As\u00ed se obtiene y elabora el hilo de seda a partir de la cr\u00eda de los gusanos | Documental\" width=\"1000\" height=\"750\" src=\"https:\/\/www.youtube.com\/embed\/vpRIABctmrY?feature=oembed\" frameborder=\"0\" allow=\"accelerometer; autoplay; clipboard-write; encrypted-media; gyroscope; picture-in-picture; web-share\" referrerpolicy=\"strict-origin-when-cross-origin\" allowfullscreen><\/iframe>\n<\/div><\/figure>\n\n\n\n<p class=\"wp-block-paragraph\">As\u00ed pues, como primer paso para reconstruir en profundidad el peso de la producci\u00f3n de seda en el conjunto de la econom\u00eda nazar\u00ed, resulta fundamental entender el peso efectivo de la presencia de este cultivo en el escenario agr\u00edcola nazar\u00ed, y el modo en el que se gestiona socialmente el cuidado y tratamiento los \u00e1rboles de moral. Su estudio se aborda a partir de su consideraci\u00f3n como cultivo comercial, dirigido por tanto a una producci\u00f3n destinada en su mayor parte a ser comercializada, de gran importancia estrat\u00e9gica, por tanto. Una prueba de su relevancia nos la ofrece por ejemplo el hecho de que las hojas de moral\/<em>waraq al-t\u016bt <\/em>se incluyan en el paraguas de protecci\u00f3n ofrecida a los cultivos frente a la calamidad agr\u00edcola, tal y como ha estudiado <a href=\"https:\/\/www.alandalusylahistoria.com\/?p=3516\">Inmaculada Camarero<\/a>. Esto refleja hasta qu\u00e9 punto el desarrollo de una producci\u00f3n de seda de cierta importancia fue del inter\u00e9s de las distintas esferas sociales y econ\u00f3micas.<\/p>\n\n\n\n<p class=\"wp-block-paragraph\">Por otro lado, esta vertiente comercial implicar\u00eda tambi\u00e9n que su producci\u00f3n estar\u00eda sujeta a los imperativos que marcaron el desarrollo creciente de su presencia en los mercados internacionales. Una v\u00eda que nos est\u00e1 ayudando a entender y ubicar correctamente la cuesti\u00f3n, sobre todo a finales del periodo nazar\u00ed, es la consulta de documentaci\u00f3n castellana generada en momentos inmediatamente posteriores a la conquista castellana, caso de los Libros de Repartimiento y Apeo. Gracias a su lectura se est\u00e1 reconociendo la importancia creciente de cultivos como los morales y otros cultivos que se producen con la clara intenci\u00f3n de ser introducidos en el mercado, como son los <a href=\"http:\/\/medgreenrev.com\/es\/eventos\/20\/entre-almendros-vinas-e-higuerales-frutos-secos-y-especulacion-comercial-en-el-mediterraneo-medieval\">frutos secos<\/a>, az\u00facar, etc., en el parcelario agr\u00edcola nazar\u00ed. Se perciben de hecho como una apuesta productiva cada vez m\u00e1s atractiva en los campos nazar\u00edes. Y se llegan incluso a identificar concentraciones de este tipo de cultivos en manos de ciertos personajes pertenecientes a la oligarqu\u00eda local, que podr\u00edan aprovechar la rentabilidad comercial de estos cultivos para obtener el m\u00e1ximo beneficio en sus propiedades agr\u00edcolas. No obstante, no se trata de una opci\u00f3n restringida a ciertas \u00e9lites econ\u00f3micas que asumen esa pr\u00e1ctica especulativa, sino que podr\u00edamos estar ante una apuesta bastante m\u00e1s generalizada en el conjunto de la sociedad rural, que asumir\u00eda su cultivo y producci\u00f3n de seda como un importante complemento de su econom\u00eda dom\u00e9stica.<\/p>\n\n\n\n<p class=\"wp-block-paragraph\">Abordar esta situaci\u00f3n agr\u00edcola nazar\u00ed es una de las tareas que se est\u00e1 llevando a cabo dentro del renovado estudio del concepto de \u201cRevoluci\u00f3n Verde Isl\u00e1mica\u201d, que est\u00e1 desarroll\u00e1ndose en la actualidad principalmente a trav\u00e9s del proyecto <a href=\"http:\/\/medgreenrev.com\/es\">ERC SyG HE \u00abRe-thinking the Green Revolution in the Medieval Western Mediterranean (6th-16th centuries)\u00bb<\/a><\/p>\n\n\n\n<h2 class=\"wp-block-heading\">\u00bfHacia una nueva de forma de producir?<\/h2>\n\n\n\n<p class=\"wp-block-paragraph\">La seda es una fibra textil que alcanza un alto grado de especializaci\u00f3n, identific\u00e1ndose en su elaboraci\u00f3n un buen n\u00famero de oficios asociados. Las informaciones que extraemos de los tratados de <em>\u1e25isba<\/em> as\u00ed como de ciertas <em>fat\u0101w\u0101 <\/em>recogidas en el <em>Mi\u2019y\u0101r <\/em>de al-Wan\u0161ar\u012bs\u012b, por ejemplo, son claves para identificar estos oficios. A modo de ejemplo, el <em>Mi\u2019y\u0101r <\/em>nos permite reconocer la existencia de oficios como el de criador de gusanos de seda, cogedor de hojas de moral y desenrollador de capullos de seda, es decir, devanador, los cuales son una buena muestra del grado de especializaci\u00f3n y divisi\u00f3n del trabajo que la producci\u00f3n de seda alcanz\u00f3. Este mismo tipo de fuentes nos permiten conocer tambi\u00e9n una circunstancia interesante, percibiendo una apertura progresiva a la hora de admitir una diversidad de asociaciones para la cr\u00eda de gusano de seda y, por tanto, para producci\u00f3n de esta fibra. Esta menor exigencia en las condiciones que se imponen a su producci\u00f3n dentro de los cauces legalmente reconocidos se asocia al reconocimiento de asociaciones para la producci\u00f3n de seda en la que no todas las partes deben trabajar activamente, sino que pueden solamente actuar como socio inversor.<\/p>\n\n\n<div class=\"wp-block-image\">\n<figure class=\"aligncenter size-full\"><img data-recalc-dims=\"1\" loading=\"lazy\" decoding=\"async\" width=\"461\" height=\"515\" src=\"https:\/\/i0.wp.com\/www.alandalusylahistoria.com\/wp-content\/uploads\/2025\/11\/Fig.-3.png?resize=461%2C515&#038;ssl=1\" alt=\"\" class=\"wp-image-5569\" srcset=\"https:\/\/i0.wp.com\/www.alandalusylahistoria.com\/wp-content\/uploads\/2025\/11\/Fig.-3.png?w=461&amp;ssl=1 461w, https:\/\/i0.wp.com\/www.alandalusylahistoria.com\/wp-content\/uploads\/2025\/11\/Fig.-3.png?resize=269%2C300&amp;ssl=1 269w\" sizes=\"auto, (max-width: 461px) 100vw, 461px\" \/><figcaption class=\"wp-element-caption\">Dibujo de la recogida de la hoja de moral de Giuseppe Arcimboldo de 1586. Fuente: Germ\u00e1n Navarro Espinach, \u201cLa seda en Italia y Espa\u00f1a (siglos XV-XVI). Arte, tecnolog\u00eda y dise\u00f1o\u201d, <em>Revista Di\u00e1logos Mediterr\u00e1neos<\/em> 10 (2016): 83.<\/figcaption><\/figure>\n<\/div>\n\n\n<hr class=\"wp-block-separator has-text-color has-light-gray-blue-color has-alpha-channel-opacity has-light-gray-blue-background-color has-background\"\/>\n\n\n\n<p class=\"wp-block-paragraph\">Tambi\u00e9n se perciben ciertos cambios notables en los procesos tecnol\u00f3gicos de producci\u00f3n de seda, que aumentan su calidad y productividad. La mayor\u00eda de ellos se ven\u00eda desarrollando desde hac\u00eda tiempo atr\u00e1s y no eran espec\u00edficos de la producci\u00f3n s\u00e9rica sino generales para todo el \u00e1mbito textil, como la progresiva sustituci\u00f3n del hilado con fusayola y huso por el hilado con torno o la tambi\u00e9n sustituci\u00f3n del telar vertical por el horizontal. Aqu\u00ed nos vamos a referir concretamente a los tornos de torcer seda, por su especificidad en la fibra que tratamos y porque su extensi\u00f3n se produce principalmente en el periodo final de la Edad Media en el que nos estamos centrando.<\/p>\n\n\n\n<p class=\"wp-block-paragraph\">Los tornos de torcer seda representan uno de los mayores avances tecnol\u00f3gicos y productivos en el \u00e1mbito textil medieval. Multiplic\u00f3 la cantidad de hilos de seda que se pod\u00edan torcer de forma simult\u00e1nea, aumentando de forma cr\u00edtica la productividad. Se trata de m\u00e1quinas circulares, compuestas de un armaz\u00f3n de madera con distintos travesa\u00f1os, dependiendo de sus dimensiones y el n\u00famero de husos que tuviese. En estos travesa\u00f1os se insertan los husos, paralelos entre s\u00ed y perpendiculares a los travesa\u00f1os, con unos rodamientos de vidrio, tambi\u00e9n llamados cojinetes, sobre los que el huso gira para evitar la fricci\u00f3n con la madera y que pueda dar lugar a un sobrecalentamiento de las puntas de los husos y su deformaci\u00f3n. En la parte superior de cada fila de husos, al menos as\u00ed lo muestran las representaciones que tenemos, se encuentran unas cruces o aspas tambi\u00e9n de madera que giran a modo de devanadera para almacenar el hilo ya torcido. La energ\u00eda que se aplica al torno, ya provenga de la fuerza hidr\u00e1ulica, humana o animal, hace girar los husos aplicando la torsi\u00f3n a los hilos, mediante un \u00e1rbol de levas. Su objetivo era unir varios hilos individuales de seda mediante torsi\u00f3n para crear uno m\u00e1s grueso y a la vez m\u00e1s resistente, con el que se pudiese trabajar en el telar.<\/p>\n\n\n<div class=\"wp-block-image\">\n<figure class=\"aligncenter size-large\"><img data-recalc-dims=\"1\" loading=\"lazy\" decoding=\"async\" width=\"1000\" height=\"667\" src=\"https:\/\/i0.wp.com\/www.alandalusylahistoria.com\/wp-content\/uploads\/2025\/11\/Fig.-4-1.jpg?resize=1000%2C667&#038;ssl=1\" alt=\"\" class=\"wp-image-5570\" srcset=\"https:\/\/i0.wp.com\/www.alandalusylahistoria.com\/wp-content\/uploads\/2025\/11\/Fig.-4-1-scaled.jpg?resize=1024%2C683&amp;ssl=1 1024w, https:\/\/i0.wp.com\/www.alandalusylahistoria.com\/wp-content\/uploads\/2025\/11\/Fig.-4-1-scaled.jpg?resize=300%2C200&amp;ssl=1 300w, https:\/\/i0.wp.com\/www.alandalusylahistoria.com\/wp-content\/uploads\/2025\/11\/Fig.-4-1-scaled.jpg?resize=768%2C512&amp;ssl=1 768w, https:\/\/i0.wp.com\/www.alandalusylahistoria.com\/wp-content\/uploads\/2025\/11\/Fig.-4-1-scaled.jpg?resize=1536%2C1024&amp;ssl=1 1536w, https:\/\/i0.wp.com\/www.alandalusylahistoria.com\/wp-content\/uploads\/2025\/11\/Fig.-4-1-scaled.jpg?resize=2048%2C1365&amp;ssl=1 2048w, https:\/\/i0.wp.com\/www.alandalusylahistoria.com\/wp-content\/uploads\/2025\/11\/Fig.-4-1-scaled.jpg?resize=680%2C455&amp;ssl=1 680w, https:\/\/i0.wp.com\/www.alandalusylahistoria.com\/wp-content\/uploads\/2025\/11\/Fig.-4-1-scaled.jpg?resize=960%2C640&amp;ssl=1 960w\" sizes=\"auto, (max-width: 1000px) 100vw, 1000px\" \/><figcaption class=\"wp-element-caption\">Torno de torcer seda en la exposici\u00f3n \u201cIl Mulino da seta di Leffe\u201d organizada por la Associazione Ricerche Tessili Storiche a cargo de Mauro Gelfi y Flavio Crippa en el Museo del Tessile di Leffe en 2008. Fuente: <a href=\"https:\/\/www.ecodibergamo.it\/stories\/cultura-e-spettacoli\/a-leffe-un-convegno-sul-mulino-da-seta_31206_11\/\">L\u2019eco di Bergamo<\/a>.<\/figcaption><\/figure>\n<\/div>\n\n\n<hr class=\"wp-block-separator has-text-color has-light-gray-blue-color has-alpha-channel-opacity has-light-gray-blue-background-color has-background\"\/>\n\n\n\n<p class=\"wp-block-paragraph\">El reconocimiento arqueol\u00f3gico de todos estos procedimientos t\u00e9cnicos de elaboraci\u00f3n de seda e instrumental asociado a la misma es sin embargo complejo, como el de todo trabajo realizado con materiales perecederos, en este caso principalmente madera como material base del instrumental del trabajo sedero. Las mejores pistas de la presencia de este instrumental son los llamados <em>cojinetes<\/em> o tapones de vidrio que hemos mencionado.<\/p>\n\n\n<div class=\"wp-block-image\">\n<figure class=\"aligncenter size-full\"><img data-recalc-dims=\"1\" loading=\"lazy\" decoding=\"async\" width=\"576\" height=\"932\" src=\"https:\/\/i0.wp.com\/www.alandalusylahistoria.com\/wp-content\/uploads\/2025\/11\/Fig.-5-1.jpg?resize=576%2C932&#038;ssl=1\" alt=\"\" class=\"wp-image-5571\" srcset=\"https:\/\/i0.wp.com\/www.alandalusylahistoria.com\/wp-content\/uploads\/2025\/11\/Fig.-5-1.jpg?w=576&amp;ssl=1 576w, https:\/\/i0.wp.com\/www.alandalusylahistoria.com\/wp-content\/uploads\/2025\/11\/Fig.-5-1.jpg?resize=185%2C300&amp;ssl=1 185w\" sizes=\"auto, (max-width: 576px) 100vw, 576px\" \/><figcaption class=\"wp-element-caption\">Representaci\u00f3n del siglo XVII de un torno de seda circular. La pieza de vidrio a la que nos referimos est\u00e1 identificada con la letra D. Fuente: Cambil, \u201cPiezas relacionadas con la fabricaci\u00f3n\u201d, 149.<\/figcaption><\/figure>\n<\/div>\n\n<div class=\"wp-block-image\">\n<figure class=\"aligncenter size-large\"><img data-recalc-dims=\"1\" loading=\"lazy\" decoding=\"async\" width=\"1000\" height=\"662\" src=\"https:\/\/i0.wp.com\/www.alandalusylahistoria.com\/wp-content\/uploads\/2025\/11\/Fig.-6-1.jpg?resize=1000%2C662&#038;ssl=1\" alt=\"\" class=\"wp-image-5572\" srcset=\"https:\/\/i0.wp.com\/www.alandalusylahistoria.com\/wp-content\/uploads\/2025\/11\/Fig.-6-1.jpg?resize=1024%2C678&amp;ssl=1 1024w, https:\/\/i0.wp.com\/www.alandalusylahistoria.com\/wp-content\/uploads\/2025\/11\/Fig.-6-1.jpg?resize=300%2C199&amp;ssl=1 300w, https:\/\/i0.wp.com\/www.alandalusylahistoria.com\/wp-content\/uploads\/2025\/11\/Fig.-6-1.jpg?resize=768%2C508&amp;ssl=1 768w, https:\/\/i0.wp.com\/www.alandalusylahistoria.com\/wp-content\/uploads\/2025\/11\/Fig.-6-1.jpg?w=1157&amp;ssl=1 1157w\" sizes=\"auto, (max-width: 1000px) 100vw, 1000px\" \/><figcaption class=\"wp-element-caption\">Ejemplares recuperados de la intervenci\u00f3n del Cuarto Real de Santo Domingo en 2005. Fuente: Alberto Garc\u00eda Porras.<\/figcaption><\/figure>\n<\/div>\n\n\n<hr class=\"wp-block-separator has-text-color has-light-gray-blue-color has-alpha-channel-opacity has-light-gray-blue-background-color has-background\"\/>\n\n\n\n<p class=\"wp-block-paragraph\">Si analizamos los puntos en los que estos restos han sido hallados en la ciudad de Granada, solamente documentamos dos: la ciudad palatina de la Alhambra, pero en su mayor\u00eda descontextualizados, es decir, sin tener datos de d\u00f3nde y c\u00f3mo se obtuvieron, lo que hace que su an\u00e1lisis sea muy complejo, y el Cuarto Real de Santo Domingo, \u00e1mbitos de evidente peso pol\u00edtico y directamente asociados al poder. En estos dos espacios, la producci\u00f3n de seda, como una de producci\u00f3n de lujo, pod\u00eda controlarse m\u00e1s f\u00e1cilmente y, a la vez, se pod\u00eda hacer frente a las necesidades de los tornos (espacio, producci\u00f3n m\u00e1s o menos continua, coste de entrada).<\/p>\n\n\n<div class=\"wp-block-image\">\n<figure class=\"aligncenter size-full\"><img data-recalc-dims=\"1\" loading=\"lazy\" decoding=\"async\" width=\"800\" height=\"600\" src=\"https:\/\/i0.wp.com\/www.alandalusylahistoria.com\/wp-content\/uploads\/2025\/11\/Fig.-7.jpg?resize=800%2C600&#038;ssl=1\" alt=\"\" class=\"wp-image-5573\" srcset=\"https:\/\/i0.wp.com\/www.alandalusylahistoria.com\/wp-content\/uploads\/2025\/11\/Fig.-7.jpg?w=800&amp;ssl=1 800w, https:\/\/i0.wp.com\/www.alandalusylahistoria.com\/wp-content\/uploads\/2025\/11\/Fig.-7.jpg?resize=300%2C225&amp;ssl=1 300w, https:\/\/i0.wp.com\/www.alandalusylahistoria.com\/wp-content\/uploads\/2025\/11\/Fig.-7.jpg?resize=768%2C576&amp;ssl=1 768w\" sizes=\"auto, (max-width: 800px) 100vw, 800px\" \/><figcaption class=\"wp-element-caption\">Reconstrucci\u00f3n del Cuarto Real de Santo Domingo. <a href=\"https:\/\/www.eea.csic.es\/gallery\/interpretacion-del-cuarto-real-de-santo-domingo\/\">Fuente: EAA<\/a>.<\/figcaption><\/figure>\n<\/div>\n\n\n<hr class=\"wp-block-separator has-text-color has-light-gray-blue-color has-alpha-channel-opacity has-light-gray-blue-background-color has-background\"\/>\n\n\n\n<p class=\"wp-block-paragraph\">Precisamente las \u00e9lites nazar\u00edes adem\u00e1s de ser consumidoras de tejidos lujosos participaron de manera directa en la producci\u00f3n textil, no solo en la de seda, por diversas v\u00edas. Por una parte, como ya hemos indicado, cultivaron \u201cplantas textiles\u201d en sus propiedades agr\u00edcolas y almunias. Por otra parte, fueron propietarios de instalaciones que son necesarias para la producci\u00f3n de estas fibras (albercas para la cocci\u00f3n del c\u00e1\u00f1amo, esparto y lino, molinos bataneros o muy posiblemente los tornos circulares de torcer seda). Debe tenerse en cuenta, que por ejemplo los emires nazar\u00edes estuvieron vinculados con la actividad mercantil internacional, en la que art\u00edculos como la seda est\u00e1n presentes.<\/p>\n\n\n<div class=\"wp-block-image\">\n<figure class=\"aligncenter size-large\"><img data-recalc-dims=\"1\" loading=\"lazy\" decoding=\"async\" width=\"1000\" height=\"667\" src=\"https:\/\/i0.wp.com\/www.alandalusylahistoria.com\/wp-content\/uploads\/2025\/11\/Fig.-8.jpg?resize=1000%2C667&#038;ssl=1\" alt=\"\" class=\"wp-image-5574\" srcset=\"https:\/\/i0.wp.com\/www.alandalusylahistoria.com\/wp-content\/uploads\/2025\/11\/Fig.-8.jpg?resize=1024%2C683&amp;ssl=1 1024w, https:\/\/i0.wp.com\/www.alandalusylahistoria.com\/wp-content\/uploads\/2025\/11\/Fig.-8.jpg?resize=300%2C200&amp;ssl=1 300w, https:\/\/i0.wp.com\/www.alandalusylahistoria.com\/wp-content\/uploads\/2025\/11\/Fig.-8.jpg?resize=768%2C512&amp;ssl=1 768w, https:\/\/i0.wp.com\/www.alandalusylahistoria.com\/wp-content\/uploads\/2025\/11\/Fig.-8.jpg?resize=680%2C455&amp;ssl=1 680w, https:\/\/i0.wp.com\/www.alandalusylahistoria.com\/wp-content\/uploads\/2025\/11\/Fig.-8.jpg?resize=960%2C640&amp;ssl=1 960w, https:\/\/i0.wp.com\/www.alandalusylahistoria.com\/wp-content\/uploads\/2025\/11\/Fig.-8.jpg?w=1200&amp;ssl=1 1200w\" sizes=\"auto, (max-width: 1000px) 100vw, 1000px\" \/><figcaption class=\"wp-element-caption\">Gusanos de seda en una panera met\u00e1lica. Fuente: <a href=\"https:\/\/www.legadoandalusi.es\/revista\/la-seda-de-granada-el-tiraz\">El Legado Andalus\u00ed<\/a><\/figcaption><\/figure>\n<\/div>\n\n\n<hr class=\"wp-block-separator has-text-color has-light-gray-blue-color has-alpha-channel-opacity has-light-gray-blue-background-color has-background\"\/>\n\n\n\n<p class=\"wp-block-paragraph\">Sin embargo, lo anterior no quiere decir que la producci\u00f3n de seda se desarrollase exclusivamente en relaci\u00f3n o bajo el control de las \u00e9lites nazar\u00edes, sino que existieron diferentes formas de producir seda. Las fases m\u00e1s avanzadas del trabajo sedero se desarrollan preferentemente, aunque no exclusivamente, en \u00e1mbito urbano y es ah\u00ed donde debemos buscar las trazas de nuestro reconocimiento productivo, su posible organizaci\u00f3n y ubicaci\u00f3n dentro del entramado urbano. Aunque en su mayor\u00eda estos trabajos parecen seguir realiz\u00e1ndose en talleres privados dom\u00e9sticos o muy vinculados a este \u00e1mbito, comenzamos a identificar situaciones que se alejan de esta organizaci\u00f3n. De nuevo el an\u00e1lisis de la documentaci\u00f3n castellana generada en los primeros momentos tras la conquista del emirato nazar\u00ed ha permitido identificar una serie de espacios de producci\u00f3n de seda en los que se llevaban a cabo distintas operaciones de forma concentrada. Un ejemplo lo constituyen las \u201ccasas de telares de seda\u201d ubicadas en la ciudad de M\u00e1laga y mencionadas en su Libro de Repartimiento, las cuales se ubican en su mayor\u00eda en las inmediaciones de la Alcaicer\u00eda. Que los repartidores, encargados de confeccionar dicho Libro de Repartimiento, se refieran a estos inmuebles espec\u00edficamente invita a pensar en una presencia relevante de telares y que el desarrollo de la actividad de tejido de seda era m\u00e1s importante que su uso dom\u00e9stico.<\/p>\n\n\n<div class=\"wp-block-image\">\n<figure class=\"aligncenter size-large\"><img data-recalc-dims=\"1\" loading=\"lazy\" decoding=\"async\" width=\"1000\" height=\"707\" src=\"https:\/\/i0.wp.com\/www.alandalusylahistoria.com\/wp-content\/uploads\/2025\/11\/Fig.-9.jpg?resize=1000%2C707&#038;ssl=1\" alt=\"\" class=\"wp-image-5575\" srcset=\"https:\/\/i0.wp.com\/www.alandalusylahistoria.com\/wp-content\/uploads\/2025\/11\/Fig.-9-scaled.jpg?resize=1024%2C724&amp;ssl=1 1024w, https:\/\/i0.wp.com\/www.alandalusylahistoria.com\/wp-content\/uploads\/2025\/11\/Fig.-9-scaled.jpg?resize=300%2C212&amp;ssl=1 300w, https:\/\/i0.wp.com\/www.alandalusylahistoria.com\/wp-content\/uploads\/2025\/11\/Fig.-9-scaled.jpg?resize=768%2C543&amp;ssl=1 768w, https:\/\/i0.wp.com\/www.alandalusylahistoria.com\/wp-content\/uploads\/2025\/11\/Fig.-9-scaled.jpg?resize=1536%2C1086&amp;ssl=1 1536w, https:\/\/i0.wp.com\/www.alandalusylahistoria.com\/wp-content\/uploads\/2025\/11\/Fig.-9-scaled.jpg?resize=2048%2C1448&amp;ssl=1 2048w\" sizes=\"auto, (max-width: 1000px) 100vw, 1000px\" \/><figcaption class=\"wp-element-caption\">Casas de telares de seda mencionadas en el Libro de Repartimiento de M\u00e1laga. Elaboraci\u00f3n propia.<\/figcaption><\/figure>\n<\/div>\n\n\n<hr class=\"wp-block-separator has-text-color has-light-gray-blue-color has-alpha-channel-opacity has-light-gray-blue-background-color has-background\"\/>\n\n\n\n<p class=\"wp-block-paragraph\">Los elementos de an\u00e1lisis, que no son todos, a los que brevemente hacemos referencia pensamos que son una buena muestra de las posibilidades que el estudio de la seda entra\u00f1a para el conocimiento y caracterizaci\u00f3n de la econ\u00f3mica nazar\u00ed, principalmente en su \u00e1mbito productivo, nuestro objetivo principal actualmente, pero tambi\u00e9n en la vertiente comercial. La producci\u00f3n de esta fibra presenta una serie de caracter\u00edsticas que comienzan a alejarla progresivamente de lo que podemos llamar f\u00f3rmulas productivas artesanales y a la vez que la hacen m\u00e1s pr\u00f3xima a las industriales.<\/p>\n\n\n\n<hr class=\"wp-block-separator has-text-color has-bright-blue-color has-alpha-channel-opacity has-bright-blue-background-color has-background\"\/>\n\n\n\n<h4 class=\"wp-block-heading\">Para ampliar:<\/h4>\n\n\n\n<ul class=\"wp-block-list\">\n<li>Garrido L\u00f3pez, Jorge. <em>La producci\u00f3n de textil y cuero entre los siglos finales de Al-Andalus y principios de la Modernidad: caracterizaci\u00f3n y transformaci\u00f3n de las f\u00f3rmulas productivas (siglos XIII-XVI). <\/em>Tesis doctoral. Universidad de Granada (2025).<\/li>\n\n\n\n<li>Garrido L\u00f3pez, Jorge. \u201cLa producci\u00f3n de textil y cuero en los siglos finales de al-Andalus (XIII-XVI): propuesta de investigaci\u00f3n.\u201d <em>Incipit<\/em> 11 (2023): 11-31.<\/li>\n\n\n\n<li>Garrido L\u00f3pez, Jorge. \u201cUna aproximaci\u00f3n al sector textil en la Granada bajomedieval.\u201d <em>Revista del Centro de Estudios Hist\u00f3ricos de Granada y su Reino <\/em>32 (2022): 87\u2013122.<\/li>\n\n\n\n<li>Garc\u00eda Porras, Alberto y F\u00e1bregas Garc\u00eda, Adela. \u201cEspacios de transici\u00f3n en el mundo nazar\u00ed\u201d en \u00c1ngel Gal\u00e1n S\u00e1nchez y Adela F\u00e1bregas Garc\u00eda (eds.). <em>El reino de Granada y su contexto peninsular. Guerra, poderes y sociedades <\/em>(Granada: Universidad de Granada, 2023).<\/li>\n\n\n\n<li>F\u00e1bregas Garc\u00eda, Adela y Garc\u00eda Porras, Alberto (eds.). <em>Artesan\u00eda e industria en al-Andalus. Actividades, espacios y organizaci\u00f3n <\/em>(Granada: Comares, 2023).<\/li>\n\n\n\n<li>Camarero Castellano, Inmaculada. <a href=\"https:\/\/granatensis.ugr.es\/discovery\/fulldisplay?docid=alma991008527819704990&amp;context=L&amp;vid=34CBUA_UGR:VU1&amp;lang=es&amp;search_scope=MyInstitution&amp;adaptor=Local%20Search%20Engine&amp;tab=Granada&amp;query=any%2Ccontains%2CInmaculada%20camarero\"><em>Sobre el \u00abestado de \u0176\u0101&#8217;i\u1e25a: teor\u00eda y pr\u00e1ctica jur\u00eddica de la calamidad rural y urbana en el Al-Andalus (ss. <\/em><em>VIII-XV)<\/em><\/a><em> <\/em>(Sevilla: Universidad de Sevilla, 2015).<\/li>\n\n\n\n<li>F\u00e1bregas Garc\u00eda, Adela. <em>The Nasrid Kingdom of Granada between East and West (Thirteenth to Fifteenth Centuries) <\/em>(Leiden: Brill, 2021). Kirchner, Helena <em>et al<\/em>. \u201cRe-thinking the Green Revolution in the Mediterranean world.\u201d <em>Antiquity<\/em> 97 (2023).<\/li>\n<\/ul>\n","protected":false},"excerpt":{"rendered":"<p>Jorge Garrido L\u00f3pez<\/p>\n","protected":false},"author":11,"featured_media":5564,"comment_status":"closed","ping_status":"closed","sticky":false,"template":"","format":"standard","meta":{"_crdt_document":"","jetpack_post_was_ever_published":false,"footnotes":""},"categories":[178,342],"tags":[89,109,468,469],"coauthors":[262],"class_list":{"0":"post-5554","1":"post","2":"type-post","3":"status-publish","4":"format-standard","5":"has-post-thumbnail","6":"hentry","7":"category-cultura-material","8":"category-economia","9":"tag-granada","10":"tag-nazaries","11":"tag-seda","12":"tag-textil","14":"fallback-thumbnail"},"jetpack_featured_media_url":"https:\/\/i0.wp.com\/www.alandalusylahistoria.com\/wp-content\/uploads\/2025\/11\/hishamtirazdetail.jpg?fit=727%2C296&ssl=1","_links":{"self":[{"href":"https:\/\/www.alandalusylahistoria.com\/index.php?rest_route=\/wp\/v2\/posts\/5554","targetHints":{"allow":["GET"]}}],"collection":[{"href":"https:\/\/www.alandalusylahistoria.com\/index.php?rest_route=\/wp\/v2\/posts"}],"about":[{"href":"https:\/\/www.alandalusylahistoria.com\/index.php?rest_route=\/wp\/v2\/types\/post"}],"author":[{"embeddable":true,"href":"https:\/\/www.alandalusylahistoria.com\/index.php?rest_route=\/wp\/v2\/users\/11"}],"replies":[{"embeddable":true,"href":"https:\/\/www.alandalusylahistoria.com\/index.php?rest_route=%2Fwp%2Fv2%2Fcomments&post=5554"}],"version-history":[{"count":5,"href":"https:\/\/www.alandalusylahistoria.com\/index.php?rest_route=\/wp\/v2\/posts\/5554\/revisions"}],"predecessor-version":[{"id":5576,"href":"https:\/\/www.alandalusylahistoria.com\/index.php?rest_route=\/wp\/v2\/posts\/5554\/revisions\/5576"}],"wp:featuredmedia":[{"embeddable":true,"href":"https:\/\/www.alandalusylahistoria.com\/index.php?rest_route=\/wp\/v2\/media\/5564"}],"wp:attachment":[{"href":"https:\/\/www.alandalusylahistoria.com\/index.php?rest_route=%2Fwp%2Fv2%2Fmedia&parent=5554"}],"wp:term":[{"taxonomy":"category","embeddable":true,"href":"https:\/\/www.alandalusylahistoria.com\/index.php?rest_route=%2Fwp%2Fv2%2Fcategories&post=5554"},{"taxonomy":"post_tag","embeddable":true,"href":"https:\/\/www.alandalusylahistoria.com\/index.php?rest_route=%2Fwp%2Fv2%2Ftags&post=5554"},{"taxonomy":"author","embeddable":true,"href":"https:\/\/www.alandalusylahistoria.com\/index.php?rest_route=%2Fwp%2Fv2%2Fcoauthors&post=5554"}],"curies":[{"name":"wp","href":"https:\/\/api.w.org\/{rel}","templated":true}]}}