{"id":5522,"date":"2025-10-31T10:21:00","date_gmt":"2025-10-31T09:21:00","guid":{"rendered":"https:\/\/www.alandalusylahistoria.com\/?p=5522"},"modified":"2025-10-31T10:21:02","modified_gmt":"2025-10-31T09:21:02","slug":"were-there-jewish-and-christian-quarters-in-andalusi-cities","status":"publish","type":"post","link":"https:\/\/www.alandalusylahistoria.com\/?p=5522","title":{"rendered":"Were there Jewish and Christian Quarters in Andalusi Cities?"},"content":{"rendered":"\n<h3 class=\"wp-block-heading has-text-align-center\">The terms <em>juder\u00edas<\/em> and quarters or suburbs of Mozarabs have been used to refer to neighbourhoods in Andalusi cities inhabited by Jews or Christians, who formed the <em>dhimm\u012b<\/em> group in al-Andalus. However, based on our current state of knowledge, there is no evidence to support the existence of such quarters in the urban history of al-Andalus, let alone ghettos where marginalized people lived<\/h3>\n\n\n\n<hr class=\"wp-block-separator has-text-color has-light-gray-blue-color has-alpha-channel-opacity has-light-gray-blue-background-color has-background\"\/>\n\n\n\n<h4 class=\"wp-block-heading has-text-align-center\"><a href=\"https:\/\/nantes.academia.edu\/ChristineMazzoliGuintard\" target=\"_blank\" rel=\"noreferrer noopener\">Christine Mazzoli-Guintard<\/a><br>Nantes Universit\u00e9<\/h4>\n\n\n\n<hr class=\"wp-block-separator has-text-color has-light-gray-blue-color has-alpha-channel-opacity has-light-gray-blue-background-color has-background\"\/>\n\n\n\n<figure class=\"wp-block-image alignwide size-large\"><img data-recalc-dims=\"1\" loading=\"lazy\" decoding=\"async\" width=\"1000\" height=\"407\" src=\"https:\/\/i0.wp.com\/www.alandalusylahistoria.com\/wp-content\/uploads\/2023\/06\/Santa-Maria-la-Blanca-detalle.jpg?resize=1000%2C407&#038;ssl=1\" alt=\"\" class=\"wp-image-4228\" srcset=\"https:\/\/i0.wp.com\/www.alandalusylahistoria.com\/wp-content\/uploads\/2023\/06\/Santa-Maria-la-Blanca-detalle.jpg?resize=1024%2C417&amp;ssl=1 1024w, https:\/\/i0.wp.com\/www.alandalusylahistoria.com\/wp-content\/uploads\/2023\/06\/Santa-Maria-la-Blanca-detalle.jpg?resize=300%2C122&amp;ssl=1 300w, https:\/\/i0.wp.com\/www.alandalusylahistoria.com\/wp-content\/uploads\/2023\/06\/Santa-Maria-la-Blanca-detalle.jpg?resize=768%2C312&amp;ssl=1 768w, https:\/\/i0.wp.com\/www.alandalusylahistoria.com\/wp-content\/uploads\/2023\/06\/Santa-Maria-la-Blanca-detalle.jpg?resize=1536%2C625&amp;ssl=1 1536w, https:\/\/i0.wp.com\/www.alandalusylahistoria.com\/wp-content\/uploads\/2023\/06\/Santa-Maria-la-Blanca-detalle.jpg?w=1728&amp;ssl=1 1728w\" sizes=\"auto, (max-width: 1000px) 100vw, 1000px\" \/><figcaption class=\"wp-element-caption\">Detalle de la arquer\u00eda de la sinagoga de Santa Mar\u00eda la Blanca, s. XII (Toledo) .@Christine Mazzoli-Guintard, nov. 2017<\/figcaption><\/figure>\n\n\n\n<hr class=\"wp-block-separator has-text-color has-light-gray-blue-color has-alpha-channel-opacity has-light-gray-blue-background-color has-background\"\/>\n\n\n\n<p class=\"has-text-align-right has-small-font-size wp-block-paragraph\"><a href=\"https:\/\/www.alandalusylahistoria.com\/?p=4221\"><strong>Spanish version<\/strong><\/a><\/p>\n\n\n\n<h2 class=\"wp-block-heading\">The Clich\u00e9 of Confessional Quarters in Andalusian Cities<\/h2>\n\n\n\n<p class=\"wp-block-paragraph\">The idea that there were distinct confessional neighbourhoods in the cities of al-Andalus remains widespread, particularly within the global network of shared knowledge. For instance, the Wikipedia page <s>on<\/s> \u00abJuder\u00eda\u00bb states the following:<\/p>\n\n\n\n<blockquote class=\"wp-block-quote is-layout-flow wp-block-quote-is-layout-flow\" style=\"font-size:15px\">\n<p class=\"wp-block-paragraph\" style=\"font-size:15px\">\u00abThe presence of Jews in Spain is documented from Roman and Visigothic times, although it is not confirmed that they lived in separate neighbourhoods. Such quarters emerged with the growth of Muslim cities in al-Andalus, which were spatially organized based on ethno-religious criteria (an Arab-Muslim medina\u2014centered around the alcazaba and the mosque\u2014and suburbs of different compositions, particularly Mozarabs\u2014subjugated Christians\u2014and Jews). [&#8230;] The consolidation or establishment of Jewish quarters in Christian cities occurred sporadically throughout the Middle Ages, usually when urban spaces were reorganized following successive reconquests and repopulations [&#8230;] while Jews either confirmed or relocated their settlements.\u00bb<\/p>\n<\/blockquote>\n\n\n\n<p class=\"wp-block-paragraph\">But how was this clich\u00e9 constructed? One factor contributing to its persistence lies in the vagueness of the terms <em>juder\u00edas<\/em> and <em>Mozarab quarters<\/em>. Lastly, what do the sources actually say about religious quarters in the cities of al-Andalus?<\/p>\n\n\n\n<h2 class=\"wp-block-heading\">How Was the Clich\u00e9 of Jewish and Christian Quarters in Andalusian Cities Constructed?<\/h2>\n\n\n\n<p class=\"wp-block-paragraph\">This commonplace idea emerged in the first half of the 20th century, from the pens of Orientalists and Medievalists. It was constructed from sparse and isolated data, often based solely on the presence of a place of worship: in Sig\u00fcenza, for instance, it is assumed that Christians lived clustered around a church within the city, as its name\u2014Santa Mar\u00eda de Medina\u2014suggests. In Murcia, the Mozarab quarter is presumed to have been located around the Church of Santa Mar\u00eda de la Arrixaca. In Zaragoza, the Mozarab quarter was thought to be in the northwestern corner of the city because the main church, Santa Mar\u00eda, was situated there.<\/p>\n\n\n\n<p class=\"wp-block-paragraph\">It also rests on much later evidence, particularly regarding the presence of Jews or <em>juder\u00edas<\/em> in Christian kingdoms. For example, from the mention of Jews in the privilege that Alfonso VI granted to the city of Santarem in 1095, E. Ashtor concluded that a Jewish community existed during the Muslim period. In the Kingdom of Aragon, Zaragoza&#8217;s <em>juder\u00eda<\/em> occupied the southeastern corner of the walled city, and J. M. Lacarra assumed it occupied the same location during the Andalusi period. The same applies to Toledo\u2019s <em>juder\u00eda<\/em> and others.<\/p>\n\n\n<div class=\"wp-block-image\">\n<figure class=\"aligncenter size-large is-resized\"><img data-recalc-dims=\"1\" loading=\"lazy\" decoding=\"async\" width=\"1000\" height=\"839\" src=\"https:\/\/i0.wp.com\/www.alandalusylahistoria.com\/wp-content\/uploads\/2023\/06\/Fig-1.jpg?resize=1000%2C839&#038;ssl=1\" alt=\"\" class=\"wp-image-4222\" style=\"aspect-ratio:1.1920962940850781;width:592px;height:auto\" srcset=\"https:\/\/i0.wp.com\/www.alandalusylahistoria.com\/wp-content\/uploads\/2023\/06\/Fig-1.jpg?resize=1024%2C859&amp;ssl=1 1024w, https:\/\/i0.wp.com\/www.alandalusylahistoria.com\/wp-content\/uploads\/2023\/06\/Fig-1.jpg?resize=300%2C252&amp;ssl=1 300w, https:\/\/i0.wp.com\/www.alandalusylahistoria.com\/wp-content\/uploads\/2023\/06\/Fig-1.jpg?resize=768%2C644&amp;ssl=1 768w, https:\/\/i0.wp.com\/www.alandalusylahistoria.com\/wp-content\/uploads\/2023\/06\/Fig-1.jpg?resize=1536%2C1288&amp;ssl=1 1536w, https:\/\/i0.wp.com\/www.alandalusylahistoria.com\/wp-content\/uploads\/2023\/06\/Fig-1.jpg?resize=2048%2C1717&amp;ssl=1 2048w\" sizes=\"auto, (max-width: 1000px) 100vw, 1000px\" \/><figcaption class=\"wp-element-caption\"><em>Fig. 1. Map of Zaragoza according to \u00c9. L\u00e9vi-Proven\u00e7al, Histoire de l\u2019Espagne musulmane, Paris, 1953<\/em>.<\/figcaption><\/figure>\n<\/div>\n\n\n<hr class=\"wp-block-separator has-text-color has-light-gray-blue-color has-alpha-channel-opacity has-light-gray-blue-background-color has-background\"\/>\n\n\n\n<p class=\"wp-block-paragraph\">On the other hand, the clich\u00e9 of religious quarters in Andalusian cities was reinforced by observations made by Orientalists in the Maghreb during the first half of the 20th century. For \u00c9. L\u00e9vi-Proven\u00e7al, the general appearance of the city of Fez at that time had barely changed over the centuries. He asserted that \u00abthe Muslim city,\u00bb as it was then called, had preserved the same features since the medieval period. \u00c9. L\u00e9vi-Proven\u00e7al and other Orientalists of his era quickly drew parallels between the <em>mellahs<\/em> of Moroccan cities they could observe and the <em>juder\u00edas<\/em> of al-Andalus, about which they had very little data.<\/p>\n\n\n\n<p class=\"wp-block-paragraph\">Finally, the notion of religious quarters in Andalusi cities also emerged from sometimes hasty readings of Medieval texts. In the case of Toledo, according to \u00c9. L\u00e9vi-Proven\u00e7al, the Jews resided in a separate quarter referred to as the \u00abCity of the Jews\u00bb (<em>mad\u012bnat al-yah\u016bd<\/em>), as mentioned in an 11th-century source, the <em>Muqtabis<\/em> by Ibn \u1e24ayy\u0101n, concerning a rebellion in the year 820. However, what Ibn \u1e24ayy\u0101n actually recounts is as follows: when the people of Toledo rebelled against the Emir of C\u00f3rdoba, the leader of the revolt laid siege to the \u00abCity of the Jews\u00bb before moving on to Toledo, where he stayed for some time. It is unclear which \u00abCity of the Jews\u00bb is being referred to, as several Andalusi cities bore that name. What is certain is that this does not refer to a Jewish quarter in Toledo.<\/p>\n\n\n<div class=\"wp-block-image\">\n<figure class=\"aligncenter size-large is-resized\"><img data-recalc-dims=\"1\" loading=\"lazy\" decoding=\"async\" width=\"1000\" height=\"927\" src=\"https:\/\/i0.wp.com\/www.alandalusylahistoria.com\/wp-content\/uploads\/2023\/06\/Fig.-2.jpg?resize=1000%2C927&#038;ssl=1\" alt=\"\" class=\"wp-image-4223\" style=\"aspect-ratio:1.0790303637876995;width:582px;height:auto\" srcset=\"https:\/\/i0.wp.com\/www.alandalusylahistoria.com\/wp-content\/uploads\/2023\/06\/Fig.-2.jpg?resize=1024%2C949&amp;ssl=1 1024w, https:\/\/i0.wp.com\/www.alandalusylahistoria.com\/wp-content\/uploads\/2023\/06\/Fig.-2.jpg?resize=300%2C278&amp;ssl=1 300w, https:\/\/i0.wp.com\/www.alandalusylahistoria.com\/wp-content\/uploads\/2023\/06\/Fig.-2.jpg?resize=768%2C712&amp;ssl=1 768w, https:\/\/i0.wp.com\/www.alandalusylahistoria.com\/wp-content\/uploads\/2023\/06\/Fig.-2.jpg?resize=1536%2C1423&amp;ssl=1 1536w, https:\/\/i0.wp.com\/www.alandalusylahistoria.com\/wp-content\/uploads\/2023\/06\/Fig.-2.jpg?w=2018&amp;ssl=1 2018w\" sizes=\"auto, (max-width: 1000px) 100vw, 1000px\" \/><figcaption class=\"wp-element-caption\"><em>Fig. 2. Map of Toledo according to \u00c9. L\u00e9vi-Proven\u00e7al, Histoire de l\u2019Espagne musulmane, Paris, 1953.<\/em><\/figcaption><\/figure>\n<\/div>\n\n\n<hr class=\"wp-block-separator has-text-color has-light-gray-blue-color has-alpha-channel-opacity has-light-gray-blue-background-color has-background\"\/>\n\n\n\n<p class=\"wp-block-paragraph\">The idea of Jewish and Christian quarters in Andalusian cities is a commonplace notion built on fragile foundations, excessively late data, or an ahistorical conception of the Islamic city, disconnected in both time and space. Its persistence to the present day owes much to its inherent vagueness: it has turned the <em>juder\u00edas<\/em> and Mozarab quarters of Andalusian cities into invisible neighbourhoods, whose characteristics have never been clearly defined.<\/p>\n\n\n\n<h2 class=\"wp-block-heading\"><em>Juder\u00edas<\/em>and Christian Quarters in Andalusi Cities: Undefined and Invisible Quarters<\/h2>\n\n\n\n<p class=\"wp-block-paragraph\">The religious quarters of Andalusi cities, where people were grouped by shared faith, remain undefined in several respects. First, the very existence of these quarters varies depending on the religious group, as reflected in the lexicon: according to the <em>DRAE<\/em>, <em>juder\u00eda<\/em> refers to both a Jewish quarter and the collective body of Jews, while <em>mozarab\u00eda<\/em> refers only to the people identified as Mozarabs. The existence of Jewish quarters is, indeed, much more likely to be stated as a fact than that of Christian quarters, as L. Torres Balb\u00e1s noted in the 1950s, without, however, stimulating much subsequent debate. Christians \u201csometimes lived mixed with the rest of the population and other times in communities, in independent quarters or suburbs, whether within the <em>madina<\/em> or outside it [\u2026] In almost all the cities of Islamic Spain, Jews lived in communities, separated from Muslims, in suburbs or quarters designated for them. Removed from the main thoroughfares of the Islamic city, the <em>juder\u00edas<\/em> formed isolated nuclei within, with one or few entrances.\u201d<\/p>\n\n\n\n<p class=\"wp-block-paragraph\">Mentions of Christian quarters appear in Zaragoza, Tudela, or Calatayud, while Christians are said to have lived mixed with Muslims in C\u00f3rdoba, Toledo, and \u00c9cija. Jews, in Granada, reportedly had their own quarter in the city center, while others resided in various suburbs of Granada. Thus, the geographic distribution of religious groups exhibits a wide range of situations. Regarding the <em>juder\u00edas<\/em>, the question also arises as to whether they were always enclosed by walls. Were the <em>juder\u00edas<\/em> always fortified, like the one in Lucena, described in the mid-12th century by al-Idr\u012bs\u012b, or like the <em>juder\u00eda<\/em> of Lorca (14th-15th centuries), which was excavated twenty years ago?<\/p>\n\n\n<div class=\"wp-block-image\">\n<figure class=\"aligncenter size-large is-resized\"><img data-recalc-dims=\"1\" loading=\"lazy\" decoding=\"async\" width=\"1000\" height=\"750\" src=\"https:\/\/i0.wp.com\/www.alandalusylahistoria.com\/wp-content\/uploads\/2023\/06\/Fig.5.jpg?resize=1000%2C750&#038;ssl=1\" alt=\"\" class=\"wp-image-4226\" style=\"width:610px;height:auto\" srcset=\"https:\/\/i0.wp.com\/www.alandalusylahistoria.com\/wp-content\/uploads\/2023\/06\/Fig.5.jpg?resize=1024%2C768&amp;ssl=1 1024w, https:\/\/i0.wp.com\/www.alandalusylahistoria.com\/wp-content\/uploads\/2023\/06\/Fig.5.jpg?resize=300%2C225&amp;ssl=1 300w, https:\/\/i0.wp.com\/www.alandalusylahistoria.com\/wp-content\/uploads\/2023\/06\/Fig.5.jpg?resize=768%2C576&amp;ssl=1 768w, https:\/\/i0.wp.com\/www.alandalusylahistoria.com\/wp-content\/uploads\/2023\/06\/Fig.5.jpg?w=1152&amp;ssl=1 1152w\" sizes=\"auto, (max-width: 1000px) 100vw, 1000px\" \/><figcaption class=\"wp-element-caption\"><em>Fig. 3. Lucena, Jewish Cemetery. \u00a9 Claude Guintard, Feb. 2023.<\/em><\/figcaption><\/figure>\n<\/div>\n\n\n<hr class=\"wp-block-separator has-text-color has-light-gray-blue-color has-alpha-channel-opacity has-light-gray-blue-background-color has-background\"\/>\n\n\n\n<p class=\"wp-block-paragraph\">Moreover, the religious quarters of Andalusi cities remain undefined regarding their location. Christian quarters were reportedly located within the walls in Toledo or \u00c9cija, but outside them in Valencia, Alcira, Murcia, or Granada, according to written accounts. Discrepancies arise concerning C\u00f3rdoba, where it is debated whether churches, and thus Christian quarters, remained within the <em>madina<\/em>. Here again, the issue relates to the terminology, which has not been thoroughly examined. Both terms used to describe the topographical units of cities, <em>barrio<\/em> and <em>arrabal<\/em>, share a history in their Arabic etymology and semantic field. According to the <em>DRAE<\/em>, <em>barrio<\/em> is defined as \u00abeach of the parts into which towns and cities are divided\u00bb and as \u00aba suburb or quarter outside a town.\u00bb When the geographer al-Himyar\u012b (d. c. 1325) indicates that \u00c9cija had several suburbs (<em>arrabales<\/em>), one of which contained the main mosque and a church, what did he mean? L. Torres Balb\u00e1s interpreted this <em>raba\u1e0d<\/em> as the city&#8217;s core, distinct from the urban <em>alcazaba<\/em>, located in the southeast of the enclosure. In this context, the <em>raba\u1e0d<\/em> was an intramural neighbourhood.<\/p>\n\n\n\n<p class=\"wp-block-paragraph\">What are we, as 21st-century historians, analyzing when we designate a quarter as intramural or extramural? Are we considering proximity to the seat of power, traditionally fortified and located within the walls? Or are we examining a particular moment in the city&#8217;s formation?<\/p>\n\n\n\n<p class=\"wp-block-paragraph\">Finally, the religious quarters of Andalusi cities remain undefined in their history \u2014 whether regarding their emergence, permanence, or displacement over time. For example, did the Christian quarter of Calatayud exist before 1120, when the King of Aragon conquered the city, or was it formed after the 1125 expedition? In C\u00f3rdoba, in the suburb of Cercadilla, there is evidence of a Christian <em>dhimm\u012b<\/em> presence from the 8th century until the Almohad period, with a population gap during the 11th century due to the <em>fitna<\/em>. It is generally thought that the <em>juder\u00edas<\/em> of C\u00f3rdoba and Toledo remained in the same location after the Castilian conquest, while those of Seville and Granada were relocated.<\/p>\n\n\n\n<p class=\"wp-block-paragraph\">Thus, the religious quarters in Andalusian cities are undefined in several aspects \u2014 location, enclosure, evolution over time, and social reality \u2014 rendering them invisible. However, in the past twenty years, the analysis of new sources, particularly legal texts, has brought a fresh perspective to the subject, while renewed methods of analyzing literary sources emphasize the archaeology of texts.<\/p>\n\n\n<div class=\"wp-block-image\">\n<figure class=\"aligncenter size-large is-resized\"><img data-recalc-dims=\"1\" loading=\"lazy\" decoding=\"async\" width=\"1000\" height=\"863\" src=\"https:\/\/i0.wp.com\/www.alandalusylahistoria.com\/wp-content\/uploads\/2023\/06\/Fig.-3.jpg?resize=1000%2C863&#038;ssl=1\" alt=\"\" class=\"wp-image-4224\" style=\"aspect-ratio:1.1583624021895176;width:570px;height:auto\" srcset=\"https:\/\/i0.wp.com\/www.alandalusylahistoria.com\/wp-content\/uploads\/2023\/06\/Fig.-3.jpg?resize=1024%2C884&amp;ssl=1 1024w, https:\/\/i0.wp.com\/www.alandalusylahistoria.com\/wp-content\/uploads\/2023\/06\/Fig.-3.jpg?resize=300%2C259&amp;ssl=1 300w, https:\/\/i0.wp.com\/www.alandalusylahistoria.com\/wp-content\/uploads\/2023\/06\/Fig.-3.jpg?resize=768%2C663&amp;ssl=1 768w, https:\/\/i0.wp.com\/www.alandalusylahistoria.com\/wp-content\/uploads\/2023\/06\/Fig.-3.jpg?resize=1536%2C1327&amp;ssl=1 1536w, https:\/\/i0.wp.com\/www.alandalusylahistoria.com\/wp-content\/uploads\/2023\/06\/Fig.-3.jpg?resize=2048%2C1769&amp;ssl=1 2048w\" sizes=\"auto, (max-width: 1000px) 100vw, 1000px\" \/><figcaption class=\"wp-element-caption\"><em>Fig. 4. Map of Seville according to \u00c9. L\u00e9vi-Proven\u00e7al, Histoire de l\u2019Espagne musulmane, Paris, 1953.<\/em><\/figcaption><\/figure>\n<\/div>\n\n\n<hr class=\"wp-block-separator has-text-color has-light-gray-blue-color has-alpha-channel-opacity has-light-gray-blue-background-color has-background\"\/>\n\n\n\n<h2 class=\"wp-block-heading\">What Do Medieval Sources Say About Religious Quarters?<\/h2>\n\n\n\n<p class=\"wp-block-paragraph\">Medieval documentation already provides the terms used to designate a neighbourhood, understood as the basic unit of a city \u2014 both a spatial and social reality, as neighbours maintained relationships within it. For instance, <em>\u1e25awma<\/em> appears in the work of Ibn Sahl, an 11th-century Cordoban jurist compiling judicial cases from the Umayyad and Taifa periods, while <em>raba\u1e0d<\/em> is mentioned in Ibn Ba\u0161kuw\u0101l&#8217;s 12th-century biographical dictionary. These neighbourhoods are often named after architectural elements of the city: a mosque, a street, a gate, an <em>almunia<\/em>, or a <em>\u1e25amm\u0101m<\/em>, with greater lexical diversity during the Almohad period. However, no term related to \u00abneighbourhood\u00bb is ever associated with a specific religious community. Thus, linguistically, there is no evidence for the existence of strictly religious neighbourhoods.<\/p>\n\n\n\n<p class=\"wp-block-paragraph\">However, Ibn Sahl&#8217;s work does contain references to Christians and Jews in certain judicial cases. Do we know where they lived, their neighbourhoods? Indeed, we do: they lived in mixed quarters alongside Muslims. In Cordoba during the 1030s, a <em>mu&#8217;adhdhin<\/em> (he who calls to prayer) was reported for disturbing his neighbours by climbing onto the mosque roof at night to pray loudly. One of the consulted <em>muftis<\/em> stated that the complainant could speak on behalf of \u00aball those near the mosque, Muslims and others, provided they appointed him as their representative.\u00bb This indicates that Muslims and <em>dhimmis<\/em> shared the same <em>\u1e25awma<\/em>. Forty years later, two Cordoban neighbours appeared before a judge disputing a ruined building situated between their homes in the <em>\u1e25awma<\/em> of the \u1e62aw\u0101b Mosque. One was Muslim, the other Jewish, representing the <em>waqf<\/em> properties of the synagogue. This shows that in the 1070s, a Muslim property could border one belonging to a Jewish place of worship. In the 11th-century Cordoba described by Ibn Sahl, there are no traces of strictly religious neighbourhoods, but rather mixed quarters where Muslims and <em>dhimmis<\/em> cohabited.<\/p>\n\n\n<div class=\"wp-block-image\">\n<figure class=\"aligncenter size-full is-resized\"><img data-recalc-dims=\"1\" loading=\"lazy\" decoding=\"async\" width=\"691\" height=\"922\" src=\"https:\/\/i0.wp.com\/www.alandalusylahistoria.com\/wp-content\/uploads\/2023\/06\/Fig.4.jpg?resize=691%2C922&#038;ssl=1\" alt=\"\" class=\"wp-image-4225\" style=\"width:423px;height:auto\" srcset=\"https:\/\/i0.wp.com\/www.alandalusylahistoria.com\/wp-content\/uploads\/2023\/06\/Fig.4.jpg?w=691&amp;ssl=1 691w, https:\/\/i0.wp.com\/www.alandalusylahistoria.com\/wp-content\/uploads\/2023\/06\/Fig.4.jpg?resize=225%2C300&amp;ssl=1 225w, https:\/\/i0.wp.com\/www.alandalusylahistoria.com\/wp-content\/uploads\/2023\/06\/Fig.4.jpg?resize=630%2C840&amp;ssl=1 630w\" sizes=\"auto, (max-width: 691px) 100vw, 691px\" \/><figcaption class=\"wp-element-caption\">Fig. 5. Toledo, sinagoga de Santa Mar\u00eda la Blanca @Christine Mazzoli-Guintard, nov. 2017<\/figcaption><\/figure>\n<\/div>\n\n\n<hr class=\"wp-block-separator has-text-color has-light-gray-blue-color has-alpha-channel-opacity has-light-gray-blue-background-color has-background\"\/>\n\n\n\n<p class=\"wp-block-paragraph\">Similar findings arise from other sources spanning different periods. During the emirate era in Cordoba, the jurist \u1e6c\u0101l\u016bt b. `Abd al-\u011eabb\u0101r survived the 818 suburban revolt by hiding for a year in the house of his Jewish <em>dhimmi<\/em> neighbor, who sheltered him out of pious compassion, as recounted by the chronicler Ibn \u1e24ayy\u0101n. Both lived in the same neighbourhood. In the same century, and according to the same author, the Great Mosque of Toledo was adjacent to a church. When its minaret collapsed, the Toledans sought and received permission from Emir Mu\u1e25ammad I (852\u2013886) to rebuild it and annex the adjacent church to the prayer hall. Thus, until the 850s or even the 880s, Muslims and Christian <em>dhimmis<\/em> shared a neighbourhood around the Great Mosque of Toledo.<\/p>\n\n\n\n<p class=\"wp-block-paragraph\">The same applies to the <em>kan\u012bsat al-nas\u0101r\u0101<\/em> (church) located near \u00c9cija\u2019s Great Mosque, mentioned by al-Himyar\u012b. While the source of his information remains unclear, it likely refers to a period when the Christian community still held significance, possibly the 10th century. A similar case arises in Lucena, where al-Idr\u012bs\u012b describes an unenclosed suburban area shared by Muslims and Jews. This overlapping of periods, especially the caliphal era, recurs throughout his work.<\/p>\n\n\n\n<p class=\"wp-block-paragraph\">By the early 12th century in Cordoba, there is still evidence of shared neighbourhoods: after buying a house, a Muslim attempted to void the purchase, citing the shared use of a well with a neighbouring property owned by <em>dhimmis<\/em>. When consulted, Ibn al-\u1e24\u0101\u011f\u011f (d. 1135) dismissed this argument, confirming the existence of mixed neighbourhoods. In Granada in early 1492, Jews lived in various city quarters alongside Muslim neighbours, as indicated in the capitulation treaty. Not all resided in the <em>juder\u00eda<\/em>, whose existence was later noted by Jer\u00f3nimo M\u00fcnzer during his visit in 1494.<\/p>\n\n\n\n<p class=\"wp-block-paragraph\">As it stands, there is no evidence that cities in al-Andalus had Christian or Jewish quarters defined as neighbourhoods where all members of these communities were forcibly concentrated, akin to modern ghettos. While it seems logical to assume pragmatic clustering around places of worship, literary and legal sources reveal topographical coexistence between Muslims and <em>dhimmis<\/em> throughout the long urban history of al-Andalus. Moreover, even after Alfonso X ordered the closure of Cordoba\u2019s <em>juder\u00eda<\/em> in 1272, obliging its inhabitants to reside there, not all Jews in Cordoba lived within that quarter.<\/p>\n\n\n\n<h2 class=\"wp-block-heading\">Conclusion<\/h2>\n\n\n\n<p class=\"wp-block-paragraph\">Were there Jewish and Christian quarters in Andalusi cities? Yes, if we consider a religious quarter as the part of the city where members of a religious community tended to live for pragmatic reasons, such as proximity to places of worship. These quarters were identified by their centers rather than by strict boundaries, reflecting a distinctly medieval conception of space. Only one aspect remains consistent across the urban history of al-Andalus: occasions of topographical coexistence that fostered neighbourly relations among populations of different religions. Beyond this, each city followed its unique trajectory concerning its religious quarters, leaving their urban monographs yet to be written.<\/p>\n\n\n\n<hr class=\"wp-block-separator has-text-color has-bright-blue-color has-alpha-channel-opacity has-bright-blue-background-color has-background\"\/>\n\n\n\n<h4 class=\"wp-block-heading\">For further reading:<\/h4>\n\n\n\n<ul class=\"wp-block-list\">\n<li>ARCE S\u00c1INZ, Fernando (2021): <a href=\"http:\/\/intushistoria.uai.cl\/index.php\/intushistoria\/article\/view\/456\" target=\"_blank\" rel=\"noreferrer noopener\">\u00abUna interpretaci\u00f3n pol\u00edtica (m\u00e1s que religiosa) de la situaci\u00f3n de los cristianos en al-Andalus a partir de la gesti\u00f3n de su arquitectura religiosa\u00bb<\/a>, <em>Intus-Legere Historia<\/em>, 15-2, pp. 140-159.<\/li>\n\n\n\n<li>COHEN, Mark R. (2008): <em>Under Crescent and Cross. The Jews in the Middle Ages<\/em>, Princeton: University Press.<\/li>\n\n\n\n<li>GALLARDO CARRILLO, Juan y GONZ\u00c1LEZ BALLESTEROS, Jos\u00e9 \u00c1. (2006): <a href=\"https:\/\/dialnet.unirioja.es\/servlet\/articulo?codigo=2207922\" target=\"_blank\" rel=\"noreferrer noopener\">\u00abEl urbanismo de la juder\u00eda medieval de Lorca a la luz de las \u00faltimas excavaciones (2004-2006)\u00bb<\/a>, <em>Alberca<\/em>, 4, pp. 129-152.<\/li>\n\n\n\n<li>HINOJOSA MONTALVO, Jos\u00e9 (1999), <em>Los jud\u00edos en tierras valencianas<\/em>, Valencia: Diputaci\u00f3n Provincial de Valencia.<\/li>\n\n\n\n<li>\u00abJuder\u00eda\u00bb, <em>Wikipedia<\/em>, <a href=\"https:\/\/es.wikipedia.org\/wiki\/Juder%C3%ADa\" target=\"_blank\" rel=\"noreferrer noopener\">https:\/\/es.wikipedia.org\/wiki\/Juder%C3%ADa<\/a>, consultado 07\/03\/2023.<\/li>\n\n\n\n<li>LACAVE RIA\u00d1O Jos\u00e9 L. (1992): <a href=\"https:\/\/digibug.ugr.es\/handle\/10481\/24622\" target=\"_blank\" rel=\"noreferrer noopener\">\u00abLas juder\u00edas del reino de Granada\u00bb<\/a>, <em>Chronica nova, Revista de historia moderna de la Universidad de Granada<\/em>, 20, pp. 253-298.<\/li>\n\n\n\n<li>MAZZOLI-GUINTARD, Christine (2003): <em>Vivre \u00e0 Cordoue au Moyen \u00c2ge, Solidarit\u00e9s citadines en terre d\u2019Islam aux X<sup>e<\/sup>-XI<sup>e<\/sup> si\u00e8cles<\/em>, Rennes: Presses Universitaires de Rennes.<\/li>\n\n\n\n<li>MAZZOLI-GUINTARD, Christine (2006): \u00abEspacios de convivencia en las ciudades de al-Andalus\u00bb, <em>Espiritualidad y convivencia en al-Andalus<\/em>, F. Rold\u00e1n Castro ed., Huelva: Universidad de Huelva, pp. 73-89.<\/li>\n\n\n\n<li>MAZZOLI-GUINTARD, Christine (2009): \u00abJuifs, chr\u00e9tiens et musulmans en terre d\u2019Islam: des quartiers multiconfessionnels dans la Cordoue des X<sup>e<\/sup>-XI<sup>e<\/sup> si\u00e8cles\u00bb, <em>\u00c9glises de l\u2019ouest, \u00e9glises d\u2019ailleurs<\/em>, B. Joly et J. Weber \u00e9d., Paris: Les Indes savantes, pp. 475-486.<\/li>\n\n\n\n<li>MAZZOLI-GUINTARD, Christine (2018): \u00abJud\u00edos, cristianos y musulmanes en las ciudades de al-Andalus: la experiencia del otro (ss. VIII-XV)\u00bb, <em>El legado de la Espa\u00f1a de las tres culturas, XVIII Jornadas de Historia en Llerena<\/em>, F. Lorenzana de la Puente y F. Mateos Ascacibar coord., Llerena: Sociedad Extreme\u00f1a de Historia, pp. 11-27.<\/li>\n\n\n\n<li>PELA\u00c9Z DEL ROSAL, Jes\u00fas (2003): \u00abLa juder\u00eda de C\u00f3rdoba en \u00e9poca musulmana\u00bb, <em>Juder\u00edas y sinagogas de la Sefarad medieval<\/em>, A. M. L\u00f3pez Alvarez y R. Izquierdo Benito, Toledo: Universidad de Castilla-La Mancha, pp. 57-72.<\/li>\n\n\n\n<li>TORRES BALB\u00c1S, Leopoldo (1954): \u00abMozarab\u00edas y juder\u00edas de las ciudades hispanomusulmanas\u00bb, <em>Al-Andalus<\/em>, 19, pp. 172-197, reed. en <em>Ciudades hispanomulmanas<\/em>, Madrid: Instituto hispano-\u00e1rabe de cultura, 1985, pp. 195-215.<\/li>\n\n\n\n<li>VIGUERA MOLINS, Mar\u00eda J. (2004): \u00abCristianos, jud\u00edos y musulmanes en al-Andalus\u00bb, <em>Cristianos, musulmanes y jud\u00edos en la Espa\u00f1a medieval: de la aceptaci\u00f3n al rechazo<\/em>, J. Valde\u00f3n Baruque dir., Valladolid: \u00c1mbito-Fundaci\u00f3n Duques de Soria, pp. 43-70.<\/li>\n\n\n\n<li>ZAN\u00d3N, Jes\u00fas (1989): <em>Topograf\u00eda de C\u00f3rdoba almohade a trav\u00e9s de las fuentes \u00e1rabes<\/em>, Madrid: CSIC.<\/li>\n<\/ul>\n","protected":false},"excerpt":{"rendered":"<p>Christine Mazzoli-Guintard<\/p>\n","protected":false},"author":11,"featured_media":4228,"comment_status":"closed","ping_status":"closed","sticky":false,"template":"","format":"standard","meta":{"_crdt_document":"","jetpack_post_was_ever_published":false,"footnotes":""},"categories":[418],"tags":[397,212,31,5,7,396,14,6],"coauthors":[262],"class_list":{"0":"post-5522","1":"post","2":"type-post","3":"status-publish","4":"format-standard","5":"has-post-thumbnail","6":"hentry","7":"category-english","8":"tag-barrios","9":"tag-ciudades","10":"tag-convivencia","11":"tag-cristianos-en-al-andalus","12":"tag-dhimmies","13":"tag-juderias","14":"tag-judios-en-al-andalus","15":"tag-mozarabes","17":"fallback-thumbnail"},"jetpack_featured_media_url":"https:\/\/i0.wp.com\/www.alandalusylahistoria.com\/wp-content\/uploads\/2023\/06\/Santa-Maria-la-Blanca-detalle.jpg?fit=1728%2C703&ssl=1","_links":{"self":[{"href":"https:\/\/www.alandalusylahistoria.com\/index.php?rest_route=\/wp\/v2\/posts\/5522","targetHints":{"allow":["GET"]}}],"collection":[{"href":"https:\/\/www.alandalusylahistoria.com\/index.php?rest_route=\/wp\/v2\/posts"}],"about":[{"href":"https:\/\/www.alandalusylahistoria.com\/index.php?rest_route=\/wp\/v2\/types\/post"}],"author":[{"embeddable":true,"href":"https:\/\/www.alandalusylahistoria.com\/index.php?rest_route=\/wp\/v2\/users\/11"}],"replies":[{"embeddable":true,"href":"https:\/\/www.alandalusylahistoria.com\/index.php?rest_route=%2Fwp%2Fv2%2Fcomments&post=5522"}],"version-history":[{"count":3,"href":"https:\/\/www.alandalusylahistoria.com\/index.php?rest_route=\/wp\/v2\/posts\/5522\/revisions"}],"predecessor-version":[{"id":5526,"href":"https:\/\/www.alandalusylahistoria.com\/index.php?rest_route=\/wp\/v2\/posts\/5522\/revisions\/5526"}],"wp:featuredmedia":[{"embeddable":true,"href":"https:\/\/www.alandalusylahistoria.com\/index.php?rest_route=\/wp\/v2\/media\/4228"}],"wp:attachment":[{"href":"https:\/\/www.alandalusylahistoria.com\/index.php?rest_route=%2Fwp%2Fv2%2Fmedia&parent=5522"}],"wp:term":[{"taxonomy":"category","embeddable":true,"href":"https:\/\/www.alandalusylahistoria.com\/index.php?rest_route=%2Fwp%2Fv2%2Fcategories&post=5522"},{"taxonomy":"post_tag","embeddable":true,"href":"https:\/\/www.alandalusylahistoria.com\/index.php?rest_route=%2Fwp%2Fv2%2Ftags&post=5522"},{"taxonomy":"author","embeddable":true,"href":"https:\/\/www.alandalusylahistoria.com\/index.php?rest_route=%2Fwp%2Fv2%2Fcoauthors&post=5522"}],"curies":[{"name":"wp","href":"https:\/\/api.w.org\/{rel}","templated":true}]}}