{"id":5415,"date":"2025-07-11T10:38:32","date_gmt":"2025-07-11T08:38:32","guid":{"rendered":"https:\/\/www.alandalusylahistoria.com\/?p=5415"},"modified":"2025-07-11T10:38:34","modified_gmt":"2025-07-11T08:38:34","slug":"el-historiador-ante-la-tergiversacion-de-la-historia","status":"publish","type":"post","link":"https:\/\/www.alandalusylahistoria.com\/?p=5415","title":{"rendered":"El historiador ante la tergiversaci\u00f3n de la Historia"},"content":{"rendered":"\n<h3 class=\"wp-block-heading has-text-align-center\">En estos momentos en los que la frontera entre lo verdadero y lo falso resulta tan endeble y en los que la tergiversaci\u00f3n de la historia al servicio de intereses ideol\u00f3gicos y pol\u00edticos es algo desgraciadamente cotidiano, \u00bfqu\u00e9 puede hacer el historiador para intentar remediar esta situaci\u00f3n?<br>En esta entrevista, primera de las realizadas por <em>Al-Andalus y la Historia<\/em>, el profesor <a href=\"https:\/\/unex.academia.edu\/FranciscoGarc%C3%ADaFitz\" target=\"_blank\" rel=\"noreferrer noopener\">Francisco Garc\u00eda Fitz<\/a> responde a esa importante pregunta<\/h3>\n\n\n\n<figure class=\"wp-block-embed aligncenter is-type-video is-provider-youtube wp-block-embed-youtube wp-embed-aspect-16-9 wp-has-aspect-ratio\"><div class=\"wp-block-embed__wrapper\">\n<iframe loading=\"lazy\" title=\"Entrevista a francisco Garc\u00eda Fitz\" width=\"1000\" height=\"563\" src=\"https:\/\/www.youtube.com\/embed\/e8ot8j3BmBo?feature=oembed\" frameborder=\"0\" allow=\"accelerometer; autoplay; clipboard-write; encrypted-media; gyroscope; picture-in-picture; web-share\" referrerpolicy=\"strict-origin-when-cross-origin\" allowfullscreen><\/iframe>\n<\/div><\/figure>\n\n\n\n<p class=\"wp-block-paragraph\"><strong>Art\u00edculos de Francisco Garc\u00eda Fitz en Al-Andalus y la Historia:<\/strong><\/p>\n\n\n\n<ul class=\"wp-block-list\">\n<li><a href=\"http:\/\/www.alandalusylahistoria.com\/?p=1410\">\u00ab\u2018Mio amigo es de paz\u2019: alianzas pol\u00edticas entre cristianos y musulmanes en la Edad Media ib\u00e9rica\u00bb<\/a>.<\/li>\n\n\n\n<li><a href=\"https:\/\/www.alandalusylahistoria.com\/?p=4481\" target=\"_blank\" rel=\"noreferrer noopener\">\u00ab\u2018Como ebrios sin estar ebrios\u2019. La conquista de Sevilla en su 775 aniversario\u00bb<\/a>.<\/li>\n<\/ul>\n","protected":false},"excerpt":{"rendered":"<p>En estos momentos en los que la frontera entre lo verdadero y lo falso resulta tan endeble y en los que la tergiversaci\u00f3n de la historia al servicio de intereses ideol\u00f3gicos y pol\u00edticos es algo desgraciadamente cotidiano, \u00bfqu\u00e9 puede hacer el historiador para intentar remediar esta situaci\u00f3n?En esta entrevista, primera de las realizadas por Al-Andalus&#8230; <\/p>\n<div class=\"link-more\"><a href=\"https:\/\/www.alandalusylahistoria.com\/?p=5415\">Leer M\u00e1s<\/a><\/div>\n","protected":false},"author":11,"featured_media":5418,"comment_status":"closed","ping_status":"closed","sticky":false,"template":"","format":"standard","meta":{"_crdt_document":"","jetpack_post_was_ever_published":false,"footnotes":""},"categories":[13],"tags":[16,37],"coauthors":[262],"class_list":{"0":"post-5415","1":"post","2":"type-post","3":"status-publish","4":"format-standard","5":"has-post-thumbnail","6":"hentry","7":"category-multimedia","8":"tag-historia","9":"tag-historiografia","11":"fallback-thumbnail"},"jetpack_featured_media_url":"https:\/\/i0.wp.com\/www.alandalusylahistoria.com\/wp-content\/uploads\/2025\/07\/Moreelse_Clio_-_muse_of_history.jpg?fit=673%2C907&ssl=1","jetpack-related-posts":[],"_links":{"self":[{"href":"https:\/\/www.alandalusylahistoria.com\/index.php?rest_route=\/wp\/v2\/posts\/5415","targetHints":{"allow":["GET"]}}],"collection":[{"href":"https:\/\/www.alandalusylahistoria.com\/index.php?rest_route=\/wp\/v2\/posts"}],"about":[{"href":"https:\/\/www.alandalusylahistoria.com\/index.php?rest_route=\/wp\/v2\/types\/post"}],"author":[{"embeddable":true,"href":"https:\/\/www.alandalusylahistoria.com\/index.php?rest_route=\/wp\/v2\/users\/11"}],"replies":[{"embeddable":true,"href":"https:\/\/www.alandalusylahistoria.com\/index.php?rest_route=%2Fwp%2Fv2%2Fcomments&post=5415"}],"version-history":[{"count":1,"href":"https:\/\/www.alandalusylahistoria.com\/index.php?rest_route=\/wp\/v2\/posts\/5415\/revisions"}],"predecessor-version":[{"id":5419,"href":"https:\/\/www.alandalusylahistoria.com\/index.php?rest_route=\/wp\/v2\/posts\/5415\/revisions\/5419"}],"wp:featuredmedia":[{"embeddable":true,"href":"https:\/\/www.alandalusylahistoria.com\/index.php?rest_route=\/wp\/v2\/media\/5418"}],"wp:attachment":[{"href":"https:\/\/www.alandalusylahistoria.com\/index.php?rest_route=%2Fwp%2Fv2%2Fmedia&parent=5415"}],"wp:term":[{"taxonomy":"category","embeddable":true,"href":"https:\/\/www.alandalusylahistoria.com\/index.php?rest_route=%2Fwp%2Fv2%2Fcategories&post=5415"},{"taxonomy":"post_tag","embeddable":true,"href":"https:\/\/www.alandalusylahistoria.com\/index.php?rest_route=%2Fwp%2Fv2%2Ftags&post=5415"},{"taxonomy":"author","embeddable":true,"href":"https:\/\/www.alandalusylahistoria.com\/index.php?rest_route=%2Fwp%2Fv2%2Fcoauthors&post=5415"}],"curies":[{"name":"wp","href":"https:\/\/api.w.org\/{rel}","templated":true}]}}