{"id":5289,"date":"2025-04-25T13:10:27","date_gmt":"2025-04-25T11:10:27","guid":{"rendered":"https:\/\/www.alandalusylahistoria.com\/?p=5289"},"modified":"2025-04-25T13:11:59","modified_gmt":"2025-04-25T11:11:59","slug":"la-puerta-del-califa","status":"publish","type":"post","link":"https:\/\/www.alandalusylahistoria.com\/?p=5289","title":{"rendered":"La puerta del califa"},"content":{"rendered":"\n<h3 class=\"wp-block-heading has-text-align-center\">En esta entrevista del canal \u00abMemorias Hisp\u00e1nicas\u00bb, <a href=\"https:\/\/csic.academia.edu\/ElsaCardoso\" target=\"_blank\" rel=\"noreferrer noopener\">Elsa Cardoso (CSIC)<\/a>, autora del libro <em><a href=\"https:\/\/www.amazon.es\/Door-Caliph-Concepts-Caliphate-al-Andalus\/dp\/1032207159\" target=\"_blank\" rel=\"noreferrer noopener\">The Door of the Caliph<\/a><\/em>, nos aproxima a la corte cordobesa de los omeyas, la analiza comparativamente con otras cortes de la \u00e9poca y explica cu\u00e1les eran los s\u00edmbolos que identificaban al califato de C\u00f3rdoba<\/h3>\n\n\n\n<figure class=\"wp-block-embed aligncenter is-type-video is-provider-youtube wp-block-embed-youtube wp-embed-aspect-16-9 wp-has-aspect-ratio\"><div class=\"wp-block-embed__wrapper\">\n<iframe loading=\"lazy\" title=\"La CORTE OMEYA no era como piensas | Entrevista a Elsa Cardoso\" width=\"1000\" height=\"563\" src=\"https:\/\/www.youtube.com\/embed\/pXhQr6tWehg?feature=oembed\" frameborder=\"0\" allow=\"accelerometer; autoplay; clipboard-write; encrypted-media; gyroscope; picture-in-picture; web-share\" referrerpolicy=\"strict-origin-when-cross-origin\" allowfullscreen><\/iframe>\n<\/div><\/figure>\n","protected":false},"excerpt":{"rendered":"<p>En esta entrevista del canal \u00abMemorias Hisp\u00e1nicas\u00bb, Elsa Cardoso (CSIC), autora del libro The Door of the Caliph, nos aproxima a la corte cordobesa de los omeyas, la analiza comparativamente con otras cortes de la \u00e9poca y explica cu\u00e1les eran los s\u00edmbolos que identificaban al califato de C\u00f3rdoba<\/p>\n","protected":false},"author":11,"featured_media":5290,"comment_status":"closed","ping_status":"closed","sticky":false,"template":"","format":"standard","meta":{"_crdt_document":"","jetpack_post_was_ever_published":false,"footnotes":""},"categories":[13],"tags":[47,49],"coauthors":[262],"class_list":{"0":"post-5289","1":"post","2":"type-post","3":"status-publish","4":"format-standard","5":"has-post-thumbnail","6":"hentry","7":"category-multimedia","8":"tag-califato-de-cordoba","9":"tag-corte-califal","11":"fallback-thumbnail"},"jetpack_featured_media_url":"https:\/\/i0.wp.com\/www.alandalusylahistoria.com\/wp-content\/uploads\/2025\/04\/ventana-Medina-Azahara.jpg?fit=1029%2C1356&ssl=1","jetpack-related-posts":[],"_links":{"self":[{"href":"https:\/\/www.alandalusylahistoria.com\/index.php?rest_route=\/wp\/v2\/posts\/5289","targetHints":{"allow":["GET"]}}],"collection":[{"href":"https:\/\/www.alandalusylahistoria.com\/index.php?rest_route=\/wp\/v2\/posts"}],"about":[{"href":"https:\/\/www.alandalusylahistoria.com\/index.php?rest_route=\/wp\/v2\/types\/post"}],"author":[{"embeddable":true,"href":"https:\/\/www.alandalusylahistoria.com\/index.php?rest_route=\/wp\/v2\/users\/11"}],"replies":[{"embeddable":true,"href":"https:\/\/www.alandalusylahistoria.com\/index.php?rest_route=%2Fwp%2Fv2%2Fcomments&post=5289"}],"version-history":[{"count":2,"href":"https:\/\/www.alandalusylahistoria.com\/index.php?rest_route=\/wp\/v2\/posts\/5289\/revisions"}],"predecessor-version":[{"id":5293,"href":"https:\/\/www.alandalusylahistoria.com\/index.php?rest_route=\/wp\/v2\/posts\/5289\/revisions\/5293"}],"wp:featuredmedia":[{"embeddable":true,"href":"https:\/\/www.alandalusylahistoria.com\/index.php?rest_route=\/wp\/v2\/media\/5290"}],"wp:attachment":[{"href":"https:\/\/www.alandalusylahistoria.com\/index.php?rest_route=%2Fwp%2Fv2%2Fmedia&parent=5289"}],"wp:term":[{"taxonomy":"category","embeddable":true,"href":"https:\/\/www.alandalusylahistoria.com\/index.php?rest_route=%2Fwp%2Fv2%2Fcategories&post=5289"},{"taxonomy":"post_tag","embeddable":true,"href":"https:\/\/www.alandalusylahistoria.com\/index.php?rest_route=%2Fwp%2Fv2%2Ftags&post=5289"},{"taxonomy":"author","embeddable":true,"href":"https:\/\/www.alandalusylahistoria.com\/index.php?rest_route=%2Fwp%2Fv2%2Fcoauthors&post=5289"}],"curies":[{"name":"wp","href":"https:\/\/api.w.org\/{rel}","templated":true}]}}