{"id":5264,"date":"2025-04-04T11:18:42","date_gmt":"2025-04-04T09:18:42","guid":{"rendered":"https:\/\/www.alandalusylahistoria.com\/?p=5264"},"modified":"2025-04-04T11:25:26","modified_gmt":"2025-04-04T09:25:26","slug":"a-spain-of-moorish-blood-the-right-and-the-arab-berber-heritage","status":"publish","type":"post","link":"https:\/\/www.alandalusylahistoria.com\/?p=5264","title":{"rendered":"A Spain of Moorish blood: the Right and the Arab-Berber heritage"},"content":{"rendered":"\n<h3 class=\"wp-block-heading has-text-align-center\">Between the end of the 19th century and the first decades of the 20th, almost the only thing that united the Spanish right-wing was their animosity towards the entire left. Apart from that, they had many differences. One of them was their conception of Spain&#8217;s Islamic past<\/h3>\n\n\n\n<hr class=\"wp-block-separator has-text-color has-light-gray-blue-color has-alpha-channel-opacity has-light-gray-blue-background-color has-background\"\/>\n\n\n\n<h4 class=\"wp-block-heading has-text-align-center\"><a href=\"https:\/\/www.alandalusylahistoria.com\/?page_id=226\" data-type=\"page\" data-id=\"226\">Fernando Bravo L\u00f3pez<\/a><br>Autonomous University of Madrid<\/h4>\n\n\n\n<hr class=\"wp-block-separator has-text-color has-light-gray-blue-color has-alpha-channel-opacity has-light-gray-blue-background-color has-background\"\/>\n\n\n\n<figure class=\"wp-block-image alignwide size-full\"><img data-recalc-dims=\"1\" loading=\"lazy\" decoding=\"async\" width=\"996\" height=\"362\" src=\"https:\/\/i0.wp.com\/www.alandalusylahistoria.com\/wp-content\/uploads\/2021\/12\/falangistas-con-chicas-marroquies.jpg?resize=996%2C362&#038;ssl=1\" alt=\"\" class=\"wp-image-3168\" srcset=\"https:\/\/i0.wp.com\/www.alandalusylahistoria.com\/wp-content\/uploads\/2021\/12\/falangistas-con-chicas-marroquies.jpg?w=996&amp;ssl=1 996w, https:\/\/i0.wp.com\/www.alandalusylahistoria.com\/wp-content\/uploads\/2021\/12\/falangistas-con-chicas-marroquies.jpg?resize=300%2C109&amp;ssl=1 300w, https:\/\/i0.wp.com\/www.alandalusylahistoria.com\/wp-content\/uploads\/2021\/12\/falangistas-con-chicas-marroquies.jpg?resize=768%2C279&amp;ssl=1 768w\" sizes=\"auto, (max-width: 996px) 100vw, 996px\" \/><figcaption class=\"wp-element-caption\">Falangist girls welcoming a representation of Moroccan girls in Burgos during the Spanish Civil War (1938). <a href=\"http:\/\/bdh-rd.bne.es\/viewer.vm?id=0000071212&amp;page=87\" target=\"_blank\" rel=\"noreferrer noopener\">Biblioteca Digital Hisp\u00e1nica<\/a>.<\/figcaption><\/figure>\n\n\n\n<hr class=\"wp-block-separator has-text-color has-light-gray-blue-color has-alpha-channel-opacity has-light-gray-blue-background-color has-background\"\/>\n\n\n\n<p class=\"has-text-align-right has-small-font-size wp-block-paragraph\"><strong><a href=\"https:\/\/www.alandalusylahistoria.com\/?p=3163\">Spanish version<\/a><\/strong><\/p>\n\n\n\n<h2 class=\"wp-block-heading\">Arab blood, Moorish blood, Spanish blood<\/h2>\n\n\n\n<p class=\"wp-block-paragraph\">Between the end of 1926 and the beginning of 1927, a curious controversy took place between the Aragonese writer Gregorio Garc\u00eda-Arista and the Cordovan journalist Antonio de la Rosa. The dispute began as a result of a statement by the former in which he reproduced the traditional image of Muslims and Jews as enemies of Spain, and in which he also mocked the belief that the Arabs had contributed anything to Spanish or European civilisation (<a href=\"https:\/\/www.abc.es\/archivo\/periodicos\/abc-madrid-19261204-4.html\" target=\"_blank\" rel=\"noreferrer noopener\"><em>ABC<\/em>, 4 December 1926<\/a>).<\/p>\n\n\n\n<p class=\"wp-block-paragraph\">To this, de la Rosa replied indignantly, branding Garc\u00eda-Arista an \u00abincorrigible xenophobe\u00bb, vindicating the contributions of \u00abArab Spain\u00bb to universal civilisation and proudly wielding the \u00abnoble blood of Arab knights\u00bb that the Andalusian people still carried in their veins (<a href=\"https:\/\/prensahistorica.mcu.es\/es\/catalogo_imagenes\/grupo.do?path=2005289&amp;presentacion=pagina&amp;posicion=3&amp;registrardownload=0\" target=\"_blank\" rel=\"noreferrer noopener\"><em>La Voz<\/em>, 11 December 1926<\/a>).<\/p>\n\n\n\n<p class=\"wp-block-paragraph\">In his counter-argument, Garc\u00eda-Arista, while branding his opponent a \u00abMoor\u00bb and a \u00abfakir\u00bb, turned his argument around: taking up <a href=\"https:\/\/www.alandalusylahistoria.com\/?p=1006\" target=\"_blank\" rel=\"noreferrer noopener\">the ideas of the school of Spanish Arabists<\/a>, he acknowledged the greatness of the Muslim civilisation of medieval Spain, but claimed, however, that its authors were not Arabs or Berbers, but Muslims of the \u00abSpanish race\u00bb, i.e., the indigenous \u00abSpanish\u00bb population converted to Islam. So, neither Spain nor Europe owed anything to the Arabs. Everything was the work of true Spaniards of the \u00abSpanish race\u00bb. The Arabs had contributed nothing, not even their blood, which had been diluted very early on in the bloodstream of the \u00abSpanish race\u00bb. Therefore, it could be said that, in reality, \u00abthe Reconquest was a civil war\u00bb between Spaniards of different religions (<a href=\"https:\/\/www.abc.es\/archivo\/periodicos\/abc-madrid-19270106-4.html\" target=\"_blank\" rel=\"noreferrer noopener\"><em>ABC<\/em>, 6 January 1927<\/a>).<\/p>\n\n\n\n<p class=\"wp-block-paragraph\">Both Antonio de la Rosa and Gregorio Garc\u00eda-Arista belonged to the Spanish right wing. Both supported the dictatorship of Primo de Rivera and both enthusiastically greeted Franco\u2019s military coup of 18 July 1936. However, both had a very different view of Spain&#8217;s past and of the \u00abracial\u00bb elements that characterised the Spanish nation. This also meant that, despite the political affinities between the two, they envisaged the Spain of the future and its relationship with Europe somewhat differently: a Spain in which the Arab-Berber racial element was a determining factor was a Spain racially distant from Europe, with all that this implied; a Spain that had remained racially unchanged by the Arab-Berber influence was a Spain racially close to Europe that could still be considered a \u00abBeacon of the West\u00bb. Determining this was of vital importance at a time when the question of Spain&#8217;s place in the world was being decided: whether it should \u00abEuropeanise\u00bb in order to overcome the state of decadence in which it found itself, or whether it should remain faithful to its traditional particularism and distance itself from the European example, which was precisely the reason for its decadence.<\/p>\n\n\n<div class=\"wp-block-image\">\n<figure class=\"aligncenter size-full is-resized\"><img data-recalc-dims=\"1\" loading=\"lazy\" decoding=\"async\" width=\"773\" height=\"576\" src=\"https:\/\/i0.wp.com\/www.alandalusylahistoria.com\/wp-content\/uploads\/2021\/12\/sangre-mora.jpg?resize=773%2C576&#038;ssl=1\" alt=\"\" class=\"wp-image-3169\" style=\"aspect-ratio:1.3419939746531497;width:692px;height:auto\" srcset=\"https:\/\/i0.wp.com\/www.alandalusylahistoria.com\/wp-content\/uploads\/2021\/12\/sangre-mora.jpg?w=773&amp;ssl=1 773w, https:\/\/i0.wp.com\/www.alandalusylahistoria.com\/wp-content\/uploads\/2021\/12\/sangre-mora.jpg?resize=300%2C224&amp;ssl=1 300w, https:\/\/i0.wp.com\/www.alandalusylahistoria.com\/wp-content\/uploads\/2021\/12\/sangre-mora.jpg?resize=768%2C572&amp;ssl=1 768w\" sizes=\"auto, (max-width: 773px) 100vw, 773px\" \/><figcaption class=\"wp-element-caption\">Cover of the score of the pasodoble \u201cSangre Mora\u201d by Ram\u00f3n Coll (1923)<\/figcaption><\/figure>\n<\/div>\n\n\n<hr class=\"wp-block-separator has-text-color has-light-gray-blue-color has-alpha-channel-opacity has-light-gray-blue-background-color has-background\"\/>\n\n\n\n<p class=\"wp-block-paragraph\">The Spanish right had different views on this. In fact, between the end of the 19th century and the first decades of the 20th century, almost the only thing that united them was their animosity towards the entire left \u2015from the liberal to the anarchist\u2015 which was clearly identified with the legacy of the French Enlightenment. But beyond this common enemy, the right, from the Carlists to the Falangists, including the conservative Alphonsine liberals and the National-Catholics, had many differences, differences that were momentarily set aside at the time of the coup d&#8217;\u00e9tat of 1936, but which were soon to reappear during the early years of Franco&#8217;s regime. One of these differences, as we have seen, was their conception of Spain&#8217;s Islamic past.&nbsp;<\/p>\n\n\n\n<p class=\"wp-block-paragraph\">Within Carlist traditionalism, one line can be identified \u2015personified by the Arabist Francisco Javier Simonet\u2015 which was open to recognising the Spanishness of most of the Andalusis, but which, in general, denied any virtue to that past, which was identified with an evil doctrine: Islam. However, it was more common for Carlism to identify the Andalusis as invading foreigners who had been justly expelled to Africa for the sake of Christian civilisation. In this sense, the Andalusi Muslims constituted \u00abthe other\u00bb against whom the Christian people had fought to liberate themselves. And, obviously, this struggle was extended to the contemporary period, identifying the medieval enemy, <a href=\"https:\/\/www.alandalusylahistoria.com\/?p=1226\" target=\"_blank\" rel=\"noreferrer noopener\">the \u00abSaracen\u00bb<\/a>, with the enemy of the moment, whether it was the Moroccan enemy \u2015with whom all kinship was denied: \u00abwe reject any kind of kinship with the fanatics of the Koran\u00bb, said <em>El Baluarte <\/em>(<a href=\"https:\/\/prensahistorica.mcu.es\/es\/catalogo_imagenes\/grupo.do?path=1001161&amp;presentacion=pagina&amp;posicion=2&amp;registrardownload=0\" target=\"_blank\" rel=\"noreferrer noopener\">27 October 1893<\/a>) \u2015 or whether it was the liberals or leftists.<\/p>\n\n\n\n<p class=\"wp-block-paragraph\">Among the National-Catholics this vision was also very present, except that the Christians&#8217; fight against the invasion was not only for the sake of the Monarchy and the Church, but also, and indissolubly, for the sake of the Nation, of the only Spanish nation that was, for them, possible: a Catholic nation. In this way, the Muslims \u2015or \u00abthe Moors\u00bb, as they usually called them\u2015 constituted that \u00abother\u00bb against which the Catholic character of the nation had been built. As the National-Catholic intellectual Ramiro de Maeztu (<a href=\"http:\/\/bdh-rd.bne.es\/viewer.vm?id=0000200699&amp;page=1\" target=\"_blank\" rel=\"noreferrer noopener\">1934: 205<\/a>) would say, \u00abThe Spanish character has been formed in a multi-secular struggle against the Moors and against the Jews\u00bb. And, shortly afterwards, Manuel Garc\u00eda Morente affirmed that \u00abWhat is someone else\u2019s is Islamic and foreign at the same time. What is our own is, therefore, both Christian and Spanish&#8217; (<a href=\"https:\/\/rebiun.baratz.es\/rebiun\/record\/Rebiun08901919\" target=\"_blank\" rel=\"noreferrer noopener\">1961: 287<\/a>), something that was conceived as the fruit of Providence&#8217;s design, which showed that Spain had been chosen by God for the defence of Christianity; that was its purpose, its raison d&#8217;\u00eatre.<\/p>\n\n\n<div class=\"wp-block-image\">\n<figure class=\"aligncenter size-full is-resized\"><img data-recalc-dims=\"1\" loading=\"lazy\" decoding=\"async\" width=\"719\" height=\"464\" src=\"https:\/\/i0.wp.com\/www.alandalusylahistoria.com\/wp-content\/uploads\/2021\/12\/santiago_defensa_hispanidad.jpg?resize=719%2C464&#038;ssl=1\" alt=\"\" class=\"wp-image-3170\" style=\"width:511px;height:auto\" srcset=\"https:\/\/i0.wp.com\/www.alandalusylahistoria.com\/wp-content\/uploads\/2021\/12\/santiago_defensa_hispanidad.jpg?w=719&amp;ssl=1 719w, https:\/\/i0.wp.com\/www.alandalusylahistoria.com\/wp-content\/uploads\/2021\/12\/santiago_defensa_hispanidad.jpg?resize=300%2C194&amp;ssl=1 300w\" sizes=\"auto, (max-width: 719px) 100vw, 719px\" \/><figcaption class=\"wp-element-caption\">\u00abSantiago y cierra Espa\u00f1a\u00bb. Illustration of the final pages of <em>Defensa de la Hispanidad<\/em> de Ramiro de Maeztu (1934)<\/figcaption><\/figure>\n<\/div>\n\n\n<hr class=\"wp-block-separator has-text-color has-light-gray-blue-color has-alpha-channel-opacity has-light-gray-blue-background-color has-background\"\/>\n\n\n\n<p class=\"wp-block-paragraph\">However, as we have seen, not everyone in National-Catholicism thought the same way. Thanks to the influence of Marcelino Men\u00e9ndez Pelayo, who throughout his life had been moving closer to the postulates of the school of Spanish Arabists, and thanks, obviously, to the latter \u2015whose most prominent representatives were within Catholic conservatism\u2015 &nbsp;people like Garc\u00eda-Arista \u2015 who, in fact, was a disciple of Men\u00e9ndez Pelayo\u2015 &nbsp;had accepted the full Spanishness of the Andalusi Muslims, while denying any contribution from the Arabs and Berbers.<\/p>\n\n\n\n<p class=\"wp-block-paragraph\">In other areas of the Spanish right, on the other hand, the Arab-Berber legacy was fully accepted. In part of that heterogeneous sector of the right wing that began to take shape during the Second Republic inspired by Italian and German fascisms, in the Falange and the JONS, the vindication of that heritage remained very present.<\/p>\n\n\n\n<h2 class=\"wp-block-heading\">The Moorish (or Arab) blood of the Spaniards<\/h2>\n\n\n\n<p class=\"wp-block-paragraph\">This conception of the origins of the Spanish people had a long history which cannot be dealt with here, but it is perhaps worth pointing out that it was a very widespread view in Spain in the late 19th and early 20th centuries; a view which crossed ideological boundaries and which, contrary to what has sometimes been claimed, was by no means restricted to Andalusian nationalism. It could even be said that, among the various ways of conceiving Spanish national identity during that period, at least one was built on the full conviction that Spaniards had, to a greater or lesser extent, a Moorish or Arab origin \u2015for both origins were often confused in discourse, and sometimes Jewish origin was also added.<\/p>\n\n\n\n<p class=\"wp-block-paragraph\">From the late 19th century onwards, many Spaniards used this image, mixed with the most widespread Orientalist and racist stereotypes applied to themselves, to denounce various uncomfortable aspects of their own society, attributing their origin to the influence of their biological Arab-Berber heritage. Most commonly, the influence of Arab or Moorish blood was blamed for the supposed congenital inability of Spaniards to follow the European path and live in a full democracy. Even some of the most important Spanish novelists of the late 19th and early 20th centuries echoed these ideas. For example, Emilia Pardo Baz\u00e1n had one of her characters say that \u201cwith Arab blood in our veins and our eternal indiscipline\u201d, democracy, which was possible in northern European countries, was impossible in Spain (<a href=\"https:\/\/rebiun.baratz.es\/rebiun\/record\/Rebiun25924729\" target=\"_blank\" rel=\"noreferrer noopener\">1910: 134<\/a>). And in what is perhaps P\u00edo Baroja&#8217;s most important novel, <em>El \u00e1rbol de la ciencia (<\/em>1911), one of his characters went even further, blaming all the ills of Spanish society on \u201cwhat remains of Moor and Jew in the Spaniard\u201d (<a href=\"https:\/\/rebiun.baratz.es\/rebiun\/record\/Rebiun25383571\" target=\"_blank\" rel=\"noreferrer noopener\">2012: 262<\/a>).<\/p>\n\n\n\n<p class=\"wp-block-paragraph\">As we have pointed out, this vision was very present in the Spanish right-wing, partly because it was one of the foundations on which the discourse of \u00abSpanish-Moroccan brotherhood\u00bb was based, which was widely used to legitimise Spanish colonialism on the other side of the Strait of Gibraltar.<\/p>\n\n\n<div class=\"wp-block-image\">\n<figure class=\"aligncenter size-full\"><img data-recalc-dims=\"1\" loading=\"lazy\" decoding=\"async\" width=\"513\" height=\"352\" src=\"https:\/\/i0.wp.com\/www.alandalusylahistoria.com\/wp-content\/uploads\/2021\/12\/Chicas-falangistas.jpg?resize=513%2C352&#038;ssl=1\" alt=\"\" class=\"wp-image-3171\" srcset=\"https:\/\/i0.wp.com\/www.alandalusylahistoria.com\/wp-content\/uploads\/2021\/12\/Chicas-falangistas.jpg?w=513&amp;ssl=1 513w, https:\/\/i0.wp.com\/www.alandalusylahistoria.com\/wp-content\/uploads\/2021\/12\/Chicas-falangistas.jpg?resize=300%2C206&amp;ssl=1 300w\" sizes=\"auto, (max-width: 513px) 100vw, 513px\" \/><figcaption class=\"wp-element-caption\">Falangist girls walking through Plasencia with Moroccan soldiers during the Civil War. <a href=\"http:\/\/bdh-rd.bne.es\/viewer.vm?id=0000226631&amp;page=1\" target=\"_blank\" rel=\"noreferrer noopener\">Biblioteca Digital Hisp\u00e1nica<\/a>.<\/figcaption><\/figure>\n<\/div>\n\n\n<hr class=\"wp-block-separator has-text-color has-light-gray-blue-color has-alpha-channel-opacity has-light-gray-blue-background-color has-background\"\/>\n\n\n\n<p class=\"wp-block-paragraph\">This discourse, which is usually represented as homogeneous, was in fact a diversity of discourses of different origins and foundations that sometimes appeared mixed, giving shape to the idea of the existence of a \u00abracial\u00bb brotherhood between Spaniards and Moroccans. Broadly speaking, we can distinguish two variants. On the one hand, there was one \u2015which could perhaps be considered more academic, as it tended to be based on the anthropology of the time\u2015 that defended the existence of a racial link from prehistoric times: the same race, sometimes called \u00abIberian\u00bb, sometimes called \u00abMediterranean\u00bb, would have lived on both sides of the Strait and would have remained more or less stable in its \u00abracial\u00bb composition until contemporary times. The clearest example of this type of formulation is represented by a speech by Joaqu\u00edn Costa (<a href=\"https:\/\/ifc.dpz.es\/publicaciones\/ebooks\/id\/3094\" target=\"_blank\" rel=\"noreferrer noopener\">1884: 305<\/a>) in which he asserted that blood did not separate Moroccans and Spaniards, that \u00abMoors and Spaniards are brothers\u00bb, since they belonged \u00abto the same Mediterranean race\u00bb.<\/p>\n\n\n\n<p class=\"wp-block-paragraph\">This first variant also had a long history that has recently been studied by <a href=\"https:\/\/www.marcialpons.es\/libros\/cuando-africa-comenzaba-en-los-pirineos\/9788417945305\/\" target=\"_blank\" rel=\"noreferrer noopener\">Carlos Ca\u00f1ete<\/a>, and is the one that has most in common with the idea of \u00abMuslim Spain\u00bb defended by the school of Spanish Arabists, since it was based on the idea that the same \u00abracial substratum\u00bb had survived over the centuries, with little or no alteration by the Arab-Berber conquest of the eighth century. However, as far as we know, Spanish Arabists do not seem to have advocated any kind of Spanish-Moroccan brotherhood based on racial notions \u2015in 1940, <a href=\"https:\/\/www.alandalusylahistoria.com\/?p=1297\" target=\"_blank\" rel=\"noreferrer noopener\">As\u00edn Palacios would argue<\/a>, in any case, for the existence of a \u00abspiritual brotherhood\u00bb, not a racial one\u2015. In fact, Juli\u00e1n Ribera, in his 1901-1902 texts on \u00abThe Moroccan Question\u00bb, did not refer once to this idea of brotherhood. The only racial kinship he attributed to the Spaniards was, on the contrary, with France (<a href=\"https:\/\/repositorio.uam.es\/bitstream\/handle\/10486\/670174\/REIM_6_17.pdf?sequence=1&amp;isAllowed=y\" target=\"_blank\" rel=\"noreferrer noopener\">2008: 181<\/a>).<\/p>\n\n\n\n<p class=\"wp-block-paragraph\">The second variant \u2015which we might consider more popular\u2015 \u00a0was totally contradictory to the first: instead of the inalterability of race, it argued that, as a product of the Arab-Berber conquest, a profound miscegenation had taken place in the Peninsula, and, as a product of this, it defended the existence in Spaniards of an Arab-Berber racial element that was decisive, defining. It was on the basis of this vision of the past that the existence in the present of a brotherhood of blood between Moroccans and Spaniards was affirmed: Spaniards carried Arab or Berber blood in their veins \u2015and sometimes this idea was combined with the idea that Moroccans also carried Spanish blood. It is precisely this more \u00abpopular\u00bb variant that can be found in the versions of the discourse of Spanish-Moroccan brotherhood most present among some sectors of the Spanish right, mainly among the Falangists and the Africanist military linked to the military coup of 1936.<\/p>\n\n\n\n<h2 class=\"wp-block-heading\">\u201cBlood of Morocco and Spain\u201d<\/h2>\n\n\n\n<p class=\"wp-block-paragraph\">During the Civil War, it was more than striking that the side that invoked the image of the Crusade and the Reconquest to legitimise its fight against the Republic was precisely the side that employed Muslim troops, the side that received with full honours the Moroccan notables who visited the Peninsula, and even invited them to pray in the mosque of Cordoba (<a href=\"https:\/\/prensahistorica.mcu.es\/es\/catalogo_imagenes\/grupo.do?path=2011176&amp;presentacion=pagina&amp;posicion=1&amp;registrardownload=0\" target=\"_blank\" rel=\"noreferrer noopener\"><em>Diario de Cordoba<\/em>, 6 April 1937<\/a>). The Francoist authorities also paid, for many years, the expenses of the pilgrimage to Mecca, and they took advantage of the opportunity this provided to emphasise the \u201cbrotherhood linked by blood ties\u201d between Moroccans and Spaniards (<a href=\"https:\/\/prensahistorica.mcu.es\/es\/catalogo_imagenes\/grupo.do?path=2014998&amp;presentacion=pagina&amp;posicion=8&amp;registrardownload=0\" target=\"_blank\" rel=\"noreferrer noopener\"><em>Azul<\/em>, 5 January 1939<\/a>).<\/p>\n\n\n\n<p class=\"wp-block-paragraph\">This situation was difficult to justify from the point of view of Catholic traditionalism imbued with the crusader spirit. The contradictions were obvious and, in some cases, blatant. Thus, for example, the Falangist daily <em>Labor <\/em>could greet in one column \u00abthe Moroccan soldiers in this hour of triumph\u00bb with \u00abGod save you old warriors of Islam\u00bb, considering them members of a \u00absister race\u00bb, while, in a parallel column, it spoke of the capture of Guecho (in the Basque Country) by the<em> requet\u00e9s <\/em>(i.e., Carlist traditionalist soldiers), calling the town \u00abThe Mecca of Aguirre the great Eusko Mohammed\u00bb (<a href=\"https:\/\/prensahistorica.mcu.es\/es\/catalogo_imagenes\/grupo.do?path=3029224&amp;presentacion=pagina&amp;posicion=3\" target=\"_blank\" rel=\"noreferrer noopener\"><em>Labor<\/em>, 21 June 1937<\/a>).<\/p>\n\n\n<div class=\"wp-block-image\">\n<figure class=\"aligncenter size-full\"><img data-recalc-dims=\"1\" loading=\"lazy\" decoding=\"async\" width=\"431\" height=\"612\" src=\"https:\/\/i0.wp.com\/www.alandalusylahistoria.com\/wp-content\/uploads\/2021\/12\/A-los-soldados.jpg?resize=431%2C612&#038;ssl=1\" alt=\"\" class=\"wp-image-3172\" srcset=\"https:\/\/i0.wp.com\/www.alandalusylahistoria.com\/wp-content\/uploads\/2021\/12\/A-los-soldados.jpg?w=431&amp;ssl=1 431w, https:\/\/i0.wp.com\/www.alandalusylahistoria.com\/wp-content\/uploads\/2021\/12\/A-los-soldados.jpg?resize=211%2C300&amp;ssl=1 211w\" sizes=\"auto, (max-width: 431px) 100vw, 431px\" \/><figcaption class=\"wp-element-caption\">Portrait of the grand vizier Sidi Ahmed b. Abdelkrim el Gammia. <a href=\"https:\/\/prensahistorica.mcu.es\/es\/catalogo_imagenes\/grupo.do?path=3029224&amp;presentacion=pagina&amp;posicion=3\" target=\"_blank\" rel=\"noreferrer noopener\"><em>Labor<\/em>, 21 de junio de 1937<\/a>.<\/figcaption><\/figure>\n<\/div>\n\n\n<hr class=\"wp-block-separator has-text-color has-light-gray-blue-color has-alpha-channel-opacity has-light-gray-blue-background-color has-background\"\/>\n\n\n\n<p class=\"wp-block-paragraph\">On the other hand, from the point of view of the more secularised sectors of fascism, the situation was more easily justifiable: they only had to appeal to that image so solidified by the tradition of blood brotherhood between Spaniards and Moroccans.<\/p>\n\n\n\n<p class=\"wp-block-paragraph\">Thus, Francoist propaganda echoed this type of idea when, for example, it spoke of the presence of Moroccan troops at certain celebrations: In the Madrid town of Gri\u00f1\u00f3n, on the occasion of the celebration of the \u00abChrist <em>aparecido<\/em>\u00ab, a journalist described the embrace between Lieutenant Colonel Manuel Coco and a Muslim soldier, referring to the brotherhood between the two peoples and pointing out that, at that moment, \u00abit was also felt that the Moorish blood that the Spaniard carried in his veins and the Spanish blood that the Moor carried beat in the hearts of those two men with the same force that Moroccans and Spaniards are now fighting together to save Spain\u00bb (<a href=\"https:\/\/prensahistorica.mcu.es\/es\/catalogo_imagenes\/grupo.do?path=1000205137&amp;presentacion=pagina&amp;posicion=6&amp;registrardownload=0\" target=\"_blank\" rel=\"noreferrer noopener\"><em>Imperio<\/em>, 19 June 1937<\/a>). It is precisely this same idea of community of blood that we find in a famous speech by Francisco Franco in 1937: \u00abSpain and Islam have always been the peoples who understood each other best. When your ancestors passed through these places and these fields, the Muslim people had a culture, a science, a greatness, a greatness that is fused in the blood of Morocco and Spain&#8217; (<a href=\"https:\/\/www.abc.es\/archivo\/periodicos\/abc-sevilla-19370403.html\" target=\"_blank\" rel=\"noreferrer noopener\"><em>ABC <\/em>(Seville), 3 April 1937<\/a>).<\/p>\n\n\n\n<figure class=\"wp-block-image size-large\"><img data-recalc-dims=\"1\" loading=\"lazy\" decoding=\"async\" width=\"1000\" height=\"736\" src=\"https:\/\/i0.wp.com\/www.alandalusylahistoria.com\/wp-content\/uploads\/2021\/12\/Carmen-Franco.jpg?resize=1000%2C736&#038;ssl=1\" alt=\"\" class=\"wp-image-3173\" srcset=\"https:\/\/i0.wp.com\/www.alandalusylahistoria.com\/wp-content\/uploads\/2021\/12\/Carmen-Franco.jpg?resize=1024%2C754&amp;ssl=1 1024w, https:\/\/i0.wp.com\/www.alandalusylahistoria.com\/wp-content\/uploads\/2021\/12\/Carmen-Franco.jpg?resize=300%2C221&amp;ssl=1 300w, https:\/\/i0.wp.com\/www.alandalusylahistoria.com\/wp-content\/uploads\/2021\/12\/Carmen-Franco.jpg?resize=768%2C565&amp;ssl=1 768w, https:\/\/i0.wp.com\/www.alandalusylahistoria.com\/wp-content\/uploads\/2021\/12\/Carmen-Franco.jpg?w=1088&amp;ssl=1 1088w\" sizes=\"auto, (max-width: 1000px) 100vw, 1000px\" \/><figcaption class=\"wp-element-caption\">Carmen Franco y Serrano Su\u00f1er welcomed a commission of Moroccan girls in Burgos (1938). <a href=\"http:\/\/bdh-rd.bne.es\/viewer.vm?id=0000071212&amp;page=55\" target=\"_blank\" rel=\"noreferrer noopener\">Biblioteca Digital Hisp\u00e1nica<\/a>.<\/figcaption><\/figure>\n\n\n\n<hr class=\"wp-block-separator has-text-color has-light-gray-blue-color has-alpha-channel-opacity has-light-gray-blue-background-color has-background\"\/>\n\n\n\n<p class=\"wp-block-paragraph\">Around the same time, Jos\u00e9 Mar\u00eda Pem\u00e1n, who took up a position halfway between Acci\u00f3n Espa\u00f1ola and Falange circles, justified the presence of Moroccan troops by appealing to the \u00abmestizaje\u00bb, the product of medieval coexistence with the Arabs, which had resulted in the \u00abrichest and most subtle civilisation of the Middle Ages\u00bb (<a href=\"https:\/\/prensahistorica.mcu.es\/es\/catalogo_imagenes\/grupo.do?path=2199914&amp;presentacion=pagina&amp;posicion=2&amp;registrardownload=0\" target=\"_blank\" rel=\"noreferrer noopener\"><em>El D\u00eda de Palencia<\/em>, 11 November 1937<\/a>). That such a philofascist orator welcomed the Arab, Semitic contribution and the racial and cultural mixing brought about by the conquest of 711 is not strange. During the 1930s, two different visions of &#8216;race&#8217; and racism struggled within Spanish fascism: one, influenced by Nazism, defended racial purity as an ideal and perceived any Semitic influence as a threat; and the other, based on the Catholic idea of &#8216;hispanidad&#8217;, defended racial diversity within a spiritual unity. Pem\u00e1n himself, in 1932, argued that \u00abour tradition is not, then, a tradition of &#8216;race&#8217;, but on the contrary: of universality. \u2018Racism\u2019 \u2015which is exclusivism and a break with universality\u2015 is a Protestant and Germanic introduction\u00bb (<a href=\"https:\/\/prensahistorica.mcu.es\/es\/catalogo_imagenes\/grupo.do?path=2207701&amp;presentacion=pagina&amp;posicion=1&amp;registrardownload=0\" target=\"_blank\" rel=\"noreferrer noopener\"><em>El D\u00eda de Palencia<\/em>, 18 October 1932<\/a>). In fact, Ernesto Gim\u00e9nez Caballero, situating Spain, because of its Arab-Berber heritage, halfway between East and West, would go so far as to consider that what characterised the country was its \u00ab<em>anti-racist <\/em>genius<em>\u00bb <\/em>(<a href=\"https:\/\/rebiun.baratz.es\/rebiun\/record\/Rebiun02824691\" target=\"_blank\" rel=\"noreferrer noopener\">1938: 88<\/a>). Even the fascist daily <em>Imperio<\/em>, shortly afterwards (<a href=\"https:\/\/prensahistorica.mcu.es\/es\/catalogo_imagenes\/grupo.do?path=1000117728&amp;presentacion=pagina&amp;posicion=4&amp;registrardownload=0\" target=\"_blank\" rel=\"noreferrer noopener\">16 August 1938<\/a>), would publish an article stating that \u00abThe Falange is not, nor can it be, &#8216;racist&#8217;, unless it first betrays its Doctrine and empties of meaning its conception of man, of Homeland, of Empire\u00bb.\u00a0<\/p>\n\n\n\n<p class=\"wp-block-paragraph\">By no means did that make the racist tendency within Spanish fascism disappear, and it would not begin to do so until the defeat of Germany in 1945, when that sector of Falange was gradually pushed aside in favour of more orthodox Catholic positions. In fact, it was possible to defend the mestizo origin of Spaniards and, at the same time, a totally racist view of history in which the Arab-Berber heritage played a decisive role and explained the conflicts that Spanish society faced. The leader of Falange himself, Jos\u00e9 Antonio Primo de Rivera, shortly before his execution, defended in \u201cGermanos contra bereberes\u201d (<a href=\"https:\/\/rebiun.baratz.es\/rebiun\/record\/Rebiun03490475\" target=\"_blank\" rel=\"noreferrer noopener\">1996: 160-166<\/a>) ideas very similar to those already put forward by On\u00e9simo Redondo, which explained the history of Spain as a struggle between Goths of Aryan origin, identified with the ruling class, and Spaniards of Berber origin, identified with the popular masses \u2015especially the populations of the South and Southeast of the peninsula\u2015, as well as with \u201cthe entire left-wing intelligentsia\u201d.<\/p>\n\n\n\n<figure class=\"wp-block-image size-large\"><img data-recalc-dims=\"1\" loading=\"lazy\" decoding=\"async\" width=\"1000\" height=\"598\" src=\"https:\/\/i0.wp.com\/www.alandalusylahistoria.com\/wp-content\/uploads\/2021\/12\/Madrid._Desfile_de_la_Victoria._109.jpg?resize=1000%2C598&#038;ssl=1\" alt=\"\" class=\"wp-image-3174\" srcset=\"https:\/\/i0.wp.com\/www.alandalusylahistoria.com\/wp-content\/uploads\/2021\/12\/Madrid._Desfile_de_la_Victoria._109.jpg?resize=1024%2C612&amp;ssl=1 1024w, https:\/\/i0.wp.com\/www.alandalusylahistoria.com\/wp-content\/uploads\/2021\/12\/Madrid._Desfile_de_la_Victoria._109.jpg?resize=300%2C179&amp;ssl=1 300w, https:\/\/i0.wp.com\/www.alandalusylahistoria.com\/wp-content\/uploads\/2021\/12\/Madrid._Desfile_de_la_Victoria._109.jpg?resize=768%2C459&amp;ssl=1 768w, https:\/\/i0.wp.com\/www.alandalusylahistoria.com\/wp-content\/uploads\/2021\/12\/Madrid._Desfile_de_la_Victoria._109.jpg?w=1224&amp;ssl=1 1224w\" sizes=\"auto, (max-width: 1000px) 100vw, 1000px\" \/><figcaption class=\"wp-element-caption\">Moroccan representation at the \u00abParade of Victory\u00bb (1939). <a href=\"http:\/\/bdh-rd.bne.es\/viewer.vm?id=0000139782&amp;page=109\" target=\"_blank\" rel=\"noreferrer noopener\">Biblioteca Digital Hisp\u00e1nica<\/a>.<\/figcaption><\/figure>\n\n\n\n<hr class=\"wp-block-separator has-text-color has-light-gray-blue-color has-alpha-channel-opacity has-light-gray-blue-background-color has-background\"\/>\n\n\n\n<h2 class=\"wp-block-heading\">The slow imposition of \u00abMuslim Spain\u00bb.<\/h2>\n\n\n\n<p class=\"wp-block-paragraph\">Antonio de la Rosa&#8217;s vision, based on the idea of the determining influence of Arab-Berber blood in the racial make-up of Spaniards, began to give way, little by little, throughout the Franco regime. Meanwhile, Garc\u00eda-Arista&#8217;s vision began to prevail, without wiping his opponent&#8217;s ideas off the map \u2015which, in fact, have continued to be very present in Spanish society to this day, although very little among the Spanish right.<\/p>\n\n\n\n<p class=\"wp-block-paragraph\">This process was helped by the success of the work of some of the disciples of the Arabists Juli\u00e1n Ribera and Miguel As\u00edn, \u00c1ngel Gonz\u00e1lez Palencia and Emilio Garc\u00eda G\u00f3mez, who continued to defend the ideas of their masters from privileged positions within the Franco regime. Jos\u00e9 Mar\u00eda Pem\u00e1n himself, in the 1950s, seemed to have evolved in his thinking to gradually qualify the idea of the mixture of bloods and to embrace the idea that, despite the Arab-Berber conquest, throughout the Middle Ages there had been a pre-eminence of the Hispanic indigenous element, and that the Arab-Berber contribution to the Spanish bloodstream was very scarce, so that \u00abthe Moors of Spain, although they retained all the outward appearance of Moors, were almost entirely Spanish by blood and race,\u00bb which explained the splendour of Andalusi civilisation (<a href=\"https:\/\/rebiun.baratz.es\/rebiun\/record\/Rebiun02305370\" target=\"_blank\" rel=\"noreferrer noopener\">1950: 81<\/a>).<\/p>\n\n\n\n<p class=\"wp-block-paragraph\">Also important was the paradoxical influence exerted among some authors linked to the regime by the work of Claudio S\u00e1nchez-Albornoz, who was, in fact, president of the Republic in exile. Thus, contrary to Am\u00e9rico Castro&#8217;s interpretation of Spain&#8217;s past, S\u00e1nchez-Albornoz used the theories of Spanish Arabists to argue that the Semitic influence in Spain had been negligible, and that the vast majority of the Andalusis had been native Spaniards. It was to this that the greatness of the civilisation of al-Andalus was due, not to any Semitic contribution. If anything, the Muslim invasion had removed Spain from its European destiny. It was here that Spain&#8217;s temporary estrangement from Europe was to be found. The \u00abReconquista\u00bb had come, according to him, to partially remedy this separation by saving Spain from the \u201ccruelty\u201d, \u201cstupidity\u201d and \u201cbarbarism\u201d of the Islamic peoples, and by returning Spain to the path that \u00abdestiny\u00bb had marked out for it: that of Europe (<a href=\"https:\/\/rebiun.baratz.es\/rebiun\/record\/Rebiun25310145\" target=\"_blank\" rel=\"noreferrer noopener\">1983: esp. 30, 39<\/a>).<\/p>\n\n\n\n<p class=\"wp-block-paragraph\">Due to these developments, in the 1960s it was possible to find, in one of the most widely circulated textbooks on Spanish History of the time \u2015with 10 editions between 1963 and 1974\u2015 the following: \u201cOne cannot speak of the Arabisation of Spain and its race\u201d, because \u201cthe great mass of the peninsular population had absorbed the few Berber conquerors, and only a few families of pure Arab origin formed a racial minority\u201d (<a href=\"https:\/\/rebiun.baratz.es\/rebiun\/record\/Rebiun02982037\" target=\"_blank\" rel=\"noreferrer noopener\">1974: pp. 77 and 90<\/a>).<\/p>\n\n\n\n<p class=\"wp-block-paragraph\">Despite all this, the idea of the &#8216;Moorish blood&#8217; of the Spaniards survived throughout the Franco regime. In 1959, <a href=\"https:\/\/www.filosofia.org\/hem\/dep\/clc\/n36p009.htm\" target=\"_blank\" rel=\"noreferrer noopener\">Camilo Jos\u00e9 Cela<\/a>, who was to win the Nobel Prize for Literature in 1989, still claimed that \u00abnot a single Spaniard is free from sensing Moorish or Jewish blood running through his veins\u00bb. And, already in Democracy, Ernesto Gim\u00e9nez Caballero continued to situate Spain between East and West, and was pleased with the particularities of the Spanish character, attributing it to the Arab-Berber heritage that allowed him to define Spaniards as \u201cEuro-Moors: half Europeans, half Maghrebis\u201d (<a href=\"https:\/\/www.abc.es\/archivo\/periodicos\/abc-madrid-19770420-13.html\" target=\"_blank\" rel=\"noreferrer noopener\"><em>ABC<\/em>, 20 April 1977<\/a>).<\/p>\n\n\n<div class=\"wp-block-image\">\n<figure class=\"aligncenter size-large is-resized\"><img data-recalc-dims=\"1\" loading=\"lazy\" decoding=\"async\" width=\"727\" height=\"1024\" src=\"https:\/\/i0.wp.com\/www.alandalusylahistoria.com\/wp-content\/uploads\/2021\/12\/Gimenez-Caballero.jpg?resize=727%2C1024&#038;ssl=1\" alt=\"\" class=\"wp-image-3185\" style=\"width:401px;height:auto\" srcset=\"https:\/\/i0.wp.com\/www.alandalusylahistoria.com\/wp-content\/uploads\/2021\/12\/Gimenez-Caballero.jpg?resize=727%2C1024&amp;ssl=1 727w, https:\/\/i0.wp.com\/www.alandalusylahistoria.com\/wp-content\/uploads\/2021\/12\/Gimenez-Caballero.jpg?resize=213%2C300&amp;ssl=1 213w, https:\/\/i0.wp.com\/www.alandalusylahistoria.com\/wp-content\/uploads\/2021\/12\/Gimenez-Caballero.jpg?w=755&amp;ssl=1 755w\" sizes=\"auto, (max-width: 727px) 100vw, 727px\" \/><figcaption class=\"wp-element-caption\">Ernesto Gim\u00e9nez Caballero during the Spanish Civil War. <a href=\"http:\/\/bdh-rd.bne.es\/viewer.vm?id=0000237650&amp;page=7\" target=\"_blank\" rel=\"noreferrer noopener\">Biblioteca Digital Hisp\u00e1nica<\/a>.<\/figcaption><\/figure>\n<\/div>\n\n\n<hr class=\"wp-block-separator has-text-color has-light-gray-blue-color has-alpha-channel-opacity has-light-gray-blue-background-color has-background\"\/>\n\n\n\n<p class=\"wp-block-paragraph\">It is not surprising, therefore, that king Juan Carlos I \u2015a person educated in Franco&#8217;s Africanism and who <a href=\"https:\/\/www.march.es\/es\/coleccion\/archivo-linz-transicion-espanola\/ficha\/--linz:R-49110\" target=\"_blank\" rel=\"noreferrer noopener\">received his legitimacy from the military coup of 1936<\/a>\u2015 stated the following in 1979:\u00a0<\/p>\n\n\n\n<blockquote class=\"wp-block-quote is-layout-flow wp-block-quote-is-layout-flow\">\n<p class=\"wp-block-paragraph\">\u00abIt has often been said that Morocco and Spain meet respectively in the very interiority of their peoples and of their most intimate historical being, with no distance separating them from the history of the neighbouring country. I subscribe to this statement\u00bb. (<a href=\"http:\/\/www.realinstitutoelcano.org\/wps\/wcm\/connect\/84d09376-ad7a-4bf4-9a4a-0fddd92dfa94\/Discursos-Rey-Espana-mundo-1978-2018.pdf?MOD=AJPERES&amp;CACHEID=84d09376-ad7a-4bf4-9a4a-0fddd92dfa94\" target=\"_blank\" rel=\"noreferrer noopener\">2018: 36<\/a>)<\/p>\n<\/blockquote>\n\n\n\n<p class=\"has-text-align-center wp-block-paragraph\">***<\/p>\n\n\n\n<p class=\"wp-block-paragraph\">What has become of this tradition of identification with the Arab-Berber heritage, so present in some sectors of the Spanish right until recently? Everything seems to indicate that it has been definitively consigned to the dustbin of history along with its rival, the idea of \u00abMuslim Spain\u00bb, increasingly marginalised in this ideological sector by visions linked to traditionalism and National-Catholicism, visions that deny any kinship with Muslims and see in the Andalusi past \u2015as well as in their left-wing adversaries\u2015 something foreign, evil and threatening that must be fought, defeated and expelled to fulfil what Providence has ordained for Spain.<\/p>\n\n\n\n<hr class=\"wp-block-separator has-text-color has-bright-blue-color has-alpha-channel-opacity has-bright-blue-background-color has-background\"\/>\n\n\n\n<p class=\"wp-block-paragraph\">Futher reading:<\/p>\n\n\n\n<ul class=\"wp-block-list\">\n<li>Bornstein, Pablo. <a href=\"https:\/\/doi.org\/10.3390\/rel10100568\" target=\"_blank\" rel=\"noreferrer noopener\">\u00abAn Orientalist Contribution to \u201cCatholic Science\u201d: The Historiography of Andalusi Mysticism and Philosophy in Juli\u00e1n Ribera and Miguel As\u00edn\u00bb<\/a>, <em>Religions<\/em> 10, no. 10 (2019): 568.\u00a0<\/li>\n\n\n\n<li>Bravo L\u00f3pez, Fernando. \u00abMoorish Blood: Islamophobia, Racism and the Struggle for the Identity of Modern Spain\u00bb. In <em><a href=\"https:\/\/doi.org\/10.1007\/978-3-031-16266-4_4\">Antisemitism, Islamophobia and the Politics of Definition<\/a><\/em>, edited by David Feldman y Marc Volovici, Cham: Palgrave Macmillan, 2023: 67-88.<\/li>\n\n\n\n<li>Calderwood, Eric. <em>Colonial Al-Andalus: Spain and the Making of Modern Moroccan Culture<\/em>. Cambridge: The Belknap Press of Harvard University Press, 2018.\u00a0<\/li>\n\n\n\n<li>Dom\u00ednguez, Juan P. <a href=\"https:\/\/doi.org\/10.3989\/alqantara.2021.005\" target=\"_blank\" rel=\"noreferrer noopener\">\u00abDe \u201cEspa\u00f1a \u00e1rabe\u201d a \u201cEspa\u00f1a musulmana\u201d: al-Andalus bajo el prisma antisemita (1847-1945)\u00bb<\/a>, <em>Al-Qan\u1e6dara<\/em> 42, no. 1 (2021): e05-e05.<\/li>\n\n\n\n<li>Ca\u00f1ete, Carlos. <em>Cuando \u00c1frica comenzaba en los Pirineos<\/em>. Madrid: Marcial Pons, 2021.\u00a0\u00a0<\/li>\n\n\n\n<li>Fierro, Maribel. <a href=\"https:\/\/books.openedition.org\/cvz\/1402\" target=\"_blank\" rel=\"noreferrer noopener\">\u00abAl-Andalus en el pensamiento fascista espa\u00f1ol: la revoluci\u00f3n isl\u00e1mica en Occidente de Ignacio Olag\u00fce\u00bb<\/a>. In <em>Al-\u00c1ndalus\/Espa\u00f1a: historiograf\u00edas en contraste: siglos XVII-XXI<\/em>, edited by Manuela Mar\u00edn. Madrid: Casa de Vel\u00e1zquez, 2009: 325-350.\u00a0<\/li>\n\n\n\n<li>Juli\u00e1, Santos. <em>Historias de las dos Espa\u00f1as<\/em>. Madrid: Taurus, 2004.\u00a0<\/li>\n\n\n\n<li>Mar\u00edn, Manuela. \u00abArabismo e Historia de Espa\u00f1a (1886-1944): Introducci\u00f3n a los epistolarios de Juli\u00e1n Ribera Tarrag\u00f3 y Miguel As\u00edn Palacios\u00bb. In <em>Los epistolarios de Juli\u00e1n Ribera Tarrag\u00f3 y Miguel As\u00edn Palacios<\/em>, edited by Manuela Mar\u00edn et\u202fal. Madrid: CSIC, 2009: 11-434.\u00a0<\/li>\n\n\n\n<li>\u2014, <a href=\"https:\/\/doi.org\/10.3989\/hispania.2009.v69.i231.101\" target=\"_blank\" rel=\"noreferrer noopener\">\u00abOrientalismo en Espa\u00f1a: estudios \u00e1rabes y acci\u00f3n colonial en Marruecos (1894-1943)\u00bb<\/a>, <em>Hispania<\/em> 69, no. 231 (2009): 117-46.<\/li>\n\n\n\n<li>Martin-M\u00e1rquez, Susan. <em>Desorientaciones: el colonialismo espa\u00f1ol en \u00c1frica y la performance de identidad<\/em>. Barcelona: Bellaterra, 2011.\u00a0<\/li>\n\n\n\n<li>Mateo Dieste, Josep Llu\u00eds. <em>La \u00abhermandad\u00bb hispano-marroqu\u00ed. Pol\u00edtica y religi\u00f3n bajo el protectorado espa\u00f1ol en Marruecos (1912-1956)<\/em>. Barcelona: Bellaterra, 2003.\u00a0<\/li>\n\n\n\n<li>Saz, Ismael. <em>Espa\u00f1a contra Espa\u00f1a: los nacionalismos franquistas<\/em>. Madrid: Marcial Pons, 2003.\u00a0<\/li>\n<\/ul>\n\n\n\n<hr class=\"wp-block-separator has-text-color has-bright-blue-color has-alpha-channel-opacity has-bright-blue-background-color has-background\"\/>\n\n\n\n<figure class=\"wp-block-embed aligncenter is-type-video is-provider-youtube wp-block-embed-youtube wp-embed-aspect-16-9 wp-has-aspect-ratio\"><div class=\"wp-block-embed__wrapper\">\n<iframe loading=\"lazy\" title=\"Lola Flores - Mi Sangre Mora\" width=\"1000\" height=\"563\" src=\"https:\/\/www.youtube.com\/embed\/kuEhQmAs4WM?feature=oembed\" frameborder=\"0\" allow=\"accelerometer; autoplay; clipboard-write; encrypted-media; gyroscope; picture-in-picture; web-share\" referrerpolicy=\"strict-origin-when-cross-origin\" allowfullscreen><\/iframe>\n<\/div><\/figure>\n","protected":false},"excerpt":{"rendered":"<p>Fernando Bravo L\u00f3pez<\/p>\n","protected":false},"author":1,"featured_media":3168,"comment_status":"closed","ping_status":"closed","sticky":false,"template":"","format":"standard","meta":{"_crdt_document":"","jetpack_post_was_ever_published":false,"footnotes":""},"categories":[418],"tags":[163,164,328,329,241,58,136],"coauthors":[261],"class_list":{"0":"post-5264","1":"post","2":"type-post","3":"status-publish","4":"format-standard","5":"has-post-thumbnail","6":"hentry","7":"category-english","8":"tag-falange-espanola","9":"tag-fascismo","10":"tag-franquismo","11":"tag-hermandad-hispano-marroqui","12":"tag-legado-andalusi","13":"tag-nacionalcatolicismo","14":"tag-nacionalismo","16":"fallback-thumbnail"},"jetpack_featured_media_url":"https:\/\/i0.wp.com\/www.alandalusylahistoria.com\/wp-content\/uploads\/2021\/12\/falangistas-con-chicas-marroquies.jpg?fit=996%2C362&ssl=1","jetpack-related-posts":[],"_links":{"self":[{"href":"https:\/\/www.alandalusylahistoria.com\/index.php?rest_route=\/wp\/v2\/posts\/5264","targetHints":{"allow":["GET"]}}],"collection":[{"href":"https:\/\/www.alandalusylahistoria.com\/index.php?rest_route=\/wp\/v2\/posts"}],"about":[{"href":"https:\/\/www.alandalusylahistoria.com\/index.php?rest_route=\/wp\/v2\/types\/post"}],"author":[{"embeddable":true,"href":"https:\/\/www.alandalusylahistoria.com\/index.php?rest_route=\/wp\/v2\/users\/1"}],"replies":[{"embeddable":true,"href":"https:\/\/www.alandalusylahistoria.com\/index.php?rest_route=%2Fwp%2Fv2%2Fcomments&post=5264"}],"version-history":[{"count":3,"href":"https:\/\/www.alandalusylahistoria.com\/index.php?rest_route=\/wp\/v2\/posts\/5264\/revisions"}],"predecessor-version":[{"id":5268,"href":"https:\/\/www.alandalusylahistoria.com\/index.php?rest_route=\/wp\/v2\/posts\/5264\/revisions\/5268"}],"wp:featuredmedia":[{"embeddable":true,"href":"https:\/\/www.alandalusylahistoria.com\/index.php?rest_route=\/wp\/v2\/media\/3168"}],"wp:attachment":[{"href":"https:\/\/www.alandalusylahistoria.com\/index.php?rest_route=%2Fwp%2Fv2%2Fmedia&parent=5264"}],"wp:term":[{"taxonomy":"category","embeddable":true,"href":"https:\/\/www.alandalusylahistoria.com\/index.php?rest_route=%2Fwp%2Fv2%2Fcategories&post=5264"},{"taxonomy":"post_tag","embeddable":true,"href":"https:\/\/www.alandalusylahistoria.com\/index.php?rest_route=%2Fwp%2Fv2%2Ftags&post=5264"},{"taxonomy":"author","embeddable":true,"href":"https:\/\/www.alandalusylahistoria.com\/index.php?rest_route=%2Fwp%2Fv2%2Fcoauthors&post=5264"}],"curies":[{"name":"wp","href":"https:\/\/api.w.org\/{rel}","templated":true}]}}