{"id":5261,"date":"2025-03-28T12:38:18","date_gmt":"2025-03-28T11:38:18","guid":{"rendered":"https:\/\/www.alandalusylahistoria.com\/?p=5261"},"modified":"2025-03-28T12:38:25","modified_gmt":"2025-03-28T11:38:25","slug":"almanzor-y-los-reinos-cristianos","status":"publish","type":"post","link":"https:\/\/www.alandalusylahistoria.com\/?p=5261","title":{"rendered":"Almanzor y los reinos cristianos"},"content":{"rendered":"\n<h3 class=\"wp-block-heading has-text-align-center\">En esta entrevista realizada por el canal de Youtube <a href=\"https:\/\/www.youtube.com\/@BELLUMARTISHISTORIAMILITAR\" target=\"_blank\" rel=\"noreferrer noopener\">\u00abBellumartis\u00bb<\/a>, Josep Su\u00f1\u00e9 Arce, autor de <a href=\"https:\/\/laergastula.com\/producto\/guerra-ejercito-y-fiscalidad-en-al%E2%80%91andalus\/\" target=\"_blank\" rel=\"noreferrer noopener\"><em>Guerra, ej\u00e9rcito y fiscalidad en al-Andalus (ss. VIII \u2013 XII)<\/em><\/a>, nos acerca a la historia de las relaciones entre el Califato omeya de C\u00f3rdoba y los reinos cristianos peninsulares durante la \u00e9poca de Almanzor<\/h3>\n\n\n\n<figure class=\"wp-block-embed aligncenter is-type-video is-provider-youtube wp-block-embed-youtube wp-embed-aspect-16-9 wp-has-aspect-ratio\"><div class=\"wp-block-embed__wrapper\">\n<iframe loading=\"lazy\" title=\"ALMANZOR Y LA LUCHA CONTRA LOS CRISTIANOS,  al-Man\u1e63\u016br \u00abel Victorioso\u00bb 977-1002 **JOSEP SU\u00d1\u00c9**\" width=\"1000\" height=\"563\" src=\"https:\/\/www.youtube.com\/embed\/OuMg38IrMoc?start=65&#038;feature=oembed\" frameborder=\"0\" allow=\"accelerometer; autoplay; clipboard-write; encrypted-media; gyroscope; picture-in-picture; web-share\" referrerpolicy=\"strict-origin-when-cross-origin\" allowfullscreen><\/iframe>\n<\/div><\/figure>\n","protected":false},"excerpt":{"rendered":"<p>En esta entrevista realizada por el canal de Youtube \u00abBellumartis\u00bb, Josep Su\u00f1\u00e9 Arce, autor de Guerra, ej\u00e9rcito y fiscalidad en al-Andalus (ss. VIII \u2013 XII), nos acerca a la historia de las relaciones entre el Califato omeya de C\u00f3rdoba y los reinos cristianos peninsulares durante la \u00e9poca de Almanzor<\/p>\n","protected":false},"author":11,"featured_media":5262,"comment_status":"closed","ping_status":"closed","sticky":false,"template":"","format":"standard","meta":{"_crdt_document":"","jetpack_post_was_ever_published":false,"footnotes":""},"categories":[13],"tags":[247,391,47,188],"coauthors":[262],"class_list":{"0":"post-5261","1":"post","2":"type-post","3":"status-publish","4":"format-standard","5":"has-post-thumbnail","6":"hentry","7":"category-multimedia","8":"tag-almanzor","9":"tag-batallas","10":"tag-califato-de-cordoba","11":"tag-guerra","13":"fallback-thumbnail"},"jetpack_featured_media_url":"https:\/\/i0.wp.com\/www.alandalusylahistoria.com\/wp-content\/uploads\/2025\/03\/Guillaume-de-Tyr-BNF-ms-fr-22495-f-105r.jpg?fit=1316%2C982&ssl=1","_links":{"self":[{"href":"https:\/\/www.alandalusylahistoria.com\/index.php?rest_route=\/wp\/v2\/posts\/5261","targetHints":{"allow":["GET"]}}],"collection":[{"href":"https:\/\/www.alandalusylahistoria.com\/index.php?rest_route=\/wp\/v2\/posts"}],"about":[{"href":"https:\/\/www.alandalusylahistoria.com\/index.php?rest_route=\/wp\/v2\/types\/post"}],"author":[{"embeddable":true,"href":"https:\/\/www.alandalusylahistoria.com\/index.php?rest_route=\/wp\/v2\/users\/11"}],"replies":[{"embeddable":true,"href":"https:\/\/www.alandalusylahistoria.com\/index.php?rest_route=%2Fwp%2Fv2%2Fcomments&post=5261"}],"version-history":[{"count":1,"href":"https:\/\/www.alandalusylahistoria.com\/index.php?rest_route=\/wp\/v2\/posts\/5261\/revisions"}],"predecessor-version":[{"id":5263,"href":"https:\/\/www.alandalusylahistoria.com\/index.php?rest_route=\/wp\/v2\/posts\/5261\/revisions\/5263"}],"wp:featuredmedia":[{"embeddable":true,"href":"https:\/\/www.alandalusylahistoria.com\/index.php?rest_route=\/wp\/v2\/media\/5262"}],"wp:attachment":[{"href":"https:\/\/www.alandalusylahistoria.com\/index.php?rest_route=%2Fwp%2Fv2%2Fmedia&parent=5261"}],"wp:term":[{"taxonomy":"category","embeddable":true,"href":"https:\/\/www.alandalusylahistoria.com\/index.php?rest_route=%2Fwp%2Fv2%2Fcategories&post=5261"},{"taxonomy":"post_tag","embeddable":true,"href":"https:\/\/www.alandalusylahistoria.com\/index.php?rest_route=%2Fwp%2Fv2%2Ftags&post=5261"},{"taxonomy":"author","embeddable":true,"href":"https:\/\/www.alandalusylahistoria.com\/index.php?rest_route=%2Fwp%2Fv2%2Fcoauthors&post=5261"}],"curies":[{"name":"wp","href":"https:\/\/api.w.org\/{rel}","templated":true}]}}