{"id":5245,"date":"2025-03-14T18:34:40","date_gmt":"2025-03-14T17:34:40","guid":{"rendered":"https:\/\/www.alandalusylahistoria.com\/?p=5245"},"modified":"2025-03-14T18:36:34","modified_gmt":"2025-03-14T17:36:34","slug":"al-andalus-frente-al-reino-de-asturias","status":"publish","type":"post","link":"https:\/\/www.alandalusylahistoria.com\/?p=5245","title":{"rendered":"Al-Andalus frente al reino de Asturias"},"content":{"rendered":"\n<h3 class=\"wp-block-heading has-text-align-center\">En esta entrevista realizada por el canal de Youtube <a href=\"https:\/\/www.youtube.com\/@BELLUMARTISHISTORIAMILITAR\" target=\"_blank\" rel=\"noreferrer noopener\">\u00abBellumartis\u00bb<\/a>, Josep Su\u00f1\u00e9 Arce, autor de <a href=\"https:\/\/laergastula.com\/producto\/guerra-ejercito-y-fiscalidad-en-al%E2%80%91andalus\/\" target=\"_blank\" rel=\"noreferrer noopener\"><em>Guerra, ej\u00e9rcito y fiscalidad en al-Andalus (ss. VIII &#8211; XII)<\/em><\/a>, nos acerca a los diversos intentos andalus\u00edes por acabar con el reino de Asturias<\/h3>\n\n\n\n<figure class=\"wp-block-embed aligncenter is-type-video is-provider-youtube wp-block-embed-youtube wp-embed-aspect-16-9 wp-has-aspect-ratio\"><div class=\"wp-block-embed__wrapper\">\n<iframe loading=\"lazy\" title=\"EL AL-ANDALUS FRENTE AL REINO DE ASTURIAS. &quot;In hoc signo vincis&quot; *Josep Su\u00f1\u00e9 *\" width=\"1000\" height=\"563\" src=\"https:\/\/www.youtube.com\/embed\/m4z2YcyS_b4?start=108&#038;feature=oembed\" frameborder=\"0\" allow=\"accelerometer; autoplay; clipboard-write; encrypted-media; gyroscope; picture-in-picture; web-share\" referrerpolicy=\"strict-origin-when-cross-origin\" allowfullscreen><\/iframe>\n<\/div><\/figure>\n","protected":false},"excerpt":{"rendered":"<p>En esta entrevista realizada por el canal de Youtube \u00abBellumartis\u00bb, Josep Su\u00f1\u00e9 Arce, autor de Guerra, ej\u00e9rcito y fiscalidad en al-Andalus (ss. VIII &#8211; XII), nos acerca a los diversos intentos andalus\u00edes por acabar con el reino de Asturias<\/p>\n","protected":false},"author":11,"featured_media":5247,"comment_status":"closed","ping_status":"closed","sticky":false,"template":"","format":"standard","meta":{"_crdt_document":"","jetpack_post_was_ever_published":false,"footnotes":""},"categories":[13],"tags":[188,157,442],"coauthors":[262],"class_list":{"0":"post-5245","1":"post","2":"type-post","3":"status-publish","4":"format-standard","5":"has-post-thumbnail","6":"hentry","7":"category-multimedia","8":"tag-guerra","9":"tag-pelayo","10":"tag-reino-de-asturias","12":"fallback-thumbnail"},"jetpack_featured_media_url":"https:\/\/i0.wp.com\/www.alandalusylahistoria.com\/wp-content\/uploads\/2025\/03\/Beato-de-liebana-detalle.jpg?fit=819%2C1242&ssl=1","jetpack-related-posts":[],"_links":{"self":[{"href":"https:\/\/www.alandalusylahistoria.com\/index.php?rest_route=\/wp\/v2\/posts\/5245","targetHints":{"allow":["GET"]}}],"collection":[{"href":"https:\/\/www.alandalusylahistoria.com\/index.php?rest_route=\/wp\/v2\/posts"}],"about":[{"href":"https:\/\/www.alandalusylahistoria.com\/index.php?rest_route=\/wp\/v2\/types\/post"}],"author":[{"embeddable":true,"href":"https:\/\/www.alandalusylahistoria.com\/index.php?rest_route=\/wp\/v2\/users\/11"}],"replies":[{"embeddable":true,"href":"https:\/\/www.alandalusylahistoria.com\/index.php?rest_route=%2Fwp%2Fv2%2Fcomments&post=5245"}],"version-history":[{"count":1,"href":"https:\/\/www.alandalusylahistoria.com\/index.php?rest_route=\/wp\/v2\/posts\/5245\/revisions"}],"predecessor-version":[{"id":5248,"href":"https:\/\/www.alandalusylahistoria.com\/index.php?rest_route=\/wp\/v2\/posts\/5245\/revisions\/5248"}],"wp:featuredmedia":[{"embeddable":true,"href":"https:\/\/www.alandalusylahistoria.com\/index.php?rest_route=\/wp\/v2\/media\/5247"}],"wp:attachment":[{"href":"https:\/\/www.alandalusylahistoria.com\/index.php?rest_route=%2Fwp%2Fv2%2Fmedia&parent=5245"}],"wp:term":[{"taxonomy":"category","embeddable":true,"href":"https:\/\/www.alandalusylahistoria.com\/index.php?rest_route=%2Fwp%2Fv2%2Fcategories&post=5245"},{"taxonomy":"post_tag","embeddable":true,"href":"https:\/\/www.alandalusylahistoria.com\/index.php?rest_route=%2Fwp%2Fv2%2Ftags&post=5245"},{"taxonomy":"author","embeddable":true,"href":"https:\/\/www.alandalusylahistoria.com\/index.php?rest_route=%2Fwp%2Fv2%2Fcoauthors&post=5245"}],"curies":[{"name":"wp","href":"https:\/\/api.w.org\/{rel}","templated":true}]}}