{"id":5224,"date":"2025-03-01T12:30:01","date_gmt":"2025-03-01T11:30:01","guid":{"rendered":"https:\/\/www.alandalusylahistoria.com\/?p=5224"},"modified":"2025-03-01T12:30:04","modified_gmt":"2025-03-01T11:30:04","slug":"el-ejercito-califal-contra-las-huestes-cristianas","status":"publish","type":"post","link":"https:\/\/www.alandalusylahistoria.com\/?p=5224","title":{"rendered":"El ej\u00e9rcito califal contra las huestes cristianas"},"content":{"rendered":"\n<h3 class=\"wp-block-heading has-text-align-center\">Descubre c\u00f3mo eran los ej\u00e9rcitos del Califato de C\u00f3rdoba y los reinos cristianos en la pen\u00ednsula ib\u00e9rica durante la Edad Media. En una entrevista en el canal de YouTube <a href=\"https:\/\/www.youtube.com\/@BELLUMARTISHISTORIAMILITAR\" target=\"_blank\" rel=\"noreferrer noopener\">\u00abBellumartis\u00bb<\/a>, Josep Su\u00f1\u00e9 Arce, autor del libro <em><a href=\"https:\/\/laergastula.com\/producto\/guerra-ejercito-y-fiscalidad-en-al%E2%80%91andalus\/\" target=\"_blank\" rel=\"noreferrer noopener\">Guerra, ej\u00e9rcito y fiscalidad en al\u2011Andalus (ss. VIII &#8211; XII)<\/a><\/em>, nos ofrece una visi\u00f3n detallada de sus t\u00e1cticas, financiaci\u00f3n y evoluci\u00f3n<\/h3>\n\n\n\n<figure class=\"wp-block-embed aligncenter is-type-video is-provider-youtube wp-block-embed-youtube wp-embed-aspect-16-9 wp-has-aspect-ratio\"><div class=\"wp-block-embed__wrapper\">\n<iframe loading=\"lazy\" title=\"EL EJ\u00c9RCITO CALIFAL VS LAS HUESTES CRISTIANAS: unidades, armas y t\u00e1cticas *JOSEP SU\u00d1\u00c9*\" width=\"1000\" height=\"563\" src=\"https:\/\/www.youtube.com\/embed\/9_ZKljD6Q0Y?start=113&#038;feature=oembed\" frameborder=\"0\" allow=\"accelerometer; autoplay; clipboard-write; encrypted-media; gyroscope; picture-in-picture; web-share\" referrerpolicy=\"strict-origin-when-cross-origin\" allowfullscreen><\/iframe>\n<\/div><\/figure>\n","protected":false},"excerpt":{"rendered":"<p>Descubre c\u00f3mo eran los ej\u00e9rcitos del Califato de C\u00f3rdoba y los reinos cristianos en la pen\u00ednsula ib\u00e9rica durante la Edad Media. En una entrevista en el canal de YouTube \u00abBellumartis\u00bb, Josep Su\u00f1\u00e9 Arce, autor del libro Guerra, ej\u00e9rcito y fiscalidad en al\u2011Andalus (ss. VIII &#8211; XII), nos ofrece una visi\u00f3n detallada de sus t\u00e1cticas, financiaci\u00f3n&#8230; <\/p>\n<div class=\"link-more\"><a href=\"https:\/\/www.alandalusylahistoria.com\/?p=5224\">Leer M\u00e1s<\/a><\/div>\n","protected":false},"author":11,"featured_media":5226,"comment_status":"closed","ping_status":"closed","sticky":false,"template":"","format":"standard","meta":{"_crdt_document":"","jetpack_post_was_ever_published":false,"footnotes":""},"categories":[13],"tags":[435,188,441],"coauthors":[262],"class_list":{"0":"post-5224","1":"post","2":"type-post","3":"status-publish","4":"format-standard","5":"has-post-thumbnail","6":"hentry","7":"category-multimedia","8":"tag-ejercitos","9":"tag-guerra","10":"tag-historia-militar","12":"fallback-thumbnail"},"jetpack_featured_media_url":"https:\/\/i0.wp.com\/www.alandalusylahistoria.com\/wp-content\/uploads\/2025\/03\/Cantigas-f222r-1-ejercito.png?fit=679%2C828&ssl=1","_links":{"self":[{"href":"https:\/\/www.alandalusylahistoria.com\/index.php?rest_route=\/wp\/v2\/posts\/5224","targetHints":{"allow":["GET"]}}],"collection":[{"href":"https:\/\/www.alandalusylahistoria.com\/index.php?rest_route=\/wp\/v2\/posts"}],"about":[{"href":"https:\/\/www.alandalusylahistoria.com\/index.php?rest_route=\/wp\/v2\/types\/post"}],"author":[{"embeddable":true,"href":"https:\/\/www.alandalusylahistoria.com\/index.php?rest_route=\/wp\/v2\/users\/11"}],"replies":[{"embeddable":true,"href":"https:\/\/www.alandalusylahistoria.com\/index.php?rest_route=%2Fwp%2Fv2%2Fcomments&post=5224"}],"version-history":[{"count":1,"href":"https:\/\/www.alandalusylahistoria.com\/index.php?rest_route=\/wp\/v2\/posts\/5224\/revisions"}],"predecessor-version":[{"id":5227,"href":"https:\/\/www.alandalusylahistoria.com\/index.php?rest_route=\/wp\/v2\/posts\/5224\/revisions\/5227"}],"wp:featuredmedia":[{"embeddable":true,"href":"https:\/\/www.alandalusylahistoria.com\/index.php?rest_route=\/wp\/v2\/media\/5226"}],"wp:attachment":[{"href":"https:\/\/www.alandalusylahistoria.com\/index.php?rest_route=%2Fwp%2Fv2%2Fmedia&parent=5224"}],"wp:term":[{"taxonomy":"category","embeddable":true,"href":"https:\/\/www.alandalusylahistoria.com\/index.php?rest_route=%2Fwp%2Fv2%2Fcategories&post=5224"},{"taxonomy":"post_tag","embeddable":true,"href":"https:\/\/www.alandalusylahistoria.com\/index.php?rest_route=%2Fwp%2Fv2%2Ftags&post=5224"},{"taxonomy":"author","embeddable":true,"href":"https:\/\/www.alandalusylahistoria.com\/index.php?rest_route=%2Fwp%2Fv2%2Fcoauthors&post=5224"}],"curies":[{"name":"wp","href":"https:\/\/api.w.org\/{rel}","templated":true}]}}