{"id":5018,"date":"2024-11-01T13:48:11","date_gmt":"2024-11-01T12:48:11","guid":{"rendered":"https:\/\/www.alandalusylahistoria.com\/?p=5018"},"modified":"2024-11-01T13:48:14","modified_gmt":"2024-11-01T12:48:14","slug":"viva-el-vino-comercio-y-consumo-de-vino-en-al-andalus-segunda-parte","status":"publish","type":"post","link":"https:\/\/www.alandalusylahistoria.com\/?p=5018","title":{"rendered":"\u00bfViva el vino? Comercio y consumo de vino en al-Andalus (segunda parte)"},"content":{"rendered":"\n<h3 class=\"wp-block-heading has-text-align-center\">Contamos con diversas evidencias textuales que indican que, efectivamente, el vino se consum\u00eda en al-Andalus, aunque no podemos saber en t\u00e9rminos cuantificables si su consumo entre los musulmanes andalus\u00edes era tan generalizado entre la poblaci\u00f3n musulmana como algunos autores defendieron. Lo que s\u00ed sabemos es que, de una forma u otra, la prohibici\u00f3n prescrita por el islam, que penaliza claramente el consumo de vino, se incumpli\u00f3 en distintas \u00e9pocas y lugares<\/h3>\n\n\n\n<hr class=\"wp-block-separator has-text-color has-light-gray-blue-color has-alpha-channel-opacity has-light-gray-blue-background-color has-background\"\/>\n\n\n\n<h4 class=\"wp-block-heading has-text-align-center\"><a href=\"https:\/\/www.alandalusylahistoria.com\/?page_id=4202\">Adday Hern\u00e1ndez<\/a> <br>Universidad Complutense de Madrid<\/h4>\n\n\n\n<hr class=\"wp-block-separator has-text-color has-light-gray-blue-color has-alpha-channel-opacity has-light-gray-blue-background-color has-background\"\/>\n\n\n\n<figure class=\"wp-block-image alignwide size-large\"><img data-recalc-dims=\"1\" loading=\"lazy\" decoding=\"async\" width=\"1000\" height=\"750\" src=\"https:\/\/i0.wp.com\/www.alandalusylahistoria.com\/wp-content\/uploads\/2024\/10\/Cultivo-de-la-vid-en-las-Huertas-del-Generalife-al-anochecer.jpg?resize=1000%2C750&#038;ssl=1\" alt=\"\" class=\"wp-image-5030\" srcset=\"https:\/\/i0.wp.com\/www.alandalusylahistoria.com\/wp-content\/uploads\/2024\/10\/Cultivo-de-la-vid-en-las-Huertas-del-Generalife-al-anochecer.jpg?resize=1024%2C768&amp;ssl=1 1024w, https:\/\/i0.wp.com\/www.alandalusylahistoria.com\/wp-content\/uploads\/2024\/10\/Cultivo-de-la-vid-en-las-Huertas-del-Generalife-al-anochecer.jpg?resize=300%2C225&amp;ssl=1 300w, https:\/\/i0.wp.com\/www.alandalusylahistoria.com\/wp-content\/uploads\/2024\/10\/Cultivo-de-la-vid-en-las-Huertas-del-Generalife-al-anochecer.jpg?resize=768%2C576&amp;ssl=1 768w, https:\/\/i0.wp.com\/www.alandalusylahistoria.com\/wp-content\/uploads\/2024\/10\/Cultivo-de-la-vid-en-las-Huertas-del-Generalife-al-anochecer.jpg?w=1200&amp;ssl=1 1200w\" sizes=\"auto, (max-width: 1000px) 100vw, 1000px\" \/><figcaption class=\"wp-element-caption\"><a href=\"https:\/\/www.alhambra-patronato.es\/el-cultivo-de-la-vid-en-al-andalus-y-las-huertas-del-generalife\">Vi\u00f1edos en las huertas del Generalife, Granada<\/a>.<\/figcaption><\/figure>\n\n\n\n<hr class=\"wp-block-separator has-text-color has-light-gray-blue-color has-alpha-channel-opacity has-light-gray-blue-background-color has-background\"\/>\n\n\n\n<p class=\"wp-block-paragraph\">En la primera entrega de este art\u00edculo, se ofreci\u00f3 una panor\u00e1mica acerca de las normas isl\u00e1micas relativas al consumo y el comercio de vino y c\u00f3mo esas normas se aplicaron en contexto andalus\u00ed. El hecho de que diversos gobernantes llevaran a cabo pol\u00edticas destinadas a acabar con los lugares donde se produc\u00eda y se vend\u00eda vino, cuando las fuentes nos relatan an\u00e9cdotas en las que los mismos personajes consumen vino, ha llevado a pensar que el consumo de vino era generalizado y que las normas isl\u00e1micas no se respetaban en la pr\u00e1ctica.&nbsp;<\/p>\n\n\n\n<p class=\"wp-block-paragraph\">Contamos con diversas evidencias textuales que indican que, efectivamente, el vino se consum\u00eda en al-Andalus, aunque no podemos saber en t\u00e9rminos cuantificables si su consumo entre los musulmanes andalus\u00edes era tan generalizado entre la poblaci\u00f3n musulmana como algunos autores defendieron (L\u00e9vi Proven\u00e7al, 290; S\u00e1nchez Albornoz, 200). Lo que s\u00ed sabemos es que, de una forma u otra, la prohibici\u00f3n prescrita por el islam, que penaliza claramente el consumo de vino, se incumpli\u00f3 en distintas \u00e9pocas y lugares. No es sorprendente si tenemos en cuenta que las prohibiciones nunca han logrado acabar con el consumo de drogas en ning\u00fan contexto. Basta pensar en la conocida \u201cLey seca\u201d en el Estados Unidos de los a\u00f1os 20, o en las actuales leyes contra el consumo de estupefacientes en distintos lugares. Adem\u00e1s, \u00bfqu\u00e9 se entiende como \u201cconsumo generalizado\u201d? Con los datos de que disponemos a d\u00eda de hoy, \u00bfpodemos considerar que el consumo de hach\u00eds es generalizado en Espa\u00f1a o no?&nbsp;<\/p>\n\n\n<div class=\"wp-block-image\">\n<figure class=\"aligncenter size-large\"><a href=\"https:\/\/blogs.elconfidencial.com\/cultura\/el-erizo-y-el-zorro\/2020-01-07\/ley-seca-contrabando_2397988\/\"><img data-recalc-dims=\"1\" loading=\"lazy\" decoding=\"async\" width=\"1000\" height=\"750\" src=\"https:\/\/i0.wp.com\/www.alandalusylahistoria.com\/wp-content\/uploads\/2024\/10\/f.elconfidencial.com_original_464_07f_ce6_46407fce683e75f08bc654c895af11ec.jpg?resize=1000%2C750&#038;ssl=1\" alt=\"\" class=\"wp-image-5024\" srcset=\"https:\/\/i0.wp.com\/www.alandalusylahistoria.com\/wp-content\/uploads\/2024\/10\/f.elconfidencial.com_original_464_07f_ce6_46407fce683e75f08bc654c895af11ec.jpg?resize=1024%2C768&amp;ssl=1 1024w, https:\/\/i0.wp.com\/www.alandalusylahistoria.com\/wp-content\/uploads\/2024\/10\/f.elconfidencial.com_original_464_07f_ce6_46407fce683e75f08bc654c895af11ec.jpg?resize=300%2C225&amp;ssl=1 300w, https:\/\/i0.wp.com\/www.alandalusylahistoria.com\/wp-content\/uploads\/2024\/10\/f.elconfidencial.com_original_464_07f_ce6_46407fce683e75f08bc654c895af11ec.jpg?resize=768%2C576&amp;ssl=1 768w, https:\/\/i0.wp.com\/www.alandalusylahistoria.com\/wp-content\/uploads\/2024\/10\/f.elconfidencial.com_original_464_07f_ce6_46407fce683e75f08bc654c895af11ec.jpg?w=1200&amp;ssl=1 1200w\" sizes=\"auto, (max-width: 1000px) 100vw, 1000px\" \/><\/a><figcaption class=\"wp-element-caption\">Manifestaci\u00f3n en contra de la Ley Seca en Estados Unidos<\/figcaption><\/figure>\n<\/div>\n\n\n<hr class=\"wp-block-separator has-text-color has-light-gray-blue-color has-alpha-channel-opacity has-light-gray-blue-background-color has-background\"\/>\n\n\n\n<p class=\"wp-block-paragraph\">Seg\u00fan Manuela Mar\u00edn, la opini\u00f3n de Proven\u00e7al no estaba basada m\u00e1s que en dos testimonios po\u00e9ticos incluidos por Henri P\u00e9r\u00e8s en su recopilaci\u00f3n de <em>Po\u00e9sie andalouse<\/em>\u2026 Efectivamente, la abundancia de poemas de tema b\u00e1quico en al-Andalus (o <em>jamriyyat<\/em>) ha sido interpretada, y no solo por L\u00e9vi Proven\u00e7al, como una evidencia del consumo de vino, pero la verdad es que, aunque a d\u00eda de hoy podemos afirmar que, en mayor o menor medida, el vino se consum\u00eda, no podemos considerar a los poetas como modelo de comportamiento de un \u201candalus\u00ed medio\u201d ya que, adem\u00e1s de ser propensos a llevar estilos de vida bohemios, sol\u00edan moverse en los ambientes cortesanos. Adem\u00e1s, los temas cultivados en poes\u00eda pod\u00edan seguir modas y, por tanto, no siempre indicar\u00edan una correspondencia con las pr\u00e1cticas sociales. La misma duda gener\u00f3 la abundante poes\u00eda homoer\u00f3tica escrita en esta \u00e9poca, \u00bfcorrespond\u00eda su cultivo realmente a cierta normalizaci\u00f3n de las pr\u00e1cticas homosexuales, o se trataba simplemente de un motivo literario? Puesto que no podemos cuantificar el consumo, este debate no tiene una respuesta f\u00e1cil.&nbsp;<\/p>\n\n\n\n<p class=\"wp-block-paragraph\">La poes\u00eda \u00e1rabe tradicional estaba estructurada conforme a determinadas convenciones, tanto su estructura, como en sus temas, rima, m\u00e9trica e incluso los temas cultivados. Algunos autores de \u00e9poca preisl\u00e1mica, ya hablaban sobre el vino, como \u2018Amr ibn Kulzum:&nbsp;<\/p>\n\n\n\n<blockquote class=\"wp-block-quote is-layout-flow wp-block-quote-is-layout-flow\">\n<p class=\"has-text-align-center wp-block-paragraph\">\u201cAmada m\u00eda\u201d ya es de d\u00eda, despierta para que tomemos juntos,&nbsp;<\/p>\n\n\n\n<p class=\"has-text-align-center wp-block-paragraph\">el vino de la ma\u00f1ana en tu honor, hasta agotar el de Andar\u012bn;&nbsp;<\/p>\n\n\n\n<p class=\"has-text-align-center wp-block-paragraph\">Ardiente vino en su flor, si se mezclara con agua, rosa roja,&nbsp;<\/p>\n\n\n\n<p class=\"has-text-align-center wp-block-paragraph\">Rociada con roc\u00edo parecer\u00eda, de tan pura que es su esencia;&nbsp;<\/p>\n\n\n\n<p class=\"has-text-align-right wp-block-paragraph\">Mahmud Sobh, Historia de la literatura \u00e1rabe cl\u00e1sica, 87\u00a0<\/p>\n<\/blockquote>\n\n\n\n<p class=\"wp-block-paragraph\">El tema b\u00e1quico dej\u00f3 de cultivarse por parte de los autores que abrazaron el islam, pero durante la primera \u00e9poca del califato abas\u00ed, los poetas llamados \u201cmodernistas\u201d, la mayor parte de los cuales eran de origen persa, aunque escribieron sus poemas en \u00e1rabe, intentaron renovar la poes\u00eda, huyendo de tales convenciones. Para ello, utilizaron metros nuevos e introdujeron temas que no se cultivaban en contexto isl\u00e1mico, especialmente la poes\u00eda b\u00e1quica.&nbsp;<\/p>\n\n\n\n<p class=\"wp-block-paragraph\">Hacia el siglo XI, las influencias literarias llegadas desde Bagdad a al-Andalus inclu\u00edan la poes\u00eda modernista de autores como Abu Nuwas, famoso por sus poemas sobre el vino, y los autores andalus\u00edes no solo adoptaron la m\u00e9trica, las formas y figuras ret\u00f3ricas, sino tambi\u00e9n los temas. De hecho, no fueron los temas literarios lo \u00fanico que se import\u00f3 de Oriente, sino tambi\u00e9n las tertulias de los gobernantes y miembros de la corte, y que inspiraron las composiciones de los modernistas sobre el amor, los jardines de palacio y el vino. No en vano, tambi\u00e9n recibieron el nombre de \u201ctertulias de bebida\u201d, aunque a veces pod\u00edan ser referidas simplemente como reuniones (<em>ma\u0177alis<\/em>). Por tanto, el tema b\u00e1quico que se empieza a cultivar en al-Andalus en este momento no reflejaba las tradiciones preisl\u00e1micas de los habitantes de la pen\u00ednsula Ib\u00e9rica, sino esas reuniones hedonistas heredadas de Oriente, cuesti\u00f3n que Eduardo Manzano ya plante\u00f3 en su art\u00edculo <a href=\"https:\/\/www.alandalusylahistoria.com\/?p=2677\" target=\"_blank\" rel=\"noreferrer noopener\">Juergas andalus\u00edes<\/a>.&nbsp;&nbsp;<\/p>\n\n\n<div class=\"wp-block-image\">\n<figure class=\"aligncenter size-large\"><img data-recalc-dims=\"1\" loading=\"lazy\" decoding=\"async\" width=\"618\" height=\"1024\" src=\"https:\/\/i0.wp.com\/www.alandalusylahistoria.com\/wp-content\/uploads\/2024\/10\/9788437627021-cantar-al-vino.jpg?resize=618%2C1024&#038;ssl=1\" alt=\"\" class=\"wp-image-5025\" srcset=\"https:\/\/i0.wp.com\/www.alandalusylahistoria.com\/wp-content\/uploads\/2024\/10\/9788437627021-cantar-al-vino.jpg?resize=618%2C1024&amp;ssl=1 618w, https:\/\/i0.wp.com\/www.alandalusylahistoria.com\/wp-content\/uploads\/2024\/10\/9788437627021-cantar-al-vino.jpg?resize=181%2C300&amp;ssl=1 181w, https:\/\/i0.wp.com\/www.alandalusylahistoria.com\/wp-content\/uploads\/2024\/10\/9788437627021-cantar-al-vino.jpg?resize=768%2C1273&amp;ssl=1 768w, https:\/\/i0.wp.com\/www.alandalusylahistoria.com\/wp-content\/uploads\/2024\/10\/9788437627021-cantar-al-vino.jpg?resize=927%2C1536&amp;ssl=1 927w, https:\/\/i0.wp.com\/www.alandalusylahistoria.com\/wp-content\/uploads\/2024\/10\/9788437627021-cantar-al-vino.jpg?w=1000&amp;ssl=1 1000w\" sizes=\"auto, (max-width: 618px) 100vw, 618px\" \/><\/figure>\n<\/div>\n\n\n<hr class=\"wp-block-separator has-text-color has-light-gray-blue-color has-alpha-channel-opacity has-light-gray-blue-background-color has-background\"\/>\n\n\n\n<p class=\"wp-block-paragraph\">Desde luego, es evidente que, en este contexto de la \u00e9lite, se daba el consumo de vino, y en el caso de determinados poetas, como Ibn Shuhayd (s. XI), que tambi\u00e9n pertenec\u00eda a este c\u00edrculo social, el consumo de vino es algo m\u00e1s que un mero tema, puesto que en otro de sus textos (<em>Kitab al-Naranyiyat<\/em>) habla sobre c\u00f3mo se puede consumir vino sin emborracharse. Sin embargo, sabemos de otros autores, como al-Rusafi (s. XII), que escrib\u00edan poes\u00eda b\u00e1quica pese a no consumir vino.&nbsp;&nbsp;<\/p>\n\n\n\n<p class=\"wp-block-paragraph\">En las composiciones b\u00e1quicas de los poetas modernistas, el vino representaba una met\u00e1fora del refinamiento persa frente al car\u00e1cter rudo de los \u00e1rabes que, en vez de vino, beb\u00edan leche. Detr\u00e1s de esto exist\u00eda una voluntad de reivindicar la grandeza persa sin renunciar al islam, en un movimiento que recibi\u00f3 el nombre de \u201c<em>Shu\u2018ubiyya<\/em>\u201d.&nbsp; Esa misma idea aparece en un texto andalus\u00ed, en el que parece identificarse a los nuevos musulmanes de origen no \u00e1rabe con el elemento persa. Tal es as\u00ed, que la contraposici\u00f3n entre vino y leche aparece empleada con el mismo sentido en la <em>Ep\u00edstola acerca de la superioridad de los no \u00e1rabes frente a los \u00e1rabes<\/em> de Ibn Garc\u00eda (muerto a finales del s. XI), un autor de origen vasco que sirvi\u00f3 en la corte del rey eslavo de la taifa de Denia, Muyahid al-Muwaffaq.&nbsp;&nbsp;<\/p>\n\n\n\n<p class=\"wp-block-paragraph\"><strong>Ibn Garc\u00eda (s. XI)<\/strong>:&nbsp;<\/p>\n\n\n\n<blockquote class=\"wp-block-quote is-layout-flow wp-block-quote-is-layout-flow\">\n<p class=\"has-text-align-center wp-block-paragraph\">Reyes excelsos, no quemadores de bo\u00f1igas; sagaces, visten de brocado y no con el sayo que calienta excesivamente por la lana de seis ovejas; guerreros, no guardianes de lechos de agua, ni plantadores de estacas de madera; ep\u00f3nimos de estirpe, no bebedores de leche de camella; beben vino y comen asado, no los frutos del alhandal, ni huevos de lagarto; no habitan tiendas de pelo; no se calientan con bo\u00f1igas; no se atiborran con la inmunda grasa del lagarto, sus ni\u00f1os no se alimentan con reptiles.&nbsp;<\/p>\n\n\n\n<p class=\"has-text-align-right wp-block-paragraph\">Rubiera, <em>La Taifa de Denia<\/em>, 136-142.&nbsp;<\/p>\n<\/blockquote>\n\n\n\n<p class=\"wp-block-paragraph\">Aunque en el discurso de S\u00e1nchez Albornoz el consumo de vino se consider\u00f3 como un elemento propio de la cultura hisp\u00e1nica preisl\u00e1mica que la llegada del islam no consigui\u00f3 hacer desaparecer, este es el \u00fanico ejemplo de que disponemos que podr\u00eda constituir una evidencia de dicha afirmaci\u00f3n, y adem\u00e1s puede que la menci\u00f3n del vino en la ep\u00edstola de Ibn Garc\u00eda simplemente responda a la imitaci\u00f3n de las im\u00e1genes expresadas por los poetas modernistas de origen persa. No solo eso, sino que m\u00e1s que a una reivindicaci\u00f3n \u00e9tnica o cultural, el texto parece responder a objetivos pol\u00edticos (la alabanza a los reyes eslavos a los que serv\u00eda Ibn Garc\u00eda).&nbsp;&nbsp;<\/p>\n\n\n\n<p class=\"wp-block-paragraph\">Haciendo un recorrido cronol\u00f3gico, aunque Yahya al-Gazal introduce la poes\u00eda b\u00e1quica en \u00e9poca del emirato omeya, si analizamos los poemas b\u00e1quicos que se han conservado a lo largo de la historia de al-Andalus, la \u00e9poca de taifas se lleva la palma. Es l\u00f3gico si tenemos en cuenta que esta etapa coincide con el momento de mayor apertura hacia las influencias literarias y culturales procedentes de Bagdad. Hemos hablado ya de Ibn Shuhayd de C\u00f3rdoba, pero podr\u00edamos poner otros muchos ejemplos de las taifas de Sevilla, Zaragoza, Badajoz, Silves, etc. Los versos que el cristiano Ibn Gundisalvo, visir del rey de la taifa de Zaragoza, al-Muqtadir, dedica a al-Mu\u02bftamid, rey de la taifa de Sevilla (quien, por otro lado, tambi\u00e9n compuso versos de tem\u00e1tica b\u00e1quica), implican al propio rey en esta actividad:&nbsp;<\/p>\n\n\n\n<blockquote class=\"wp-block-quote is-layout-flow wp-block-quote-is-layout-flow\">\n<p class=\"has-text-align-center wp-block-paragraph\">Dicen que la tiniebla es por ti d\u00eda&nbsp;<\/p>\n\n\n\n<p class=\"has-text-align-center wp-block-paragraph\">&nbsp;\u2014como esa oscuridad es el d\u00eda del hombre inteligente\u2014,&nbsp;&nbsp;<\/p>\n\n\n\n<p class=\"has-text-align-center wp-block-paragraph\">y deseaba una noche en la que nunca se pusiese&nbsp;<\/p>\n\n\n\n<p class=\"has-text-align-center wp-block-paragraph\">&nbsp;el sol de esa grandeza, donde uno a otro nos sirvi\u00e9semos a solas&nbsp;<\/p>\n\n\n\n<p class=\"has-text-align-center wp-block-paragraph\">&nbsp;un vino igual que la saliva del amado,&nbsp;<\/p>\n\n\n\n<p class=\"has-text-align-center wp-block-paragraph\">&nbsp;y levantarme luego como si hubiera vivido un sue\u00f1o&nbsp;<\/p>\n\n\n\n<p class=\"has-text-align-center wp-block-paragraph\">&nbsp; y lo ocultase por miedo a los esp\u00edas.&nbsp;&nbsp;<\/p>\n\n\n\n<p class=\"has-text-align-right wp-block-paragraph\">Teresa Garulo, \u201cNotas sobre muyun en al-Andalus\u201d, 102.&nbsp;<\/p>\n<\/blockquote>\n\n\n\n<p class=\"wp-block-paragraph\">Este fragmento de Ibn Gundisalvo es bastante revelador, ya que la menci\u00f3n a \u201clos esp\u00edas\u201d, de quienes no sabemos nada, indica que las reuniones nocturnas no se llevaban a cabo abiertamente, y que lo que all\u00ed suced\u00eda, no deb\u00eda trascender. Lo que pasaba en el <em>ma\u0177lis<\/em>, se quedaba en el <em>ma\u0177lis\u2026<\/em>Siempre y cuando no hubiese esp\u00edas.<em> <\/em>Adem\u00e1s de que el efecto del vino pod\u00eda hacer que revelasen estrategias pol\u00edticas y militares, el cometer determinados pecados pod\u00eda dar armas a un contrincante pol\u00edtico para movilizar a los ulemas y a la poblaci\u00f3n contra determinado gobernante.&nbsp;<\/p>\n\n\n<div class=\"wp-block-image\">\n<figure class=\"aligncenter size-full\"><img data-recalc-dims=\"1\" loading=\"lazy\" decoding=\"async\" width=\"1000\" height=\"681\" src=\"https:\/\/i0.wp.com\/www.alandalusylahistoria.com\/wp-content\/uploads\/2024\/10\/83059921_1920442374759399_8889560933727207424_n.jpg?resize=1000%2C681&#038;ssl=1\" alt=\"\" class=\"wp-image-5027\" srcset=\"https:\/\/i0.wp.com\/www.alandalusylahistoria.com\/wp-content\/uploads\/2024\/10\/83059921_1920442374759399_8889560933727207424_n.jpg?w=1200&amp;ssl=1 1200w, https:\/\/i0.wp.com\/www.alandalusylahistoria.com\/wp-content\/uploads\/2024\/10\/83059921_1920442374759399_8889560933727207424_n.jpg?resize=300%2C204&amp;ssl=1 300w, https:\/\/i0.wp.com\/www.alandalusylahistoria.com\/wp-content\/uploads\/2024\/10\/83059921_1920442374759399_8889560933727207424_n.jpg?resize=1024%2C697&amp;ssl=1 1024w, https:\/\/i0.wp.com\/www.alandalusylahistoria.com\/wp-content\/uploads\/2024\/10\/83059921_1920442374759399_8889560933727207424_n.jpg?resize=768%2C523&amp;ssl=1 768w\" sizes=\"auto, (max-width: 1000px) 100vw, 1000px\" \/><figcaption class=\"wp-element-caption\">Imagen del Hadith Bayad wa Riyad, manuscrito datado en el siglo XIII. Biblioteca Apost\u00f3lica de la Ciudad del Vaticano Vat.ar.368.<\/figcaption><\/figure>\n<\/div>\n\n\n<hr class=\"wp-block-separator has-text-color has-light-gray-blue-color has-alpha-channel-opacity has-light-gray-blue-background-color has-background\"\/>\n\n\n\n<p class=\"wp-block-paragraph\">Si seguimos adelante en el tiempo, aunque la producci\u00f3n po\u00e9tica disminuye en el periodo almor\u00e1vide, no desaparece totalmente, y tambi\u00e9n disponemos de alg\u00fan ejemplo, como los versos del jienense Abu Ya\u2018far ibn Sa\u2018id (s. XII), o del valenciano Ibn al-Zaqqaq (s. XII):&nbsp;<\/p>\n\n\n\n<blockquote class=\"wp-block-quote is-layout-flow wp-block-quote-is-layout-flow\">\n<p class=\"has-text-align-center wp-block-paragraph\">Haced girar en rueda el vino sobre el vergel cubierto de roc\u00edo;&nbsp;&nbsp;<\/p>\n\n\n\n<p class=\"has-text-align-center wp-block-paragraph\">la sentencia de la aurora es ya firme entre las tinieblas.&nbsp;&nbsp;<\/p>\n\n\n\n<p class=\"has-text-align-center wp-block-paragraph\">Los luceros del horizonte no han tramontado,&nbsp;&nbsp;<\/p>\n\n\n\n<p class=\"has-text-align-center wp-block-paragraph\">sino que se han trasladado de los cielos a los jardines.&nbsp;<\/p>\n\n\n\n<p class=\"has-text-align-right wp-block-paragraph\">Ibn al-Zaqqaq, <em>Poes\u00edas<\/em>. Trad. Emilio Garc\u00eda G\u00f3mez, 46-47.&nbsp;<\/p>\n<\/blockquote>\n\n\n\n<p class=\"wp-block-paragraph\">Recordemos que en \u00e9poca almor\u00e1vide el almotac\u00e9n de Sevilla, Ibn \u2018Abdun, hace referencia al Guadalquivir como lugar donde se compra y se consume vino. Pues bien, Ibn Safar de Almer\u00eda (s. XII), que vivi\u00f3 a caballo entre la \u00e9poca almor\u00e1vide y la almohade, escribi\u00f3 los siguientes versos, confirmando as\u00ed que los espacios fluviales constitu\u00edan un lugar alejado de la estricta vigilancia en este momento:&nbsp;<\/p>\n\n\n\n<blockquote class=\"wp-block-quote is-layout-flow wp-block-quote-is-layout-flow\">\n<p class=\"has-text-align-center wp-block-paragraph\">Si hubiesen visto tus ojos un barco, lleno de j\u00f3venes,&nbsp;&nbsp;<\/p>\n\n\n\n<p class=\"has-text-align-center wp-block-paragraph\">en quien la alegr\u00eda mostraba su esparcimiento,&nbsp;&nbsp;<\/p>\n\n\n\n<p class=\"has-text-align-center wp-block-paragraph\">bebiendo en rueda al cobijo de las velas,&nbsp;&nbsp;<\/p>\n\n\n\n<p class=\"has-text-align-center wp-block-paragraph\">cada uno con su copa en la mano,&nbsp;&nbsp;<\/p>\n\n\n\n<p class=\"has-text-align-center wp-block-paragraph\">habr\u00edas pensado que era un p\u00e1jaro que,&nbsp;<\/p>\n\n\n\n<p class=\"has-text-align-center wp-block-paragraph\">&nbsp;por miedo de la tempestad,&nbsp;&nbsp;<\/p>\n\n\n\n<p class=\"has-text-align-center wp-block-paragraph\">hab\u00eda extendido lleno de ternura las alas sobre sus polluelos.&nbsp;<\/p>\n\n\n\n<p class=\"has-text-align-right wp-block-paragraph\">Emilio Garc\u00eda G\u00f3mez, <em>El Libro de las banderas<\/em>, 75 y 236.&nbsp;<\/p>\n<\/blockquote>\n\n\n\n<p class=\"wp-block-paragraph\">En cuanto a la \u00e9poca almohade, pese a la destrucci\u00f3n de los mur\u00fas, esos silos donde se reun\u00eda gente de dudosa reputaci\u00f3n y donde se beb\u00eda vino, disponemos de varios poemas de este periodo, como los de Ibn Sahl de Sevilla (s. XIII), Abu Bakr ibn Hisham (s. XIII), o los de \u02bfAbd al-Mawl\u00e0 (s. XIII), que se consideraron especialmente escandalosos, no por el vino, sino por renegar de la religi\u00f3n:&nbsp;<\/p>\n\n\n\n<p class=\"wp-block-paragraph\"><strong>\u2018Abd al-Mawl\u00e0<\/strong>:&nbsp;<\/p>\n\n\n\n<blockquote class=\"wp-block-quote is-layout-flow wp-block-quote-is-layout-flow\">\n<p class=\"has-text-align-center wp-block-paragraph\">Amigo, bebe en un jard\u00edn, bajo un cielo brillante,&nbsp;<\/p>\n\n\n\n<p class=\"has-text-align-center wp-block-paragraph\">esc\u00e1nciame una vez tras otra ese vino y la saliva&nbsp;<\/p>\n\n\n\n<p class=\"has-text-align-center wp-block-paragraph\">de una gacela en cuyas mejillas sale el sol m\u00e1s hermoso;&nbsp;<\/p>\n\n\n\n<p class=\"has-text-align-center wp-block-paragraph\">no dejes escapar el tiempo de la copa y de la amada,&nbsp;<\/p>\n\n\n\n<p class=\"has-text-align-center wp-block-paragraph\">y ap\u00e1rtate de aquello que esos hombres en su ignorancia imponen;&nbsp;<\/p>\n\n\n\n<p class=\"has-text-align-center wp-block-paragraph\">buscan vanas mentiras al renunciar al mundo real.&nbsp;<\/p>\n\n\n\n<p class=\"has-text-align-center wp-block-paragraph\">No existe m\u00e1s que lo que ves, soy quien mejor conoce esa doctrina.&nbsp;<\/p>\n\n\n\n<p class=\"has-text-align-right wp-block-paragraph\">Teresa Garulo, \u201cNotas sobre muyun en al-Andalus\u201d, 103-104.&nbsp;<\/p>\n<\/blockquote>\n\n\n\n<p class=\"wp-block-paragraph\">Para defenderse de las acusaciones de Abu \u2018Imran Musa Ibn Sa\u2018id, \u2018Abd al-Mawla dice que su poema son solo palabras y no hechos.&nbsp;<\/p>\n\n\n\n<p class=\"wp-block-paragraph\"><strong>Abu Bakr ibn Hisham<\/strong>:&nbsp;<\/p>\n\n\n\n<blockquote class=\"wp-block-quote is-layout-flow wp-block-quote-is-layout-flow\">\n<p class=\"has-text-align-center wp-block-paragraph\">Me censuran porque amo la org\u00eda y la copa,&nbsp;<\/p>\n\n\n\n<p class=\"has-text-align-center wp-block-paragraph\">cuando ya ha aparecido la flor de las canas en mi cabeza.&nbsp;<\/p>\n\n\n\n<p class=\"has-text-align-center wp-block-paragraph\">Mas t\u00fa ves que la rama, cuando m\u00e1s necesita beber,&nbsp;<\/p>\n\n\n\n<p class=\"has-text-align-center wp-block-paragraph\">es precisamente en los d\u00edas en que aparece vestida con las flores.&nbsp;<\/p>\n\n\n\n<p class=\"has-text-align-right wp-block-paragraph\">Garc\u00eda G\u00f3mez. <em>El Libro de las banderas<\/em>, 182.&nbsp;<\/p>\n<\/blockquote>\n\n\n\n<p class=\"wp-block-paragraph\">Ambos ejemplos reflejan un control de este tipo de actividades. En el primer caso dice claramente \u201c<em>ap\u00e1rtate de aquello que esos hombres en su ignorancia imponen<\/em>\u201d, y en el segundo, Ibn Hisham habla directamente de una \u201c<em>censura<\/em>\u201d, aunque este temor se observa tambi\u00e9n en composiciones del periodo de taifas, como algunos de los versos de Ibn \u1e62\u0101ra al-\u0160antar\u012bn\u012b, quien escribi\u00f3:&nbsp;<\/p>\n\n\n\n<blockquote class=\"wp-block-quote is-layout-flow wp-block-quote-is-layout-flow\">\n<p class=\"has-text-align-center wp-block-paragraph\">En vuestra tierra nos es l\u00edcito&nbsp;<\/p>\n\n\n\n<p class=\"has-text-align-center wp-block-paragraph\">descuidar la oraci\u00f3n y beber vino,&nbsp;<\/p>\n\n\n\n<p class=\"has-text-align-center wp-block-paragraph\">Aunque es algo prohibido&nbsp;<\/p>\n\n\n\n<p class=\"has-text-align-center wp-block-paragraph\">huyendo en busca del fuego del infierno,&nbsp;<\/p>\n\n\n\n<p class=\"has-text-align-center wp-block-paragraph\">m\u00e1s soportable y m\u00e1s piadoso que \u0160ulayr.&nbsp;<\/p>\n\n\n\n<p class=\"has-text-align-center wp-block-paragraph\">Cuando el viento del Norte sopla en vuestra comarca,&nbsp;<\/p>\n\n\n\n<p class=\"has-text-align-center wp-block-paragraph\">\u00a1Feliz aquel que en las llamas disfruta!&nbsp;<\/p>\n\n\n\n<p class=\"has-text-align-right wp-block-paragraph\">Ibn \u1e62\u0101ra al-\u0160antar\u012bn\u012b. <em>Poemas del fuego y otras casidas<\/em>. Trad. Teresa Garulo, 261.&nbsp;<\/p>\n<\/blockquote>\n\n\n\n<p class=\"wp-block-paragraph\">Y tambi\u00e9n podemos detectar ese control en composiciones posteriores, como la de Ibn Jatima (s. XIV), donde los mencionados \u201cesp\u00edas\u201d parecen particularmente interesados en evitar el consumo de vino:&nbsp;<\/p>\n\n\n\n<blockquote class=\"wp-block-quote is-layout-flow wp-block-quote-is-layout-flow\">\n<p class=\"has-text-align-center wp-block-paragraph\">Apres\u00farate a besar la boca y la copa;&nbsp;&nbsp;<\/p>\n\n\n\n<p class=\"has-text-align-center wp-block-paragraph\">bebe en un jard\u00edn de azahar y mirto&nbsp;&nbsp;<\/p>\n\n\n\n<p class=\"has-text-align-center wp-block-paragraph\">y esc\u00e1nciame un vino puro, transparente,&nbsp;&nbsp;<\/p>\n\n\n\n<p class=\"has-text-align-center wp-block-paragraph\">cuya diafanidad escapa a la vigilancia de los esp\u00edas.&nbsp;&nbsp;<\/p>\n\n\n\n<p class=\"has-text-align-center wp-block-paragraph\">Apenas lo he visto en la mano del copero,&nbsp;&nbsp;<\/p>\n\n\n\n<p class=\"has-text-align-center wp-block-paragraph\">cuando ya aparece en la mejilla del que lo bebi\u00f3.&nbsp;<\/p>\n\n\n\n<p class=\"has-text-align-right wp-block-paragraph\"><em>El D\u012bw\u0101n de Ibn J\u0101tima<\/em>, 107. Trad. Soledad Gibert.&nbsp;<\/p>\n<\/blockquote>\n\n\n\n<p class=\"wp-block-paragraph\">En \u00e9poca nazar\u00ed, \u00e9poca en la que precisamente vivi\u00f3 Ibn Jatima, la producci\u00f3n de este tipo de poes\u00eda vuelve a aumentar. Literatos y poetas imitan las composiciones de la \u00e9poca de esplendor de las Taifas; y en este proceso, los poemas de tema b\u00e1quico ocupan un lugar central. De nuevo, desconocemos hasta qu\u00e9 punto existe una correspondencia entre las expresiones literarias y las pr\u00e1cticas sociales, m\u00e1s a\u00fan cuando en el Oriente isl\u00e1mico las <em>jamriyyat<\/em> gozaron de gran fama en los siglos XII y XIII, justo la \u00e9poca previa al periodo nazar\u00ed.&nbsp;&nbsp;<\/p>\n\n\n<div class=\"wp-block-image\">\n<figure class=\"aligncenter size-full\"><img data-recalc-dims=\"1\" loading=\"lazy\" decoding=\"async\" width=\"785\" height=\"607\" src=\"https:\/\/i0.wp.com\/www.alandalusylahistoria.com\/wp-content\/uploads\/2024\/10\/Captura-de-pantalla-2024-10-24-a-las-14.04.51.png?resize=785%2C607&#038;ssl=1\" alt=\"\" class=\"wp-image-5028\" srcset=\"https:\/\/i0.wp.com\/www.alandalusylahistoria.com\/wp-content\/uploads\/2024\/10\/Captura-de-pantalla-2024-10-24-a-las-14.04.51.png?w=785&amp;ssl=1 785w, https:\/\/i0.wp.com\/www.alandalusylahistoria.com\/wp-content\/uploads\/2024\/10\/Captura-de-pantalla-2024-10-24-a-las-14.04.51.png?resize=300%2C232&amp;ssl=1 300w, https:\/\/i0.wp.com\/www.alandalusylahistoria.com\/wp-content\/uploads\/2024\/10\/Captura-de-pantalla-2024-10-24-a-las-14.04.51.png?resize=768%2C594&amp;ssl=1 768w\" sizes=\"auto, (max-width: 785px) 100vw, 785px\" \/><figcaption class=\"wp-element-caption\">Ataifor de Benet\u00fasser (s. XI). <a href=\"https:\/\/ceres.mcu.es\/pages\/ResultSearch?txtSimpleSearch=Zafa%20con%20figura%20de%20bebedor&amp;simpleSearch=0&amp;hipertextSearch=1&amp;search=simpleSelection&amp;MuseumsSearch=MNC%7C&amp;MuseumsRolSearch=30&amp;\">Museo Nacional de Cer\u00e1mica y Artes Suntuarias Gonz\u00e1lez Mart\u00ed<\/a>.<\/figcaption><\/figure>\n<\/div>\n\n\n<p class=\"wp-block-paragraph\">De nuevo, tenemos indicios de que, al menos en el \u00e1mbito privado de la \u00e9lite, el vino se consum\u00eda, y ya en el art\u00edculo sobre \u201cjuergas\u201d, se hace referencia a los remedios contra la resaca que menciona el pol\u00edgrafo Ibn al-Jatib, quien fue visir de dos reyes nazar\u00edes. Aqu\u00ed unos versos suyos:&nbsp;<\/p>\n\n\n\n<blockquote class=\"wp-block-quote is-layout-flow wp-block-quote-is-layout-flow\">\n<p class=\"has-text-align-center wp-block-paragraph\">En adornadas copas (el vino) aparece como novia&nbsp;&nbsp;<\/p>\n\n\n\n<p class=\"has-text-align-center wp-block-paragraph\">de rojo pecho y mejillas.&nbsp;&nbsp;<\/p>\n\n\n\n<p class=\"has-text-align-center wp-block-paragraph\">La diversi\u00f3n ha sido la dote cuando pedimos su mano&nbsp;&nbsp;<\/p>\n\n\n\n<p class=\"has-text-align-center wp-block-paragraph\">y las melod\u00edas de las cantoras fueron los testigos.&nbsp;<\/p>\n\n\n\n<p class=\"has-text-align-right wp-block-paragraph\">Al-Zahrani, <em>Aspectos culturales e ideol\u00f3gicos<\/em>, 588.&nbsp;<\/p>\n<\/blockquote>\n\n\n\n<p class=\"wp-block-paragraph\">Los m\u00edsticos suf\u00edes tambi\u00e9n emplean el g\u00e9nero b\u00e1quico como forma de expresi\u00f3n, lo cual quiz\u00e1 indica el uso del vino como medio para alcanzar el \u00e9xtasis m\u00edstico y experimentar aperturas espirituales. Dicho uso se refleja, por ejemplo, en una de las composiciones Ibn al-Yayyab (m. 1348), poeta de los muros de la Alhambra, quien, seg\u00fan Rubiera Mata, recibi\u00f3 ense\u00f1anzas m\u00edsticas en la ciudad de M\u00e1laga (Rubiera,\u202f<em>\u201cIbn al-\u0176ayy\u0101b\u201d, <\/em>DBE-RAH):\u00a0<\/p>\n\n\n\n<blockquote class=\"wp-block-quote is-layout-flow wp-block-quote-is-layout-flow\">\n<p class=\"has-text-align-center wp-block-paragraph\">S\u00edrveme el vino puro, sin mezcla,&nbsp;<\/p>\n\n\n\n<p class=\"has-text-align-center wp-block-paragraph\">que es mi descanso y medicina;&nbsp;<\/p>\n\n\n\n<p class=\"has-text-align-center wp-block-paragraph\">si se vierte una sola gota en el vaso,&nbsp;<\/p>\n\n\n\n<p class=\"has-text-align-center wp-block-paragraph\">el cristal transparenta la ardiente claridad;&nbsp;<\/p>\n\n\n\n<p class=\"has-text-align-center wp-block-paragraph\">si lo bebe el pervertido,&nbsp;<\/p>\n\n\n\n<p class=\"has-text-align-center wp-block-paragraph\">le ofrece un enigma con un secreto oculto;&nbsp;<\/p>\n\n\n\n<p class=\"has-text-align-center wp-block-paragraph\">si lo bebe el iniciado,&nbsp;<\/p>\n\n\n\n<p class=\"has-text-align-center wp-block-paragraph\">le mostrar\u00e1 la verdad clara;&nbsp;<\/p>\n\n\n\n<p class=\"has-text-align-center wp-block-paragraph\">le dejar\u00e1 suspendidos los sentidos&nbsp;<\/p>\n\n\n\n<p class=\"has-text-align-center wp-block-paragraph\">de forma que no podr\u00e1 hacer viaje nocturno o diurno.&nbsp;<\/p>\n\n\n\n<p class=\"has-text-align-right wp-block-paragraph\">Rubiera,\u202f<em>Ibn al-\u0176ayy\u0101b: El otro poeta de la Alhambra<\/em>, 46.&nbsp;<\/p>\n<\/blockquote>\n\n\n\n<p class=\"wp-block-paragraph\">Por tanto, podr\u00edamos considerar que los poemas b\u00e1quicos que se conservan s\u00ed reflejan una realidad, pero es la realidad de las \u00e9lites, y no de las masas. Como en otros asuntos sobre los que la jurisprudencia isl\u00e1mica se pronuncia, en lo que se refiere a la prohibici\u00f3n del consumo de vino, los textos apuntan a que las clases privilegiadas de la sociedad, principalmente los gobernantes y la administraci\u00f3n, quienes adem\u00e1s controlaban el brazo ejecutivo de la ley, desoyeron las opiniones de los juristas con respecto a la prohibici\u00f3n del consumo de alcohol, principalmente en el \u00e1mbito privado. Fuera de estos c\u00edrculos, como ya apunt\u00f3 en su d\u00eda Manuela Mar\u00edn, el consumo debi\u00f3 mantenerse en un \u00e1mbito social bastante marginal, no solo porque las restricciones debieron dificultar el acceso al vino, sino tambi\u00e9n porque su prohibici\u00f3n constitu\u00eda un pilar fundamental de la ortodoxia isl\u00e1mica y eso debi\u00f3 derivar en una gran presi\u00f3n social contra esta pr\u00e1ctica.&nbsp;<\/p>\n\n\n\n<hr class=\"wp-block-separator has-text-color has-bright-blue-color has-alpha-channel-opacity has-bright-blue-background-color has-background\"\/>\n\n\n\n<h4 class=\"wp-block-heading\">Para ampliar:<\/h4>\n\n\n\n<ul class=\"wp-block-list\">\n<li>Garc\u00eda G\u00f3mez, Emilio, <em>El Libro de las banderas de los campeones de Ibn Sa\u2018\u012bd al-Magrib\u012b<\/em>. Editado y traducido por Emilio Garc\u00eda G\u00f3mez. Barcelona: Seix Barral, 1978.\u00a0<\/li>\n<\/ul>\n\n\n\n<ul class=\"wp-block-list\">\n<li>Garulo, Teresa, \u201cNotas sobre muyun en al-Andalus. El cap\u00edtulo VII del <em>Nafh al-tib<\/em> de al-Maqqari\u201d, <em>Anaquel de estudios \u00e1rabes<\/em> 26 (2015): 93-120.\u00a0<\/li>\n<\/ul>\n\n\n\n<ul class=\"wp-block-list\">\n<li>Ibn Jatima, <em>El D\u012bw\u0101n de Ibn J\u0101tima de Almer\u00eda (Poes\u00eda arabigoandaluza del siglo XIV)<\/em>. Editado y traducido por Soledad Gibert Fenech. Barcelona: Universidad de Barcelona, 1975.\u00a0<\/li>\n<\/ul>\n\n\n\n<ul class=\"wp-block-list\">\n<li>Ibn Sara al-Santarini, <em>Poemas del fuego y otras casidas<\/em>. Recopilaci\u00f3n, edici\u00f3n, traducci\u00f3n y estudio de Teresa Garulo. Edici\u00f3n biling\u00fce. Madrid: Hiperi\u00f3n, 2001.\u00a0<\/li>\n<\/ul>\n\n\n\n<ul class=\"wp-block-list\">\n<li>Ibn al-Zaqqaq, <em>Poes\u00edas<\/em>. Ed. y trad. en verso de E. Garc\u00eda G\u00f3mez. Madrid: Instituto Hispano-\u00c1rabe de Cultura. Cl\u00e1sicos Hispano-\u00c1rabes Biling\u00fces, 1978.\u00a0<\/li>\n<\/ul>\n\n\n\n<ul class=\"wp-block-list\">\n<li>L\u00e9vi Proven\u00e7al, \u00c9variste, <em>Espa\u00f1a musulmana, Historia de Espa\u00f1a de Men\u00e9ndez Pidal<\/em> vol. V: 159-60.\u00a0<\/li>\n<\/ul>\n\n\n\n<ul class=\"wp-block-list\">\n<li>Moral Molina, Celia Del, \u201cVino, erotismo y naturaleza en la poes\u00eda andalus\u00ed\u201d, <em>Miscel\u00e1nea de Estudios \u00c1rabes y Hebraicos, secci\u00f3n \u00e1rabe-islam<\/em> 70 (2021): 453-479, <a href=\"https:\/\/digibug.ugr.es\/handle\/10481\/65924\" target=\"_blank\" rel=\"noreferrer noopener\">https:\/\/digibug.ugr.es\/handle\/10481\/65924<\/a>.\u00a0<\/li>\n<\/ul>\n\n\n\n<ul class=\"wp-block-list\">\n<li>Rubiera Mata, Mar\u00eda Jes\u00fas, <em>Ibn al-\u0176ayy\u0101b: El otro poeta de la Alhambra<\/em>, Granada: Patronato de la Alhambra y Generalife, 1982.\u00a0<\/li>\n<\/ul>\n\n\n\n<ul class=\"wp-block-list\">\n<li>Rubiera Mata, Mar\u00eda Jes\u00fas, \u201cIbn al-\u0176ayy\u0101b\u201d, Diccionario Biogr\u00e1fico Electr\u00f3nico, Real Academia de la Historia, <a href=\"https:\/\/dbe.rah.es\/biografias\/38212\/ibn-al-yayyab\" target=\"_blank\" rel=\"noreferrer noopener\">https:\/\/dbe.rah.es\/biografias\/38212\/ibn-al-yayyab<\/a>.\u00a0<\/li>\n<\/ul>\n\n\n\n<ul class=\"wp-block-list\">\n<li>Rubiera Mata, Mar\u00eda Jes\u00fas, <em>La Taifa de Denia<\/em>, Alicante: Diputaci\u00f3n Provincial de Alicante, Instituto Alicantino de Cultura Juan Gil-Albert, 1986.\u00a0<\/li>\n<\/ul>\n\n\n\n<ul class=\"wp-block-list\">\n<li>Sadan, Joseph, \u201cVin-Fait de civilization\u201d, en <em>Studies in memory of Gaston Wiet, Rosen-Ayalon<\/em>, M. (ed.), Jerusalem: Hebrew Univesity, Institute of Asian and African Studies, 1977: 129-160.\u00a0\u00a0<\/li>\n<\/ul>\n\n\n\n<ul class=\"wp-block-list\">\n<li>S\u00e1nchez Albornoz, \u201cEl Islam de Espa\u00f1a y Occidente\u201d, en <em>L&#8217;occidente e l&#8217;Islam nell&#8217;Alto Medioevo, 2-8 aprile 1964: XII settimana di studio organizzata per il Centro Italiano di Studi sull&#8217;Alto Medioevo<\/em>, Vol. 1, 1965 (Tomo primo), 149-308.\u00a0<\/li>\n<\/ul>\n\n\n\n<ul class=\"wp-block-list\">\n<li>Sobh, Mahmud, <em>Historia de la literatura \u00e1rabe cl\u00e1sica, <\/em>Madrid: C\u00e1tedra, 2002.\u00a0<\/li>\n<\/ul>\n\n\n\n<ul class=\"wp-block-list\">\n<li>V\u00e1zquez de Benito, Mar\u00eda de la Concepci\u00f3n, \u201cReflexiones de los m\u00e9dicos \u00e1rabes sobre el vino\u201d, en <em>Creencias y culturas<\/em>, coord. por Alisa Meyuhas Ginio, Carlos Carrete Parrondo, Salamanca: Universidad Pontificia de Salamanca, 1998: 203-218.\u00a0<\/li>\n<\/ul>\n\n\n\n<ul class=\"wp-block-list\">\n<li>Al-Zahrani, S., <em>Aspectos culturales e ideol\u00f3gicos en el D\u012bw\u0101n de Lis\u0101n al-D\u012bn Ibn al-Ja\u1e6d\u012bb<\/em>. Tesis doctoral. Granada: Universidad de Granada, 2011.\u00a0<\/li>\n<\/ul>\n\n\n\n<ul class=\"wp-block-list\">\n<li>Ibn al-Zaqqaq, <em>Poes\u00edas<\/em>. Ed. y trad. en verso de E. Garc\u00eda G\u00f3mez. Madrid: Instituto Hispano-\u00c1rabe de Cultura. Cl\u00e1sicos Hispano-\u00c1rabes Biling\u00fces, 1978.\u00a0<\/li>\n<\/ul>\n","protected":false},"excerpt":{"rendered":"<p>Adday Hern\u00e1ndez<\/p>\n","protected":false},"author":11,"featured_media":5030,"comment_status":"closed","ping_status":"closed","sticky":false,"template":"","format":"standard","meta":{"_crdt_document":"","jetpack_post_was_ever_published":false,"footnotes":""},"categories":[342,11,24],"tags":[31,37,180,436,317,274,433],"coauthors":[262],"class_list":{"0":"post-5018","1":"post","2":"type-post","3":"status-publish","4":"format-standard","5":"has-post-thumbnail","6":"hentry","7":"category-economia","8":"category-fuentes","9":"category-imaginarios","10":"tag-convivencia","11":"tag-historiografia","12":"tag-intercambios-culturales","13":"tag-ley-islamica","14":"tag-sharia","15":"tag-vida-cotidiana","16":"tag-vino","18":"fallback-thumbnail"},"jetpack_featured_media_url":"https:\/\/i0.wp.com\/www.alandalusylahistoria.com\/wp-content\/uploads\/2024\/10\/Cultivo-de-la-vid-en-las-Huertas-del-Generalife-al-anochecer.jpg?fit=1200%2C900&ssl=1","_links":{"self":[{"href":"https:\/\/www.alandalusylahistoria.com\/index.php?rest_route=\/wp\/v2\/posts\/5018","targetHints":{"allow":["GET"]}}],"collection":[{"href":"https:\/\/www.alandalusylahistoria.com\/index.php?rest_route=\/wp\/v2\/posts"}],"about":[{"href":"https:\/\/www.alandalusylahistoria.com\/index.php?rest_route=\/wp\/v2\/types\/post"}],"author":[{"embeddable":true,"href":"https:\/\/www.alandalusylahistoria.com\/index.php?rest_route=\/wp\/v2\/users\/11"}],"replies":[{"embeddable":true,"href":"https:\/\/www.alandalusylahistoria.com\/index.php?rest_route=%2Fwp%2Fv2%2Fcomments&post=5018"}],"version-history":[{"count":8,"href":"https:\/\/www.alandalusylahistoria.com\/index.php?rest_route=\/wp\/v2\/posts\/5018\/revisions"}],"predecessor-version":[{"id":5033,"href":"https:\/\/www.alandalusylahistoria.com\/index.php?rest_route=\/wp\/v2\/posts\/5018\/revisions\/5033"}],"wp:featuredmedia":[{"embeddable":true,"href":"https:\/\/www.alandalusylahistoria.com\/index.php?rest_route=\/wp\/v2\/media\/5030"}],"wp:attachment":[{"href":"https:\/\/www.alandalusylahistoria.com\/index.php?rest_route=%2Fwp%2Fv2%2Fmedia&parent=5018"}],"wp:term":[{"taxonomy":"category","embeddable":true,"href":"https:\/\/www.alandalusylahistoria.com\/index.php?rest_route=%2Fwp%2Fv2%2Fcategories&post=5018"},{"taxonomy":"post_tag","embeddable":true,"href":"https:\/\/www.alandalusylahistoria.com\/index.php?rest_route=%2Fwp%2Fv2%2Ftags&post=5018"},{"taxonomy":"author","embeddable":true,"href":"https:\/\/www.alandalusylahistoria.com\/index.php?rest_route=%2Fwp%2Fv2%2Fcoauthors&post=5018"}],"curies":[{"name":"wp","href":"https:\/\/api.w.org\/{rel}","templated":true}]}}