{"id":4968,"date":"2024-10-04T10:59:30","date_gmt":"2024-10-04T08:59:30","guid":{"rendered":"https:\/\/www.alandalusylahistoria.com\/?p=4968"},"modified":"2024-10-04T11:08:03","modified_gmt":"2024-10-04T09:08:03","slug":"el-pasado-musulman-de-al-andalus-y-la-identidad-andaluza","status":"publish","type":"post","link":"https:\/\/www.alandalusylahistoria.com\/?p=4968","title":{"rendered":"Al-Andalus y la identidad andaluza"},"content":{"rendered":"\n<h3 class=\"wp-block-heading has-text-align-center\">\u00bfQu\u00e9 papel ha desempe\u00f1ado el pasado andalus\u00ed en la construcci\u00f3n de la identidad andaluza contempor\u00e1nea? Alejandro Garc\u00eda Sanju\u00e1n analiz\u00f3 esta cuesti\u00f3n en una conferencia impartida en la XXXII Semana de Estudios Medievales de N\u00e1jera (28 de julio de 2022)<\/h3>\n\n\n\n<figure class=\"wp-block-embed aligncenter is-type-video is-provider-youtube wp-block-embed-youtube wp-embed-aspect-16-9 wp-has-aspect-ratio\"><div class=\"wp-block-embed__wrapper\">\n<iframe loading=\"lazy\" title=\"El pasado musulman de Al Andalus y la identidad andaluza - Alejandro Garc\u00eda Sanju\u00e1n\" width=\"1000\" height=\"563\" src=\"https:\/\/www.youtube.com\/embed\/8OF8tsXh8hA?feature=oembed\" frameborder=\"0\" allow=\"accelerometer; autoplay; clipboard-write; encrypted-media; gyroscope; picture-in-picture; web-share\" referrerpolicy=\"strict-origin-when-cross-origin\" allowfullscreen><\/iframe>\n<\/div><\/figure>\n","protected":false},"excerpt":{"rendered":"<p>\u00bfQu\u00e9 papel ha desempe\u00f1ado el pasado andalus\u00ed en la construcci\u00f3n de la identidad andaluza contempor\u00e1nea? Alejandro Garc\u00eda Sanju\u00e1n analiz\u00f3 esta cuesti\u00f3n en una conferencia impartida en la XXXII Semana de Estudios Medievales de N\u00e1jera (28 de julio de 2022)<\/p>\n","protected":false},"author":11,"featured_media":4969,"comment_status":"closed","ping_status":"closed","sticky":false,"template":"","format":"standard","meta":{"_crdt_document":"","jetpack_post_was_ever_published":false,"footnotes":""},"categories":[13],"tags":[431,432,40,136],"coauthors":[262],"class_list":{"0":"post-4968","1":"post","2":"type-post","3":"status-publish","4":"format-standard","5":"has-post-thumbnail","6":"hentry","7":"category-multimedia","8":"tag-andalucia","9":"tag-blas-infante","10":"tag-identidad","11":"tag-nacionalismo","13":"fallback-thumbnail"},"jetpack_featured_media_url":"https:\/\/i0.wp.com\/www.alandalusylahistoria.com\/wp-content\/uploads\/2024\/10\/Blas-Infante-Agmat.jpg?fit=1030%2C776&ssl=1","_links":{"self":[{"href":"https:\/\/www.alandalusylahistoria.com\/index.php?rest_route=\/wp\/v2\/posts\/4968","targetHints":{"allow":["GET"]}}],"collection":[{"href":"https:\/\/www.alandalusylahistoria.com\/index.php?rest_route=\/wp\/v2\/posts"}],"about":[{"href":"https:\/\/www.alandalusylahistoria.com\/index.php?rest_route=\/wp\/v2\/types\/post"}],"author":[{"embeddable":true,"href":"https:\/\/www.alandalusylahistoria.com\/index.php?rest_route=\/wp\/v2\/users\/11"}],"replies":[{"embeddable":true,"href":"https:\/\/www.alandalusylahistoria.com\/index.php?rest_route=%2Fwp%2Fv2%2Fcomments&post=4968"}],"version-history":[{"count":2,"href":"https:\/\/www.alandalusylahistoria.com\/index.php?rest_route=\/wp\/v2\/posts\/4968\/revisions"}],"predecessor-version":[{"id":4973,"href":"https:\/\/www.alandalusylahistoria.com\/index.php?rest_route=\/wp\/v2\/posts\/4968\/revisions\/4973"}],"wp:featuredmedia":[{"embeddable":true,"href":"https:\/\/www.alandalusylahistoria.com\/index.php?rest_route=\/wp\/v2\/media\/4969"}],"wp:attachment":[{"href":"https:\/\/www.alandalusylahistoria.com\/index.php?rest_route=%2Fwp%2Fv2%2Fmedia&parent=4968"}],"wp:term":[{"taxonomy":"category","embeddable":true,"href":"https:\/\/www.alandalusylahistoria.com\/index.php?rest_route=%2Fwp%2Fv2%2Fcategories&post=4968"},{"taxonomy":"post_tag","embeddable":true,"href":"https:\/\/www.alandalusylahistoria.com\/index.php?rest_route=%2Fwp%2Fv2%2Ftags&post=4968"},{"taxonomy":"author","embeddable":true,"href":"https:\/\/www.alandalusylahistoria.com\/index.php?rest_route=%2Fwp%2Fv2%2Fcoauthors&post=4968"}],"curies":[{"name":"wp","href":"https:\/\/api.w.org\/{rel}","templated":true}]}}