{"id":4931,"date":"2024-09-13T09:00:00","date_gmt":"2024-09-13T07:00:00","guid":{"rendered":"https:\/\/www.alandalusylahistoria.com\/?p=4931"},"modified":"2024-09-12T15:18:45","modified_gmt":"2024-09-12T13:18:45","slug":"la-ciudad-de-lakka-y-la-batalla-de-wadi-lakka-nueva-propuesta-de-localizacion","status":"publish","type":"post","link":"https:\/\/www.alandalusylahistoria.com\/?p=4931","title":{"rendered":"La ciudad de Lakka y la batalla de w\u0101d\u012b Lakka: nueva propuesta de localizaci\u00f3n"},"content":{"rendered":"\n<hr class=\"wp-block-separator has-text-color has-light-gray-blue-color has-alpha-channel-opacity has-light-gray-blue-background-color has-background\"\/>\n\n\n\n<h4 class=\"wp-block-heading has-text-align-center\"><a href=\"https:\/\/circulodelestrecho.academia.edu\/MiguelAngelBorrego\" target=\"_blank\" rel=\"noreferrer noopener\">Miguel \u00c1ngel Borrego Soto<\/a><br>Universidad de C\u00e1diz<\/h4>\n\n\n\n<hr class=\"wp-block-separator has-text-color has-light-gray-blue-color has-alpha-channel-opacity has-light-gray-blue-background-color has-background\"\/>\n\n\n\n<figure class=\"wp-block-image alignwide size-large\"><img data-recalc-dims=\"1\" loading=\"lazy\" decoding=\"async\" width=\"1000\" height=\"398\" src=\"https:\/\/i0.wp.com\/www.alandalusylahistoria.com\/wp-content\/uploads\/2024\/09\/Batalla-Guadalete.jpg?resize=1000%2C398&#038;ssl=1\" alt=\"\" class=\"wp-image-4940\" srcset=\"https:\/\/i0.wp.com\/www.alandalusylahistoria.com\/wp-content\/uploads\/2024\/09\/Batalla-Guadalete.jpg?resize=1024%2C408&amp;ssl=1 1024w, https:\/\/i0.wp.com\/www.alandalusylahistoria.com\/wp-content\/uploads\/2024\/09\/Batalla-Guadalete.jpg?resize=300%2C119&amp;ssl=1 300w, https:\/\/i0.wp.com\/www.alandalusylahistoria.com\/wp-content\/uploads\/2024\/09\/Batalla-Guadalete.jpg?resize=768%2C306&amp;ssl=1 768w, https:\/\/i0.wp.com\/www.alandalusylahistoria.com\/wp-content\/uploads\/2024\/09\/Batalla-Guadalete.jpg?resize=1536%2C612&amp;ssl=1 1536w, https:\/\/i0.wp.com\/www.alandalusylahistoria.com\/wp-content\/uploads\/2024\/09\/Batalla-Guadalete.jpg?w=1700&amp;ssl=1 1700w\" sizes=\"auto, (max-width: 1000px) 100vw, 1000px\" \/><figcaption class=\"wp-element-caption\">Detalle de <em>El rey Don Rodrigo arengando a sus tropas en la batalla de Guadalete<\/em> (Bernardo Blanco, 1871). Museo del Prado, Madrid. <a href=\"https:\/\/upload.wikimedia.org\/wikipedia\/commons\/3\/34\/El_rey_Don_Rodrigo_arengando_a_sus_tropas_en_la_batalla_de_Guadalete_%28Museo_del_Prado%29.jpg\" target=\"_blank\" rel=\"noreferrer noopener\">Wikimedia commons<\/a>.<\/figcaption><\/figure>\n\n\n\n<hr class=\"wp-block-separator has-text-color has-light-gray-blue-color has-alpha-channel-opacity has-light-gray-blue-background-color has-background\"\/>\n\n\n\n<h2 class=\"wp-block-heading\">Los lugares de la batalla del Guadalete en las fuentes \u00e1rabes y latinas<\/h2>\n\n\n\n<p class=\"wp-block-paragraph\">Las hip\u00f3tesis m\u00e1s recientes acerca de la exacta ubicaci\u00f3n de la batalla entre los ej\u00e9rcitos de T\u0101riq y Rodrigo se fundamentan, sobre todo, en el pasaje de la an\u00f3nima <em>Cr\u00f3nica moz\u00e1rabe de 754<\/em> que afirma c\u00f3mo el rey Rodrigo, \u201ctras reunir un gran ej\u00e9rcito contra los \u00e1rabes y los moros enviados por Muza [\u2026] fue a los <em>Transductinis&nbsp;Promonturiis<\/em> para luchar contra ellos [&#8230;]\u201d. Si bien esta referencia indica que las huestes de Rodrigo partieron en direcci\u00f3n a los montes que rodean Algeciras, la <em>Iulia Transducta<\/em> de \u00e9poca visigoda, o a los promontorios cercanos a \u00e9sta, uno de ellos el pe\u00f1\u00f3n de Gibraltar, nada en el texto resulta lo suficientemente categ\u00f3rico como para asegurar que la refriega tuviera lugar en alg\u00fan punto concreto de esa comarca.<\/p>\n\n\n\n<p class=\"wp-block-paragraph\">A partir del siglo X, la mayor\u00eda de autores \u00e1rabes, desde Ibn al-Q\u016b\u1e6diyya hasta A\u1e25mad al-R\u0101z\u012b, coincidir\u00e1n en localizar la batalla a orillas del <em>w\u0101d\u012b<\/em> (o <em>nahr<\/em>) <em>Lakka<\/em>, en el distrito de <em>\u0160i\u1e0f\u016bna<\/em>. Si bien la excepci\u00f3n la marcan los <em>Ajb\u0101r ma\u0177m\u016b\u2018a<\/em> (s. XI), que afirman que fue en <em>al-Bu\u1e25ayra<\/em>, en el territorio de Algeciras, e Ibn \u1e24ayy\u0101n (<em>apud.<\/em> Al-Maqqar\u012b, <em>Nafh<\/em>, I), que dice que el <em>w\u0101d\u012b<\/em> <em>Lakka<\/em> tambi\u00e9n pertenec\u00eda a aqu\u00e9l, la an\u00f3nima <em>Fat\u1e25 al-Andalus<\/em>, redactada entre los siglos XI y XII, detalla c\u00f3mo \u201cel rey Lu\u1e0fr\u012bq (Rodrigo) [\u2026], tras movilizar a la gente de su reino, sali\u00f3 hacia la zona de Algeciras [\u2026] y de este modo lleg\u00f3 a acampar ante el <em>w\u0101d\u012b<\/em> <em>Lakka<\/em>, en la cora de Sidonia [\u2026]\u201d. Otras obras de los siglos XII-XIII, como las del oriental Ibn al-At\u012br, Ibn al-Abb\u0101r o al-Zuhr\u012b afirmar\u00e1n, igualmente que el choque entre los ej\u00e9rcitos de Rodrigo y T\u0101riq sucedi\u00f3 en el r\u00edo <em>Lakka<\/em> de <em>\u0160i\u1e0f\u016bna<\/em>.<\/p>\n\n\n\n<p class=\"wp-block-paragraph\">Rodrigo Jim\u00e9nez de Rada (1170-1247), arzobispo de Toledo, recoger\u00e1 la tradici\u00f3n cron\u00edstica \u00e1rabe para se\u00f1alar en su obra que el rey Rodrigo, despu\u00e9s de reunir a todos los godos, sali\u00f3 al paso de los \u00e1rabes y se apresur\u00f3 con valent\u00eda a detenerlos. Y habiendo llegado al r\u00edo que se llama <em>Vedelac<\/em> (o <em>Vadalac<\/em>, dependiendo del manuscrito), cerca de <em>Asidona<\/em>, que ahora es Jerez, el ej\u00e9rcito africano acamp\u00f3 en la otra orilla\u201d. Este texto ser\u00e1 utilizado por la <em>Primera Cr\u00f3nica General<\/em> de Alfonso X, en la que leemos tambi\u00e9n que el rey Rodrigo \u201cayunt\u00f3 todos los godos que con ell eran; et fue mucho atreuudamientre contra ellos, et fall\u00f3los en el r\u00edo que dizen <em>Guadalet<\/em>, que es acerca de la cibdad de <em>Assidonna<\/em>, la que agora dizen <em>Xerez<\/em>. E los cristianos estauan aquend el r\u00edo et los moros allende [&#8230;].<\/p>\n\n\n<div class=\"wp-block-image\">\n<figure class=\"aligncenter size-full is-resized\"><img data-recalc-dims=\"1\" loading=\"lazy\" decoding=\"async\" width=\"687\" height=\"759\" src=\"https:\/\/i0.wp.com\/www.alandalusylahistoria.com\/wp-content\/uploads\/2024\/09\/Estoria-Espana-Alfonso-X.jpg?resize=687%2C759&#038;ssl=1\" alt=\"\" class=\"wp-image-4941\" style=\"width:561px;height:auto\" srcset=\"https:\/\/i0.wp.com\/www.alandalusylahistoria.com\/wp-content\/uploads\/2024\/09\/Estoria-Espana-Alfonso-X.jpg?w=687&amp;ssl=1 687w, https:\/\/i0.wp.com\/www.alandalusylahistoria.com\/wp-content\/uploads\/2024\/09\/Estoria-Espana-Alfonso-X.jpg?resize=272%2C300&amp;ssl=1 272w\" sizes=\"auto, (max-width: 687px) 100vw, 687px\" \/><figcaption class=\"wp-element-caption\">Miniatura de la <em>Estoria de Espa\u00f1a<\/em> de Alfonso X. <a href=\"https:\/\/rbme.patrimonionacional.es\/s\/rbme\/item\/13129#?xywh=-60%2C342%2C1381%2C641&amp;cv=14\" target=\"_blank\" rel=\"noreferrer noopener\">Real Biblioteca del Monasterio de El Escorial<\/a>.<\/figcaption><\/figure>\n<\/div>\n\n\n<hr class=\"wp-block-separator has-text-color has-light-gray-blue-color has-alpha-channel-opacity has-light-gray-blue-background-color has-background\"\/>\n\n\n\n<p class=\"wp-block-paragraph\">Las fuentes \u00e1rabes redactadas durante el siglo XIV continuar\u00e1n ubicando la refriega junto al <em>w\u0101d\u012b<\/em> <em>Lakka<\/em>, en la jurisdicci\u00f3n de <em>\u0160i\u1e0f\u016bna<\/em>, desde Al-Nuwayr\u012b hasta Ibn Jald\u016bn, quien la sit\u00faa concretamente en el alfoz de <em>\u0160ar\u012b\u0161<\/em> (Jerez de la Frontera), algo que el historiador norteafricano al-Maqqar\u012b (XVI-XVII) dejar\u00e1 bien claro en su <em>Naf\u1e25 al-\u1e6d\u012bb<\/em> cuando dice que \u201calgunos autores que han descrito extensamente este famoso encuentro afirman que T\u0101riq acamp\u00f3 cerca de Rodrigo, hacia la mitad del mes de ramad\u00e1n del a\u00f1o 92 [22 de junio de 711 &#8211; 21 de julio de 711], y aunque haya algunas discrepancias con las fechas, todos est\u00e1n de acuerdo en que la batalla fue a orillas del <em>w\u0101d\u012b<\/em> <em>Lakka<\/em>, en el distrito de <em>\u0160i\u1e0f\u016bna<\/em>\u201d.<\/p>\n\n\n\n<p class=\"wp-block-paragraph\">En efecto, tambi\u00e9n las obras geogr\u00e1ficas diferencian perfectamente los top\u00f3nimos del relato de la conquista. As\u00ed, por ejemplo, leemos en al-\u201bU\u1e0fr\u012b (s. XI) que la ciudad \u201cde <em>al-Bu\u1e25ayra<\/em> es un territorio agr\u00edcola y ganadero, de palmeras y de cr\u00eda animal. El r\u00edo <em>Barb\u0101\u1e6d<\/em> (actual Barbate) es el r\u00edo que est\u00e1 en <em>\u0160i\u1e0f\u016bna<\/em>. Los habitantes de Al-\u00c1ndalus se refugiaron en \u00e9l durante algunos a\u00f1os de escasez, conocidos como los a\u00f1os del <em>Barb\u0101\u1e6d<\/em>, pues la gente se traslad\u00f3 all\u00ed y se benefici\u00f3 de su fertilidad. El origen de este r\u00edo proviene de la monta\u00f1a conocida como <em>Munt \u0160\u012bt<\/em>. Cuando el r\u00edo <em>Barb\u0101\u1e6d<\/em> fluye con fuerza hacia <em>al-Bu\u1e25ayra<\/em>, se hace dif\u00edcil [&#8230;]\u201d. Esta descripci\u00f3n, interrumpida en ese punto en el manuscrito original, aparece de un modo similar en al-R\u0101z\u012b, quien se\u00f1ala que, en el t\u00e9rmino de Algeciras, se halla \u201c<em>al-Bu\u1e25ayra<\/em> [\u2026], tierra de buena simentera e de buena crianza\u201d, que \u201cyaze sobre\u201d el r\u00edo Barbate. Otras obras redundan en lo mismo y, de este modo, el <em>\u1e0eikr<\/em> afirma que en las cercan\u00edas de Algeciras se halla \u201c<em>al-Bu\u1e25ayra<\/em>, tierra agr\u00edcola, ganadera y muy apropiada para la cr\u00eda de abejas y animales\u201d, an\u00e1loga a la que hace Ibn G\u0101lib. El enclave es mencionado tambi\u00e9n por Ibn al-Fara\u1e0d\u012b en la biograf\u00eda de Ab\u016b Is\u1e25\u0101q Ibr\u0101h\u012bm b. Qays (m. 360=971-2), alfaqu\u00ed de la gente de Sidonia del que nuestro autor dice que era habitante de <em>al-Bu\u1e25ayra<\/em>, probablemente la ciudad que describe al-\u201bU\u1e0fr\u012b en la regi\u00f3n del mismo nombre. Por su parte, tanto la <em>Nuzha<\/em> como el <em>Uns<\/em> del ceut\u00ed al-Idr\u012bs\u012b (s. XII) recogen en el camino de la costa entre Algeciras y Sevilla los nombres de los r\u00edos <em>Barb\u0101\u1e6d<\/em> y <em>Bakka<\/em>, este \u00faltimo a continuaci\u00f3n del primero y f\u00e1cilmente identificable con el Salado de Conil, entre esta poblaci\u00f3n y la de <em>Bakka <\/em>(<em>Becca<\/em>, ruinas pr\u00f3ximas a los actuales Ca\u00f1os de Meca). Adem\u00e1s, en la v\u00eda terrestre que un\u00eda aquellas dos mismas ciudades al-Idr\u012bs\u012b cita, asimismo, <em>Bakkat Qamar\u0101t<\/em> y, m\u00e1s al norte, el <em>w\u0101d\u012b<\/em> <em>Lakka<\/em>, r\u00edo a tan s\u00f3lo cuatro millas de <em>\u0160ar\u012b\u0161<\/em> (Jerez de la Frontera).<\/p>\n\n\n\n<p class=\"wp-block-paragraph\">El <em>Raw\u1e0d al-Mi\u02bdt\u0101r<\/em> de al-\u1e24imyar\u012b (s. XIV) habla concretamente de la ciudad de <em>Lakka<\/em> (<em>Lakko<\/em> en la edici\u00f3n de L\u00e9vi-Proven\u00e7al), \u201cciudad en Al-\u00c1ndalus, de la cora de <em>\u0160i\u1e0f\u016bna<\/em>, antigua, construida por el c\u00e9sar Uktaby\u0101n (C\u00e9sar Augusto, 63 a. C.-14 d. C.), y cuyos restos a\u00fan subsisten, con una de las mejores fuentes termales de Al-\u00c1ndalus. Junto al r\u00edo de esta <em>Lakka<\/em>, se enfrentaron Rodrigo, rey de Al-\u00c1ndalus, con su ej\u00e9rcito de no \u00e1rabes, y T\u0101riq b. Ziy\u0101d, con el suyo de musulmanes, el domingo 28 de ramad\u00e1n del a\u00f1o 92 de la h\u00e9gira. La batalla entre ellos se prolong\u00f3 hasta el domingo siguiente, cinco de <em>\u0161aww\u0101l<\/em> [&#8230;]\u201d.<\/p>\n\n\n\n<p class=\"wp-block-paragraph\">Otras alusiones al <em>w\u0101d\u012b<\/em> <em>Lakka<\/em>, independientemente de las que leemos en las fuentes sobre la conquista musulmana, son tambi\u00e9n muy precisas en su localizaci\u00f3n. Es el caso de al-Zuhr\u012b (s. XII), que se\u00f1ala que este r\u00edo se halla al oriente de C\u00e1diz, tuvo un puente de treinta arcos \u201cseg\u00fan cuentan los cristianos en sus cr\u00f3nicas\u201d, y bajaba \u201cde los montes de <em>T\u0101kur\u016bna<\/em>\u201d, para desembocar en el Oc\u00e9ano despu\u00e9s de recorrer cuarenta parasangas por una boca llamada <em>\u0160ant B\u0101\u1e6dar<\/em> (Sancti Petri). Seg\u00fan Ibn Sa\u02bd\u012bd (s. XIII), el <em>w\u0101d\u012b<\/em> <em>Lakk<\/em> (sic) era un hermoso r\u00edo que, a su paso por <em>\u0160ar\u012b\u0161 <\/em>(Jerez), se hallaba lleno de huertas y paisajes deliciosos, y ven\u00eda a ser un compendio del r\u00edo de Sevilla.<\/p>\n\n\n\n<h2 class=\"wp-block-heading\">De Gayangos a Soto Chica. Teor\u00edas acerca del lugar de la batalla entre Tariq y Rodrigo<\/h2>\n\n\n\n<p class=\"wp-block-paragraph\">A pesar de todas estas evidencias, la historiograf\u00eda del siglo XIX introdujo la teor\u00eda de que los hechos sucedieron en las inmediaciones de la laguna de La Janda (<em>al-Bu\u1e25ayra<\/em>) y de los r\u00edos Barbate (<em>Barb\u0101\u1e6d<\/em>) o del Salado de Conil (<em>w\u0101d\u012b<\/em> <em>Bakka<\/em>), confundiendo a estos \u00faltimos con el <em>w\u0101d\u012b<\/em> <em>Lakka<\/em>, al creer que el nombre derivaba del latino <em>lacus<\/em> = \u201clago, laguna\u201d y aparec\u00eda en los textos traducido en el top\u00f3nimo <em>al-Bu\u1e25ayra<\/em> (\u201clago, laguna\u201d, de ah\u00ed lo de \u201cr\u00edo del lago\u201d) de la cora de Algeciras.<\/p>\n\n\n\n<p class=\"wp-block-paragraph\">Pascual de Gayangos fue quien inici\u00f3 la pol\u00e9mica en 1840 al basarse en los datos de los <em>Ajb\u0101r ma\u0177m\u016b\u2018a<\/em> y de Ibn al-Q\u016b\u1e6diyya, que trasladaban el escenario de la batalla a <em>al-Bu\u1e25ayra<\/em> y el <em>w\u0101d\u012b<\/em> <em>Bakka<\/em>, error de lectura este \u00faltimo por parte del editor del texto en lugar del <em>w\u0101d\u012b<\/em> <em>Lakka<\/em> del manuscrito original de Ibn al-Q\u016b\u1e6diyya, lugares que Gayangos identific\u00f3 respectivamente con La Janda y el Barbate. Estas hip\u00f3tesis calaron hondo en Eduardo Saavedra (1892), quien afianz\u00f3 la teor\u00eda de identificar el <em>w\u0101d\u012b<\/em> <em>Lakka<\/em> con el Barbate y situar el campo de batalla en La Janda (fig. 1). Reinhart Dozy (1881) redund\u00f3 en lo mismo, aunque identificando el <em>w\u0101d\u012b<\/em> <em>Bakka<\/em> con el Salado de Conil, a partir de las referencias de al-Idr\u012bs\u012b, y el arabista franc\u00e9s Edmond Fagnan, en la traducci\u00f3n que public\u00f3 de la obra de Ibn al-A\u1e6f\u012br (<em>Annales<\/em>, 1898, p. 44, n. 1) y de <em>al-Bay\u0101n al-Mugrib<\/em> de Ibn I\u1e0f\u0101r\u012b (1898, II, p. 12, n. 3), correg\u00eda la expresi\u00f3n <em>w\u0101d\u012b<\/em> <em>Lakka<\/em> del original por <em>w\u0101d\u012b<\/em> <em>Bakka<\/em>, para no contradecir las tesis de Reinhart Dozy. Resulta curioso c\u00f3mo una centuria m\u00e1s tarde, y por la misma raz\u00f3n, Hussain Mon\u00e9s har\u00eda lo mismo en su edici\u00f3n de la <em>\u1e24ulla<\/em> (1985<sup>2<\/sup>, II, p. 333, n. 3), modificando <em>nahr Lakka<\/em> por <em>nahr Lakko<\/em>.<\/p>\n\n\n<div class=\"wp-block-image\">\n<figure class=\"aligncenter size-large\"><img data-recalc-dims=\"1\" loading=\"lazy\" decoding=\"async\" width=\"1000\" height=\"470\" src=\"https:\/\/i0.wp.com\/www.alandalusylahistoria.com\/wp-content\/uploads\/2024\/09\/figura-1.jpg?resize=1000%2C470&#038;ssl=1\" alt=\"\" class=\"wp-image-4933\" srcset=\"https:\/\/i0.wp.com\/www.alandalusylahistoria.com\/wp-content\/uploads\/2024\/09\/figura-1.jpg?resize=1024%2C481&amp;ssl=1 1024w, https:\/\/i0.wp.com\/www.alandalusylahistoria.com\/wp-content\/uploads\/2024\/09\/figura-1.jpg?resize=300%2C141&amp;ssl=1 300w, https:\/\/i0.wp.com\/www.alandalusylahistoria.com\/wp-content\/uploads\/2024\/09\/figura-1.jpg?resize=768%2C361&amp;ssl=1 768w, https:\/\/i0.wp.com\/www.alandalusylahistoria.com\/wp-content\/uploads\/2024\/09\/figura-1.jpg?w=1238&amp;ssl=1 1238w\" sizes=\"auto, (max-width: 1000px) 100vw, 1000px\" \/><figcaption class=\"wp-element-caption\">Fig. 1: Situaci\u00f3n de la comarca de La Janda y el r\u00edo Barbate<\/figcaption><\/figure>\n<\/div>\n\n\n<hr class=\"wp-block-separator has-text-color has-light-gray-blue-color has-alpha-channel-opacity has-light-gray-blue-background-color has-background\"\/>\n\n\n\n<p class=\"wp-block-paragraph\">No obstante, Francisco Javier Simonet (1897-1903) rechaz\u00f3 las influyentes hip\u00f3tesis de Eduardo Saavedra y la historiograf\u00eda francesa, para afirmar que la batalla tuvo lugar en el r\u00edo Guadalete, retomando la tesis tradicional. Poco \u00e9xito tuvieron en su momento las ideas de Simonet, pues Francisco Codera (1917), Evariste L\u00e9vi-Proven\u00e7al (1932) y Claudio S\u00e1nchez Albornoz (1934) siguieron aseverando que la batalla aconteci\u00f3 en La Janda y a orillas del r\u00edo Barbate. Sin embargo, S\u00e1nchez Albornoz (1944), tras revisar a fondo los textos y comprobar c\u00f3mo la mayor\u00eda no dudaba en situar la batalla a orillas del <em>w\u0101d\u012b<\/em> <em>Lakka<\/em>, termin\u00f3 corrigi\u00e9ndose a s\u00ed mismo y a toda la erudici\u00f3n decimon\u00f3nica. Bas\u00e1ndose, adem\u00e1s, en al-\u1e24imyar\u012b y en las inscripciones con el nombre <em>Lacca <\/em>que hab\u00edan aparecido en \u00e1nforas tipo <em>Dressel <\/em>20 procedentes de la B\u00e9tica, localiz\u00f3 la ciudad de <em>Lakka <\/em>junto a las ruinas de <em>Qals\u0101na<\/em>, antigua capital de la cora de <em>\u0160i\u1e0f\u016bna<\/em>, donde el Guadalete y el Majaceite confluyen, no lejos de unos manantiales de aguas sulfurosas (fig. 2). Leopoldo Torres Balb\u00e1s (1957) no dud\u00f3 en apoyar los argumentos del madrile\u00f1o, pero identific\u00f3 la ciudad de <em>Lakka<\/em> con el castillo y ba\u00f1os de Gigonza, al norte de Medina Sidonia. Tambi\u00e9n el profesor Genaro Chic (1979-1980) defendi\u00f3 las hip\u00f3tesis de Claudio S\u00e1nchez Albornoz, con argumentos de tipo arqueol\u00f3gico relacionados con la producci\u00f3n de aquellas <em>Dressel <\/em>20 en el Guadalete y la posibilidad de que la romana <em>Lacca<\/em> estuviera en la ubicaci\u00f3n propuesta por S\u00e1nchez Albornoz, pues en ese entorno se documenta un buen n\u00famero de alfares a orillas del r\u00edo.<\/p>\n\n\n<div class=\"wp-block-image\">\n<figure class=\"aligncenter size-large\"><img data-recalc-dims=\"1\" loading=\"lazy\" decoding=\"async\" width=\"1000\" height=\"583\" src=\"https:\/\/i0.wp.com\/www.alandalusylahistoria.com\/wp-content\/uploads\/2024\/09\/figura-2.jpg?resize=1000%2C583&#038;ssl=1\" alt=\"\" class=\"wp-image-4934\" srcset=\"https:\/\/i0.wp.com\/www.alandalusylahistoria.com\/wp-content\/uploads\/2024\/09\/figura-2.jpg?resize=1024%2C597&amp;ssl=1 1024w, https:\/\/i0.wp.com\/www.alandalusylahistoria.com\/wp-content\/uploads\/2024\/09\/figura-2.jpg?resize=300%2C175&amp;ssl=1 300w, https:\/\/i0.wp.com\/www.alandalusylahistoria.com\/wp-content\/uploads\/2024\/09\/figura-2.jpg?resize=768%2C447&amp;ssl=1 768w, https:\/\/i0.wp.com\/www.alandalusylahistoria.com\/wp-content\/uploads\/2024\/09\/figura-2.jpg?w=1248&amp;ssl=1 1248w\" sizes=\"auto, (max-width: 1000px) 100vw, 1000px\" \/><figcaption class=\"wp-element-caption\">Fig. 2: El r\u00edo Guadalete y los llanos de Caulina entre Gibalb\u00edn y J\u00e9dula junto a la Junta de los R\u00edos. Al sur, los Llanos de la Ina, en la zona de La Barca de la Florida<\/figcaption><\/figure>\n<\/div>\n\n\n<hr class=\"wp-block-separator has-text-color has-light-gray-blue-color has-alpha-channel-opacity has-light-gray-blue-background-color has-background\"\/>\n\n\n\n<p class=\"wp-block-paragraph\">En 1973, Jos\u00e9 Miranda Calvo escrib\u00eda que, por razones de estrategia y mera l\u00f3gica castrense, hab\u00eda que descartar el avance de las tropas \u00e1rabes hacia la comarca costera de La Janda, por su escaso inter\u00e9s t\u00e1ctico, y situar la batalla en el Guadalete, en alg\u00fan punto entre Jerez y Arcos de la Frontera, al final de la ruta central que, desde Algeciras a Medina Sidonia, desembocaba en el cruce de caminos que conduc\u00eda directamente a Sevilla, a trav\u00e9s de Espera, y a C\u00f3rdoba, por Mor\u00f3n y \u00c9cija. Para Pedro Chalmeta (2003), sin embargo, la refriega debi\u00f3 de darse en el entorno de La Janda pues, en su opini\u00f3n, de la mayor\u00eda de fuentes \u00e1rabes se extrae la impresi\u00f3n de que es el ej\u00e9rcito \u00e1rabe el que espera la llegada del visigodo, lo que debi\u00f3 de ser \u201ccerca de las bases del norteafricano o en posici\u00f3n escogida por \u00e9l mismo y, por tanto, ventajosa\u201d. M\u00e1s concluyente con esta idea se muestra el profesor Luis Garc\u00eda Moreno quien, en sus trabajos, descarta vehementemente al Guadalete. Para este investigador, la \u00fanica fuente fiable es la <em>Cr\u00f3nica del 754<\/em> por su referencia a los <em>Transductinis promonturiis<\/em>, es decir, las sierras que rodean Algeciras, insistiendo en la hip\u00f3tesis de que el top\u00f3nimo <em>Lakko <\/em>(sic) de al-\u1e24imyar\u012b hace referencia a la laguna de La Janda y en que la confrontaci\u00f3n tuvo lugar a orillas de uno de los r\u00edos que desembocan en aqu\u00e9lla, por ejemplo, el Almod\u00f3var. Estos argumentos los seguir\u00e1 a pies juntillas Jos\u00e9 Soto Chica (2023), que a\u00f1ade, para sustentarlos, informaci\u00f3n sobre la manera de combatir de los ej\u00e9rcitos visigodo y \u00e1rabe en el siglo VIII que, por cierto, en nada contradice lo expuesto por Miranda Calvo, autor al que, no obstante, omite en sus trabajos.<\/p>\n\n\n\n<h2 class=\"wp-block-heading\">Una nueva propuesta de localizaci\u00f3n de <em>Lakka<\/em> y el <em>w\u0101d\u012b<\/em> <em>Lakka<\/em><\/h2>\n\n\n\n<p class=\"wp-block-paragraph\">A unos veinte kil\u00f3metros al norte de la actual Jerez de la Frontera, y dentro de su t\u00e9rmino municipal, se alza la sierra de Gibalb\u00edn, una estribaci\u00f3n monta\u00f1osa de algo m\u00e1s de cuatrocientos metros sobre el nivel del mar que alberga un yacimiento arqueol\u00f3gico, a\u00fan por excavar, con importantes vestigios, entre otros, de una urbe romana de \u00e9poca imperial de gran envergadura y nombre desconocido. Desde antiguo, el sitio llam\u00f3 la atenci\u00f3n de propios y extra\u00f1os, y pronto los eruditos jerezanos de los siglos XVII y XVIII lo incluyeron en sus descripciones, destacando sus \u201cmuros, ba\u00f1os y anfiteatros\u201d. En los a\u00f1os setenta del pasado siglo XX, una excursi\u00f3n arqueol\u00f3gica tom\u00f3 nota de todo lo que, por entonces, a\u00fan segu\u00eda vi\u00e9ndose de aquellas ruinas, documentando restos de unas termas, parte del grader\u00edo de un teatro, un posible arco conmemorativo, estructuras de un posible templo, una gran cisterna o alberca de recreo, muros de edificios defensivos e, incluso, una necr\u00f3polis con ajuares de \u00e9poca hispano-visigoda (s. VII). De Gibalb\u00edn nacen tambi\u00e9n arroyos y otros caudales de agua, siendo el m\u00e1s importante de ellos el Salado de Caulina, tambi\u00e9n denominado arroyo Badalejo o Albadalejo (fig. 3), el mayor afluente del Guadalete tras el Majaceite.<\/p>\n\n\n\n<figure class=\"wp-block-image size-large\"><img data-recalc-dims=\"1\" loading=\"lazy\" decoding=\"async\" width=\"1000\" height=\"646\" src=\"https:\/\/i0.wp.com\/www.alandalusylahistoria.com\/wp-content\/uploads\/2024\/09\/figura-3.jpg?resize=1000%2C646&#038;ssl=1\" alt=\"\" class=\"wp-image-4935\" srcset=\"https:\/\/i0.wp.com\/www.alandalusylahistoria.com\/wp-content\/uploads\/2024\/09\/figura-3.jpg?resize=1024%2C662&amp;ssl=1 1024w, https:\/\/i0.wp.com\/www.alandalusylahistoria.com\/wp-content\/uploads\/2024\/09\/figura-3.jpg?resize=300%2C194&amp;ssl=1 300w, https:\/\/i0.wp.com\/www.alandalusylahistoria.com\/wp-content\/uploads\/2024\/09\/figura-3.jpg?resize=768%2C496&amp;ssl=1 768w, https:\/\/i0.wp.com\/www.alandalusylahistoria.com\/wp-content\/uploads\/2024\/09\/figura-3.jpg?w=1212&amp;ssl=1 1212w\" sizes=\"auto, (max-width: 1000px) 100vw, 1000px\" \/><figcaption class=\"wp-element-caption\">Fig. 3: Cauce del Arroyo del Salado de Caulina (Badalac, Badalejo) (T.M. de Jerez de la Fra.) desde su nacimiento (Gibalb\u00edn) hasta su desembocadura en el Guadalete con los yacimientos arqueol\u00f3gicos principales (Prehistoria \u2013 Medieval), en Raquel Mart\u00ednez Romero (2021)<\/figcaption><\/figure>\n\n\n\n<hr class=\"wp-block-separator has-text-color has-light-gray-blue-color has-alpha-channel-opacity has-light-gray-blue-background-color has-background\"\/>\n\n\n\n<p class=\"wp-block-paragraph\">Hace apenas unos a\u00f1os, el investigador Alberto Cuadrado Rom\u00e1n (2007) aportaba un interesante plano del entorno de la ciudad de Jerez elaborado en el siglo XVIII por el erudito local Bartolom\u00e9 Guti\u00e9rrez, en el que este arroyo Badalejo aparece con el nombre de \u201cr\u00edo <em>Badalac<\/em>\u201d. Seg\u00fan Cuadrado Rom\u00e1n, \u201c<em>Badalac<\/em> tiene su origen en el \u00e1rabe <em>w\u0101d\u012b<\/em> y el vocablo \u201clac\u201d, de la ra\u00edz latina <em>lacus <\/em>(lago)\u201d, y debe identificarse con el <em>w\u0101d\u012b<\/em> <em>Lakka<\/em>, que traduce como \u201cel r\u00edo del lago\u201d, pero no el de La Janda, sino un antiguo estero que supuestamente un\u00eda el paleoestuario del Guadalete con un golfo marino que ocupaba en la antig\u00fcedad toda la zona de los llanos de Caulina. Aunque estamos de acuerdo con Alberto Cuadrado en la identificaci\u00f3n del <em>Badalac<\/em> con el <em>w\u0101d\u012b<\/em> <em>Lakka<\/em>, pensamos, sin embargo, que el hidr\u00f3nimo no se refiere directamente a ning\u00fan lago, sino a <em>Lakka<\/em>, ciudad cuyas ruinas podr\u00edan ser las del yacimiento de la sierra de Gibalb\u00edn, en la que, adem\u00e1s, son famosas sus aguas termales, en torno a las cuales a\u00fan se ven los restos del balneario que frecuentaban los lugare\u00f1os a finales del siglo XIX y principios del XX.<\/p>\n\n\n\n<p class=\"wp-block-paragraph\">La descripci\u00f3n que hace al-\u1e24imyar\u012b de <em>Lakka<\/em> se ajusta perfectamente a lo que existe en Gibalb\u00edn, sin embargo, varios estudios se inclinan desde hace tiempo por vincular esos restos arqueol\u00f3gicos con la ignota <em>Cerit<\/em>, de la que s\u00f3lo conocemos, por ahora, un buen n\u00famero de monedas de entre los siglos I a. C. y I d. C. con esa leyenda. Del mismo modo, el hallazgo de un fragmento de bronce con la inscripci\u00f3n MVN. V [&#8230;] llev\u00f3 tambi\u00e9n a sostener que aquella urbe se correspond\u00eda con una de las <em>Vgia<\/em> mencionadas en los itinerarios romanos en el tramo de la v\u00eda Augusta entre Gades (C\u00e1diz) e Hispalis (Sevilla). Nada, como venimos apuntando, es concluyente, y todo apunta a que las ruinas de Gibalb\u00edn deben identificarse con la <em>Lakka<\/em> de al-\u1e24imyar\u012b. \u00c9sta es la \u00fanica referencia que existe sobre esta ciudad en la documentaci\u00f3n escrita, junto a la de los <em>tituli picti<\/em> de las citadas \u00e1nforas <em>Dressel <\/em>20 que, a pesar de todo, siguen generando muchas dudas. Curiosamente, la sierra de Gibalb\u00edn se conectaba mediante un antiguo estero, en el que tambi\u00e9n se atestigua la presencia de alfares romanos, al r\u00edo Guadalquivir. Es posible que estos hornos cer\u00e1micos produjeran los citados recipientes oleicos, pero a falta a falta de una prueba definitiva, lo seguro es que nos encontramos con un top\u00f3nimo cuyo origen debe rastrearse en la ra\u00edz indoeuropea *<em>lak<\/em>-: gr. \u03bb\u03ac\u03ba\u03ba\u03bf\u03c2 \u201ccisterna\u201d, lat. <em>lacus<\/em>, cuyo significado se vincula al de \u201cagua remansada, estanque, lago, mar\u201d, que, seg\u00fan Francisco Villar (2000), ha dejado los nombres de <em>Lacilbula<\/em> y <em>Lacipo <\/em>(M\u00e1laga), <em>Lacimurga<\/em> (Badajoz) y <em>Lacca<\/em> (C\u00e1diz) en la onom\u00e1stica meridional-ibero-pirenaica. De hecho, las ruinas de Gibalb\u00edn se alzan sobre los viejos marjales de las amplias desembocaduras del Guadalete y del Guadalquivir, cuya apariencia, en la Antig\u00fcedad, debi\u00f3 de ser la de grandes lagos (<em>Lacus Ligustinus<\/em> llama Avieno en su <em>Ora mar\u00edtima<\/em> a la enorme entrada en el mar del r\u00edo Betis) (fig. 4).<\/p>\n\n\n<div class=\"wp-block-image\">\n<figure class=\"aligncenter size-full is-resized\"><img data-recalc-dims=\"1\" loading=\"lazy\" decoding=\"async\" width=\"703\" height=\"735\" src=\"https:\/\/i0.wp.com\/www.alandalusylahistoria.com\/wp-content\/uploads\/2024\/09\/figura-4.jpg?resize=703%2C735&#038;ssl=1\" alt=\"\" class=\"wp-image-4936\" style=\"width:581px;height:auto\" srcset=\"https:\/\/i0.wp.com\/www.alandalusylahistoria.com\/wp-content\/uploads\/2024\/09\/figura-4.jpg?w=703&amp;ssl=1 703w, https:\/\/i0.wp.com\/www.alandalusylahistoria.com\/wp-content\/uploads\/2024\/09\/figura-4.jpg?resize=287%2C300&amp;ssl=1 287w\" sizes=\"auto, (max-width: 703px) 100vw, 703px\" \/><figcaption class=\"wp-element-caption\">Fig. 4. Ubicaci\u00f3n de la sierra de Gibalb\u00edn entre las desembocaduras del Guadalquivir y el Guadalete en la Antig\u00fcedad<\/figcaption><\/figure>\n<\/div>\n\n\n<hr class=\"wp-block-separator has-text-color has-light-gray-blue-color has-alpha-channel-opacity has-light-gray-blue-background-color has-background\"\/>\n\n\n\n<p class=\"wp-block-paragraph\">Asimismo, ya nos hemos referido a la enorme cantidad de torrentes, arroyos y a las enormes construcciones relacionadas con termas, albercas o cisternas que en ella se levantan. El top\u00f3nimo Gibalb\u00edn parece derivar del \u00e1rabe <em>\u0177abal al-bi\u2019r<\/em>, el \u201cmonte del pozo\/cisterna\u201d, por la posible alusi\u00f3n a esas construcciones o, tal vez, por ser traducci\u00f3n directa del nombre de la preeminente y antigua ciudad a\u00fan por desentra\u00f1ar.<\/p>\n\n\n\n<hr class=\"wp-block-separator has-text-color has-bright-blue-color has-alpha-channel-opacity has-bright-blue-background-color has-background\"\/>\n\n\n\n<h4 class=\"wp-block-heading\">Para ampliar:<\/h4>\n\n\n\n<ul class=\"wp-block-list\">\n<li>CHALMETA GENDR\u00d3N, Pedro (2003): <em>Invasi\u00f3n e islamizaci\u00f3n<\/em>, Publicaciones de la Universidad de Ja\u00e9n, Ja\u00e9n.<\/li>\n\n\n\n<li>CHIC GARC\u00cdA, Genaro (1979-1980): \u201cLacca\u201d, en <em>Habis<\/em>, n\u00ba. 10-11, Universidad de Sevilla, Sevilla, pp. 255-278.<\/li>\n\n\n\n<li>CUADRADO ROM\u00c1N, Alberto (2007): \u201cLos canales de Jerez\u201d, en <em>Revista de Historia de Jerez<\/em>, n\u00ba. 14-15, Centro de Estudios Hist\u00f3ricos Jerezanos (CEHJ), Jerez, pp. 67-90.<\/li>\n\n\n\n<li>GARC\u00cdA MORENO, Luis (2014<sup>2<\/sup>): <em>Espa\u00f1a 702-719. La conquista musulmana<\/em>, Universidad de Sevilla, Secretariado de Publicaciones, Sevilla.<\/li>\n\n\n\n<li>MART\u00cdNEZ ROMERO, Raquel (2021): \u201cLa importancia del agua: el Arroyo del Salado de Caulina en el t\u00e9rmino municipal de Jerez de la Frontera y el r\u00edo Iro en el t\u00e9rmino municipal de Chiclana de la Frontera\u201d, en <em>RAMPAS<\/em>, n\u00ba 23, Universidad de C\u00e1diz, C\u00e1diz, pp. 43-71.<\/li>\n\n\n\n<li>S\u00c1NCHEZ ALBORNOZ, Claudio (1944): \u201cOtra vez Guadalete y Covadonga\u201d, en <em>Cuadernos de Historia de Espa\u00f1a<\/em>, I y II, Buenos Aires, pp. 11-114.<\/li>\n\n\n\n<li>SOTO CHICA, Jos\u00e9 (2023): <em>Imperios y b\u00e1rbaros. La guerra en la Edad Oscura<\/em>, Desperta Ferro Ediciones, Madrid.<\/li>\n<\/ul>\n","protected":false},"excerpt":{"rendered":"<p>Miguel \u00c1ngel Borrego Soto<\/p>\n","protected":false},"author":11,"featured_media":4940,"comment_status":"closed","ping_status":"closed","sticky":false,"template":"","format":"standard","meta":{"_crdt_document":"","jetpack_post_was_ever_published":false,"footnotes":""},"categories":[361],"tags":[338,391,72],"coauthors":[262],"class_list":{"0":"post-4931","1":"post","2":"type-post","3":"status-publish","4":"format-standard","5":"has-post-thumbnail","6":"hentry","7":"category-lugares","8":"tag-arqueologia","9":"tag-batallas","10":"tag-conquista-islamica","12":"fallback-thumbnail"},"jetpack_featured_media_url":"https:\/\/i0.wp.com\/www.alandalusylahistoria.com\/wp-content\/uploads\/2024\/09\/Batalla-Guadalete.jpg?fit=1700%2C677&ssl=1","jetpack-related-posts":[],"_links":{"self":[{"href":"https:\/\/www.alandalusylahistoria.com\/index.php?rest_route=\/wp\/v2\/posts\/4931","targetHints":{"allow":["GET"]}}],"collection":[{"href":"https:\/\/www.alandalusylahistoria.com\/index.php?rest_route=\/wp\/v2\/posts"}],"about":[{"href":"https:\/\/www.alandalusylahistoria.com\/index.php?rest_route=\/wp\/v2\/types\/post"}],"author":[{"embeddable":true,"href":"https:\/\/www.alandalusylahistoria.com\/index.php?rest_route=\/wp\/v2\/users\/11"}],"replies":[{"embeddable":true,"href":"https:\/\/www.alandalusylahistoria.com\/index.php?rest_route=%2Fwp%2Fv2%2Fcomments&post=4931"}],"version-history":[{"count":5,"href":"https:\/\/www.alandalusylahistoria.com\/index.php?rest_route=\/wp\/v2\/posts\/4931\/revisions"}],"predecessor-version":[{"id":4946,"href":"https:\/\/www.alandalusylahistoria.com\/index.php?rest_route=\/wp\/v2\/posts\/4931\/revisions\/4946"}],"wp:featuredmedia":[{"embeddable":true,"href":"https:\/\/www.alandalusylahistoria.com\/index.php?rest_route=\/wp\/v2\/media\/4940"}],"wp:attachment":[{"href":"https:\/\/www.alandalusylahistoria.com\/index.php?rest_route=%2Fwp%2Fv2%2Fmedia&parent=4931"}],"wp:term":[{"taxonomy":"category","embeddable":true,"href":"https:\/\/www.alandalusylahistoria.com\/index.php?rest_route=%2Fwp%2Fv2%2Fcategories&post=4931"},{"taxonomy":"post_tag","embeddable":true,"href":"https:\/\/www.alandalusylahistoria.com\/index.php?rest_route=%2Fwp%2Fv2%2Ftags&post=4931"},{"taxonomy":"author","embeddable":true,"href":"https:\/\/www.alandalusylahistoria.com\/index.php?rest_route=%2Fwp%2Fv2%2Fcoauthors&post=4931"}],"curies":[{"name":"wp","href":"https:\/\/api.w.org\/{rel}","templated":true}]}}