{"id":4902,"date":"2024-07-19T10:31:10","date_gmt":"2024-07-19T08:31:10","guid":{"rendered":"https:\/\/www.alandalusylahistoria.com\/?p=4902"},"modified":"2024-07-19T10:38:09","modified_gmt":"2024-07-19T08:38:09","slug":"vikings-in-al-andalus-and-the-maghreb","status":"publish","type":"post","link":"https:\/\/www.alandalusylahistoria.com\/?p=4902","title":{"rendered":"Vikings in al-Andalus and the Maghreb"},"content":{"rendered":"\n<h3 class=\"wp-block-heading has-text-align-center\">The impact of the Vikings on the Iberian Peninsula was limited. The fear and fascination with the Vikings, that continues to generate widespread popular and scholarly interest, has exaggerated their destructive effects on medieval society<\/h3>\n\n\n\n<hr class=\"wp-block-separator has-text-color has-light-gray-blue-color has-alpha-channel-opacity has-light-gray-blue-background-color has-background\"\/>\n\n\n\n<h4 class=\"wp-block-heading has-text-align-center\">Ann Christys<\/h4>\n\n\n\n<hr class=\"wp-block-separator has-text-color has-light-gray-blue-color has-alpha-channel-opacity has-light-gray-blue-background-color has-background\"\/>\n\n\n\n<figure class=\"wp-block-image alignwide size-large\"><img data-recalc-dims=\"1\" loading=\"lazy\" decoding=\"async\" width=\"1000\" height=\"379\" src=\"https:\/\/i0.wp.com\/www.alandalusylahistoria.com\/wp-content\/uploads\/2023\/01\/Vie-de-saint-Aubin-BNF-NAL-1390.jpg?resize=1000%2C379&#038;ssl=1\" alt=\"\" class=\"wp-image-3957\" srcset=\"https:\/\/i0.wp.com\/www.alandalusylahistoria.com\/wp-content\/uploads\/2023\/01\/Vie-de-saint-Aubin-BNF-NAL-1390.jpg?resize=1024%2C388&amp;ssl=1 1024w, https:\/\/i0.wp.com\/www.alandalusylahistoria.com\/wp-content\/uploads\/2023\/01\/Vie-de-saint-Aubin-BNF-NAL-1390.jpg?resize=300%2C114&amp;ssl=1 300w, https:\/\/i0.wp.com\/www.alandalusylahistoria.com\/wp-content\/uploads\/2023\/01\/Vie-de-saint-Aubin-BNF-NAL-1390.jpg?resize=768%2C291&amp;ssl=1 768w, https:\/\/i0.wp.com\/www.alandalusylahistoria.com\/wp-content\/uploads\/2023\/01\/Vie-de-saint-Aubin-BNF-NAL-1390.jpg?w=1330&amp;ssl=1 1330w\" sizes=\"auto, (max-width: 1000px) 100vw, 1000px\" \/><figcaption class=\"wp-element-caption\">Vikings in an illustration of the <em>Vie de Saint Aubin d&#8217;Angers<\/em>. <a href=\"https:\/\/gallica.bnf.fr\/ark:\/12148\/btv1b105157428\/f27.item.zoom#\" target=\"_blank\" rel=\"noreferrer noopener\">Biblioteca Nacional de Francia, ms. NAL 1390, f. 7r.<\/a><\/figcaption><\/figure>\n\n\n\n<hr class=\"wp-block-separator has-text-color has-light-gray-blue-color has-alpha-channel-opacity has-light-gray-blue-background-color has-background\"\/>\n\n\n\n<p class=\"has-text-align-right has-small-font-size wp-block-paragraph\"><a href=\"https:\/\/www.alandalusylahistoria.com\/?p=3951\"><strong>Spanish version<\/strong><\/a><\/p>\n\n\n\n<blockquote class=\"wp-block-quote has-small-font-size is-layout-flow wp-block-quote-is-layout-flow\">\n<p class=\"wp-block-paragraph\" style=\"font-size:15px\">\u00ab<em>Maj\u016bs*<\/em> arrived in about 80 ships. One might say they had, as it were, filled the ocean with dark red birds, in the same way as they had filled the hearts of men with fear and trembling. After landing at Lisbon, they sailed to Cadiz, then to Sidonia, then to Seville. They besieged this city, and took it by storm. After letting the inhabitants suffer the terror of imprisonment or death, they remained there seven days, during which they let the people empty the cup of bitterness\u00bb.<\/p>\n<cite>Ibn Idh\u0101r\u012b, trans. Stef\u00e1nsson, J. 1908-9, \u2018The Vikings in Spain. From Arabic (Moorish) and Spanish Sources\u2019, <em>Saga Book<\/em>, 6: 35\u201336.<\/cite><\/blockquote>\n\n\n\n<p class=\"wp-block-paragraph\">In this passage Ibn &#8216;Idh\u0101r\u012b (fl. c. 1314) evokes the terror provoked by the appearance of a Viking fleet off the western coast of al-Andalus in the late summer of 844. Iberia was one of the farthest corners of the Viking world, but piratical bands from Scandinavia launched sporadic raids on the coasts of the Christian north of the Peninsula, al-Andalus and the Mediterranean from the mid-9th to the 11th century. The most detailed accounts of their plundering are preserved by Muslim chroniclers and geographers, who mixed up names, dates and places and added picturesque details to their stories of the raiders of the sea. They were known as Maj\u016bs, a name that reflected beliefs about their origins that derived from scholarly tradition rather than eyewitness testimony. The wide semantic range of this term helps explain why today two of the best-known \u00abfacts\u00bb about the Vikings in al-Andalus are that they made cheese and that the poet al-Ghaz\u0101l sailed north from al-Andalus until he reached the court of a Viking king. Yet the so-called \u00abmaj\u016bs cheese\u00bb has nothing to do with men from Scandinavia; rather, the term \u201cmaj\u016bs\u201d was used to differentiate Muslim from non-Muslim dietary practice. Similarly, the story of al-Ghaz\u0101l&#8217;s journey seems to be a fantasy, perhaps composed by the poet\u2019s biographer in the thirteenth century. Latin and Castilian sources, which are mostly earlier and more laconic than the Arabic, also record the presence of the \u00abNorthmen,\u00bb although Christian chroniclers may have exaggerated the brutalities of Viking plundering of churches and monasteries in order to attract patrons for their restoration. Later, Scandinavian saga writers narrated the expeditions of Viking raiders in Iberia, both real and fictional, and of Norse crusaders who attacked the coasts of the peninsula on their journeys to Jerusalem. These historians have elaborated on what little we know with certainty about the Vikings in the Iberian Peninsula.<\/p>\n\n\n<div class=\"wp-block-image\">\n<figure class=\"aligncenter size-large is-resized\"><img decoding=\"async\" src=\"https:\/\/upload.wikimedia.org\/wikipedia\/commons\/c\/cb\/Wikinger.jpg\" alt=\"\" style=\"width:264px;height:auto\"\/><figcaption class=\"wp-element-caption\">Viking expedition represented in the <em>Passio Sancti Edmundi, Regis Orientalium Anglorum et Martyris<\/em> (s. XII). <a href=\"https:\/\/commons.wikimedia.org\/wiki\/File:Wikinger.jpg\" target=\"_blank\" rel=\"noreferrer noopener\">Wikimedia Commons<\/a>.<\/figcaption><\/figure>\n<\/div>\n\n\n<hr class=\"wp-block-separator has-text-color has-light-gray-blue-color has-alpha-channel-opacity has-light-gray-blue-background-color has-background\"\/>\n\n\n\n<p class=\"wp-block-paragraph\">The factual skeleton beneath these exaggerations resembles what we know of Viking activity elsewhere in Europe, a tradition of trade and raiding along coasts and rivers. The western coast of the Iberian Peninsula in particular was perfectly suited to the possibility of piratical campaigns, with bays and inlets in which the Vikings could take refuge, islands that could serve as bases, and rivers that were navigable as far as Santiago de Compostela in the north and Seville and Cordoba in the south. Yet almost fifty years elapsed between the famous Viking raid on the monastery of Lindisfarne in the north of England and their first recorded attack on the Iberian Peninsula. Towards the end of the 8th century, Vikings had arrived in France as traders and they soon began raiding and overwintering at the mouths of the Loire and Garonne rivers. From here they sailed towards the Iberian Peninsula. The annals of the monastery of Saint Bertin recorded for the year 844 that<\/p>\n\n\n\n<blockquote class=\"wp-block-quote has-small-font-size is-layout-flow wp-block-quote-is-layout-flow\">\n<p class=\"wp-block-paragraph\" style=\"font-size:15px\">\u00abThe Normans sailed up the Garonne as far as Toulouse, wreaking destruction everywhere, without meeting any opposition. Then some of them withdrew from there and attacked Galicia, but they perished, partly because they met resistance from missile throwers, partly because they were caught in a storm at sea. Some of them, though, got to the south-western part of Spain, where they fought long and bitterly with the Saracens, but were finally defeated and withdrew to their ships\u00bb.<\/p>\n<cite>Annals of St-Bertin 844, trans. J. L. Nelson 1991, <em>The Annals of St-Bertin<\/em>, Manchester: Manchester University Press, p. 60.<\/cite><\/blockquote>\n\n\n\n<p class=\"wp-block-paragraph\">Local tradition in northern Spain and the Asturian chronicles of the tenth century recall failed attempts by the Vikings to land on the northern coast &#8211; possibly in Luarca, near Gij\u00f3n &#8211; and in A Coru\u00f1a. After abandoning Galicia, they headed south and laid siege to Lisbon and Seville, an episode that was widely reported in the Islamic world. In a brief note on Seville, the geographer al-Ya&#8217;q\u016bb\u012b (d. 897) recorded that &#8216;the Maj\u016bs, who are also called the R\u016bs, fell upon the city in the year 229 AH&#8217; (September 843-September 844).<a href=\"#_ftn1\" id=\"_ftnref1\">[1]<\/a> The Andalusian Ibn al-Q\u016b\u1e6d\u012bya (d. 977) gave a long description of their attack on Seville, to which he added that<\/p>\n\n\n\n<blockquote class=\"wp-block-quote has-small-font-size is-layout-flow wp-block-quote-is-layout-flow\">\n<p class=\"wp-block-paragraph\" style=\"font-size:15px\">\u00abAfter the building of the Great Mosque of Seville was complete, &#8216;Abd al-Ra\u1e25m\u0101n (822-852) had a dream in which he entered the building and found the Prophet Mu\u1e25ammad &#8211; peace and praises be upon him &#8211; lying in the prayer niche, dead and wrapped in a shroud. The dream caused him to wake in distress, so he asked those who interpreted dreams for an explanation. They told him: &#8216;This is where his Faith will die&#8217;. Immediately after that the capture of the city by Vikings occurred\u00bb.<\/p>\n<cite>Ibn al-Q\u016b\u1e6d\u012bya, trans. D. James, 2009, <em>Early Islamic Spain. The History of Ibn al-Qu\u1e6d\u012bya,<\/em> Abingdon and New York: Routledge, p. 101.<\/cite><\/blockquote>\n\n\n\n<p class=\"wp-block-paragraph\">Ibn al-Qu\u1e6d\u012bya related the miraculous appearance in the&nbsp;<em>mihrab<\/em>&nbsp;of the Mosque of a young man who single-handedly held off the attackers for three days until the emir\u2019s forces, gathered from all corners of his kingdom, drove the Viking ships back into the sea, laden with booty and captives.<\/p>\n\n\n<div class=\"wp-block-image\">\n<figure class=\"aligncenter size-large is-resized\"><img decoding=\"async\" src=\"https:\/\/upload.wikimedia.org\/wikipedia\/commons\/0\/0e\/Gjermundbu_helmet_-_cropped.jpg\" alt=\"\" style=\"width:440px;height:auto\"\/><figcaption class=\"wp-element-caption\">Viking helmet from Gjermundbu. Museum of Cultural History, University of Oslo. <a href=\"https:\/\/commons.wikimedia.org\/wiki\/File:Gjermundbu_helmet_-_cropped.jpg\" target=\"_blank\" rel=\"noreferrer noopener\">Wikimedia Commons<\/a>.<\/figcaption><\/figure>\n<\/div>\n\n\n<hr class=\"wp-block-separator has-text-color has-light-gray-blue-color has-alpha-channel-opacity has-light-gray-blue-background-color has-background\"\/>\n\n\n\n<p class=\"wp-block-paragraph\">In 859, the Vikings returned and, after attacking Galicia and Lisbon, entered the mouth of the Guadalquivir. The emir Mu\u1e25ammad (852-886) mobilized his army and a new fleet expelled the raiders, who sailed through the Strait of Gibraltar and entered the Mediterranean. They threatened the southern coasts of al-Andalus and France for three years and crossed to North Africa, where they attacked the ports of Nak\u016br and A\u1e63ila and seized captives. Many different sources that mentioned Viking exploits in the Mediterranean; some said that they sailed to Italy and Byzantium, though they probably confused Vikings with other pirates, mainly Muslims, and with Scandinavian traders and mercenaries who travelled to Byzantium via the Russian river system. Two long accounts in Arabic of the expedition of 859-61 end with a description of a Viking raid on Pamplona on their return voyage. According to Ibn \u1e24ayy\u0101n (d. 1076), the Navarrese were forced to pay a fabulous ransom of sixty or seventy thousand dinars to redeem their ruler Garc\u00eda I\u00f1iguez (r. 851-870) from captivity. The story sounds more than improbable; indeed, the same historian stated that the campaign as a whole was a failure and this is why the Maj\u016bs never returned to the Iberian Peninsula.<\/p>\n\n\n\n<p class=\"wp-block-paragraph\">In fact, it seems that more than a century elapsed before the Vikings returned in significant numbers to threaten Santiago in the north and Lisbon, again, in the south. The court annals of Cordoba for the years 971-974 record that the caliph al-\u1e24akam II was warned on two occasions of the arrival of Maj\u016bs off the western coast of al-Andalus. After an elaborate farewell ceremony at Mad\u012bnat al-Zahr\u0101&#8217;, al-\u1e24akam sent his commander Gh\u0101lib ibn &#8216;Abd al-Ra\u1e25m\u0101n against the Maj\u016bs. A celebration of Gh\u0101lib&#8217;s triumphant return was also staged at the palace, even though neither the Umayyad army nor the Umayyad fleet had come into contact with the raiders, for when the Majus learned that the Quraysh forces were on their way, said al-R\u0101z\u012b, they were terrified and \u00abfled to their remote islands.\u00bb In the following year, the Cordoban forces again headed for the coast, but they found that the enemy had already set sail. This may reflect the reality of Viking activity: lightning raids that ended long before the authorities could mount a reaction. This was the last known Viking attack in al-Andalus, although local annals and other sources from northern Iberia mention Viking raids in the north.<\/p>\n\n\n<div class=\"wp-block-image\">\n<figure class=\"aligncenter size-full is-resized\"><img data-recalc-dims=\"1\" loading=\"lazy\" decoding=\"async\" width=\"1000\" height=\"722\" src=\"https:\/\/i0.wp.com\/www.alandalusylahistoria.com\/wp-content\/uploads\/2023\/01\/Christys-map-John-Hunt.jpeg?resize=1000%2C722&#038;ssl=1\" alt=\"\" class=\"wp-image-3953\" style=\"width:583px;height:auto\" srcset=\"https:\/\/i0.wp.com\/www.alandalusylahistoria.com\/wp-content\/uploads\/2023\/01\/Christys-map-John-Hunt.jpeg?w=1002&amp;ssl=1 1002w, https:\/\/i0.wp.com\/www.alandalusylahistoria.com\/wp-content\/uploads\/2023\/01\/Christys-map-John-Hunt.jpeg?resize=300%2C216&amp;ssl=1 300w, https:\/\/i0.wp.com\/www.alandalusylahistoria.com\/wp-content\/uploads\/2023\/01\/Christys-map-John-Hunt.jpeg?resize=768%2C554&amp;ssl=1 768w\" sizes=\"auto, (max-width: 1000px) 100vw, 1000px\" \/><figcaption class=\"wp-element-caption\">Viking expeditions in the Iberian Peninsula and the Mediterranean Sea. Source: Christys, A. 2015. <em>Vikings in the South. Voyages to Iberia and the Mediterranean<\/em>, London: Bloomsbury.<\/figcaption><\/figure>\n<\/div>\n\n\n<hr class=\"wp-block-separator has-text-color has-light-gray-blue-color has-alpha-channel-opacity has-light-gray-blue-background-color has-background\"\/>\n\n\n\n<p class=\"wp-block-paragraph\">Thus it appears that the impact of the Vikings on the Iberian Peninsula was limited and the region differs from the rest of the medieval Viking world in another significant aspect. Viking studies, in general, have recently focused on material culture and, above all, on the evidence for trade. No emporia &#8211; Viking trading enclaves &#8211; comparable to the ones that operated in England and Ireland and around the Baltic have yet been found in Iberia.&nbsp; Scandinavia runestones were carved in memory of men who died \u00abin the south\u00bb or in \u00abSerkland\u00bb (perhaps North Africa), but none of these individuals can be identified with certainty as the men who sailed to the Iberian Peninsula or the Maghreb. Place names in Galicia reflect periods of Scandinavian settlement, and some of these Vikings served as mercenaries in Christian armies. The Torres de Oeste, fortifications still preserved on the river Ulla below Santiago, can be dated to Viking times. But material evidence of Viking campaigns against Lisbon, Seville and Almeria or their winter camps in the marshes of the Guadalquivir has yet to be discovered.<\/p>\n\n\n\n<p class=\"wp-block-paragraph\">Two artifacts and a handful of tiny bones have been linked to Viking activity. The inhabitants of O Vicedo, in the extreme northwest of Galicia, believe that the anchors uncovered by the storms of 2014 may be Viking. The treasury of San Isidoro, Le\u00f3n, preserves a small whalebone chest of Scandinavian origin, which was reworked as a reliquary. The provenance of the chest is not documented and it may have been donated by a pilgrim or as a diplomatic gift rather than left by a Viking raider. Archaeologists have discovered hints that Viking ships may have reached Madeira. Bone fragments from the earliest mouse populations excavated on the island have been dated to between 900 and 1036, centuries before the Portuguese conquered and populated the island. Mitochondrial DNA from the current Madeiran mouse population resembles that of mice from Scandinavia and northern Germany, but not that of mice from the Portuguese mainland, suggesting that mice could have colonized Madeira from Viking ships. Similar lines of research may in future serve to identify the extent of Viking activity in the South.<\/p>\n\n\n<div class=\"wp-block-image\">\n<figure class=\"aligncenter size-full is-resized\"><img data-recalc-dims=\"1\" loading=\"lazy\" decoding=\"async\" width=\"748\" height=\"848\" src=\"https:\/\/i0.wp.com\/www.alandalusylahistoria.com\/wp-content\/uploads\/2023\/01\/Illustrations_de_la_vie.jpeg?resize=748%2C848&#038;ssl=1\" alt=\"\" class=\"wp-image-3954\" style=\"width:486px;height:auto\" srcset=\"https:\/\/i0.wp.com\/www.alandalusylahistoria.com\/wp-content\/uploads\/2023\/01\/Illustrations_de_la_vie.jpeg?w=748&amp;ssl=1 748w, https:\/\/i0.wp.com\/www.alandalusylahistoria.com\/wp-content\/uploads\/2023\/01\/Illustrations_de_la_vie.jpeg?resize=265%2C300&amp;ssl=1 265w\" sizes=\"auto, (max-width: 748px) 100vw, 748px\" \/><figcaption class=\"wp-element-caption\">Vikings in an illustration of the <em>Vie de Saint Aubin d&#8217;Angers<\/em>. <a href=\"https:\/\/gallica.bnf.fr\/ark:\/12148\/btv1b105157428\/f27.item.zoom#\" target=\"_blank\" rel=\"noreferrer noopener\">Biblioteca Nacional de Francia, ms. NAL 1390, f. 7r.<\/a><\/figcaption><\/figure>\n<\/div>\n\n\n<hr class=\"wp-block-separator has-text-color has-light-gray-blue-color has-alpha-channel-opacity has-light-gray-blue-background-color has-background\"\/>\n\n\n\n<p class=\"wp-block-paragraph\">Elsewhere in Europe the Vikings arrived in search of the treasures of churches and monasteries. In the ninth century, however, ecclesiastical establishments in the northwest of the Iberian Peninsula were small and poor; monks are not known to have moved their wealth out of the reach of pirates as they were forced to do in England and France. Later, after the period when Vikings were most active in Iberia, and after the supposed discovery of the body of St. James in Galicia, when pilgrims began to make their way to his shrine in Santiago de Compostela, the Asturian church began to accumulate treasures such as the crosses of Oviedo and Santiago, liturgical vessels and ornaments. Some of the Andalusian cities may have been attractive targets, as rich fabrics, ivory chests, fine gold and silver work and ceramics were made for the Umayyads and their elites. A relatively small amount of currency circulated: of more than a quarter of a million Arab coins discovered in the lands of the southern shores of the Baltic, none is of Andalusian origin, and few Andalusian dinars or dirhems have been found in Scandinavian hoards. Nor does the silver that the Vikings melted into ornaments, ingots or cut silver come from al-Andalus.<\/p>\n\n\n\n<p class=\"wp-block-paragraph\">There was, of course, one source of booty that could be confiscated from even the poorest settlements. Accounts of Viking raids on the Iberian Peninsula and the Maghreb emphasize the capture of captives (although most of the slaves in al-Andalus were taken in campaigns against their Christian neighbours). Information about Viking slavery in al-Andalus and the Maghreb comes from scattered references in narrative sources and charters. A very late Irish chronicle refers to \u00abblue men\u00bb whom the Vikings brought to Ireland from Mauritania; we may assume that they were black Africans. Two 11th-century charters document the sale of property to pay off debts incurred in the ransom of women captured by Vikings in Galicia. According to the first, the ransom was paid in silver. In the second, the raiders made off with a number of everyday objects: clothing, a sword, a cow and a small amount of salt.<\/p>\n\n\n\n<p class=\"wp-block-paragraph\">It is to be hoped that new archaeological discoveries will expand our picture of the Vikings in al-Andalus. Until they do, the main legacy of this period is the stories preserved by Arabic historians. The fear and fascination with the Vikings that continues to attract widespread popular and scholarly interest have exaggerated their destructive effects on medieval society. This same fear and fascination is palpable in medieval Muslim recollections of the Maj\u016bs.<\/p>\n\n\n\n<hr class=\"wp-block-separator has-text-color has-bright-blue-color has-alpha-channel-opacity has-bright-blue-background-color has-background\"\/>\n\n\n\n<h4 class=\"wp-block-heading\">Notes:<\/h4>\n\n\n\n<p class=\"has-small-font-size wp-block-paragraph\">*  <em><strong>Maj\u016bs<\/strong><\/em>: A term that originally referred to the supposed paganism and fire worship of the Persian Mazdeists and that, by analogy and as a catch-all, ended up being used also for other peoples with beliefs alien to Judaism and Christianity, such as the Vikings.<\/p>\n\n\n\n<p class=\"has-small-font-size wp-block-paragraph\"><a href=\"#_ftnref1\" id=\"_ftn1\">[1]<\/a> Al-Yaq\u016bb\u012b <em>Kit\u0101b al-buld\u0101n<\/em>, ed. M. J. de Goeje, 1892, Leiden: Brill, p.354. <\/p>\n\n\n\n<hr class=\"wp-block-separator has-text-color has-bright-blue-color has-alpha-channel-opacity has-bright-blue-background-color has-background\"\/>\n\n\n\n<h4 class=\"wp-block-heading\">Further reading:<\/h4>\n\n\n\n<ul class=\"wp-block-list\">\n<li>Christys, A. 2012. \u00abThe Vikings in the south through Arab eyes\u00bb, in Pohl W., C. Gantner y R. Payne (eds) <em>Visions of Community in the post-Roman World,<\/em> Farnham, Surrey and Burlington, Ashgate, 447-457.<\/li>\n\n\n\n<li><em>\u2014<\/em> 2015.<em> Vikings in the South. Voyages to Iberia and the Mediterranean<\/em>, London: Bloomsbury.<\/li>\n\n\n\n<li><em>\u2014<\/em> 2016. \u00ab\u201cThey fled to their remote islands\u201d: Al-\u1e24akam II and <em>al-Maj\u016bs<\/em> in the <em>Muqtabas<\/em> of Ibn \u1e24ayy\u0101n\u00bb, <em>Al-Mas\u0101q<\/em> 28\/1, 57-66. <a href=\"https:\/\/doi.org\/10.1080\/09503110.2016.1152804\" target=\"_blank\" rel=\"noreferrer noopener\">https:\/\/doi.org\/10.1080\/09503110.2016.1152804<\/a>.<\/li>\n\n\n\n<li>Curto Adrados, I. 2017. <em><a href=\"https:\/\/laergastula.com\/producto\/los-vikingos-y-sus-expediciones-a-la-peninsula-iberica\/\" target=\"_blank\" rel=\"noreferrer noopener\">Los vikingos y sus expediciones a la Pen\u00ednsula Ib\u00e9rica<\/a>, <\/em>Madrid: Ediciones de la Erg\u00e1stula.<\/li>\n\n\n\n<li>Garc\u00eda Losqui\u00f1o, I. 2018. \u2018The North Germanic Place-Name element&nbsp;<em>bec<\/em>&nbsp;in England, Normandy and Galicia\u2019, <em>Namn och Bygd<\/em> 106, 5-32.<\/li>\n\n\n\n<li>Gonz\u00e1lez Campo, M. 2002. \u2018Bibliographia Normanno-Hispanica\u2019, <em>Saga-Book<\/em> 26, 104-113.<\/li>\n\n\n\n<li>Morales Romero, E. 2004. <em>Historia de los vikingos en Espa\u00f1a<\/em>, Madrid: Miraguano.<\/li>\n<\/ul>\n","protected":false},"excerpt":{"rendered":"<p>Ann Christys<\/p>\n","protected":false},"author":11,"featured_media":3957,"comment_status":"closed","ping_status":"closed","sticky":false,"template":"","format":"standard","meta":{"_crdt_document":"","jetpack_post_was_ever_published":false,"footnotes":""},"categories":[418],"tags":[36,83,378],"coauthors":[262],"class_list":{"0":"post-4902","1":"post","2":"type-post","3":"status-publish","4":"format-standard","5":"has-post-thumbnail","6":"hentry","7":"category-english","8":"tag-fuentes-arabes","9":"tag-fuentes-latinas","10":"tag-vikingos","12":"fallback-thumbnail"},"jetpack_featured_media_url":"https:\/\/i0.wp.com\/www.alandalusylahistoria.com\/wp-content\/uploads\/2023\/01\/Vie-de-saint-Aubin-BNF-NAL-1390.jpg?fit=1330%2C504&ssl=1","_links":{"self":[{"href":"https:\/\/www.alandalusylahistoria.com\/index.php?rest_route=\/wp\/v2\/posts\/4902","targetHints":{"allow":["GET"]}}],"collection":[{"href":"https:\/\/www.alandalusylahistoria.com\/index.php?rest_route=\/wp\/v2\/posts"}],"about":[{"href":"https:\/\/www.alandalusylahistoria.com\/index.php?rest_route=\/wp\/v2\/types\/post"}],"author":[{"embeddable":true,"href":"https:\/\/www.alandalusylahistoria.com\/index.php?rest_route=\/wp\/v2\/users\/11"}],"replies":[{"embeddable":true,"href":"https:\/\/www.alandalusylahistoria.com\/index.php?rest_route=%2Fwp%2Fv2%2Fcomments&post=4902"}],"version-history":[{"count":13,"href":"https:\/\/www.alandalusylahistoria.com\/index.php?rest_route=\/wp\/v2\/posts\/4902\/revisions"}],"predecessor-version":[{"id":4919,"href":"https:\/\/www.alandalusylahistoria.com\/index.php?rest_route=\/wp\/v2\/posts\/4902\/revisions\/4919"}],"wp:featuredmedia":[{"embeddable":true,"href":"https:\/\/www.alandalusylahistoria.com\/index.php?rest_route=\/wp\/v2\/media\/3957"}],"wp:attachment":[{"href":"https:\/\/www.alandalusylahistoria.com\/index.php?rest_route=%2Fwp%2Fv2%2Fmedia&parent=4902"}],"wp:term":[{"taxonomy":"category","embeddable":true,"href":"https:\/\/www.alandalusylahistoria.com\/index.php?rest_route=%2Fwp%2Fv2%2Fcategories&post=4902"},{"taxonomy":"post_tag","embeddable":true,"href":"https:\/\/www.alandalusylahistoria.com\/index.php?rest_route=%2Fwp%2Fv2%2Ftags&post=4902"},{"taxonomy":"author","embeddable":true,"href":"https:\/\/www.alandalusylahistoria.com\/index.php?rest_route=%2Fwp%2Fv2%2Fcoauthors&post=4902"}],"curies":[{"name":"wp","href":"https:\/\/api.w.org\/{rel}","templated":true}]}}