{"id":4851,"date":"2024-06-21T10:04:53","date_gmt":"2024-06-21T08:04:53","guid":{"rendered":"https:\/\/www.alandalusylahistoria.com\/?p=4851"},"modified":"2024-06-21T10:10:21","modified_gmt":"2024-06-21T08:10:21","slug":"what-was-understood-by-spain-in-the-middle-ages-the-christian-perspective","status":"publish","type":"post","link":"https:\/\/www.alandalusylahistoria.com\/?p=4851","title":{"rendered":"What was understood by &#8216;Spain&#8217; in the Middle Ages? The Christian perspective"},"content":{"rendered":"\n<h3 class=\"wp-block-heading has-text-align-center\"><em>Hispania <\/em>in the Middle Ages was far more than a mere geographical reference. It was a reality, based on a defined cultural profile and sense of identity, that from an early date, had obvious political content.<\/h3>\n\n\n\n<hr class=\"wp-block-separator has-text-color has-light-gray-blue-color has-alpha-channel-opacity has-light-gray-blue-background-color has-background\"\/>\n\n\n\n<h4 class=\"wp-block-heading has-text-align-center\"><a href=\"https:\/\/www.alandalusylahistoria.com\/wp-content\/uploads\/2018\/07\/carlos_ayala.jpg\" data-type=\"attachment\" data-id=\"330\">Carlos de Ayala Mart\u00ednez<\/a><br>Universidad Aut\u00f3noma de Madrid<\/h4>\n\n\n\n<hr class=\"wp-block-separator has-text-color has-light-gray-blue-color has-alpha-channel-opacity has-light-gray-blue-background-color has-background\"\/>\n\n\n<div class=\"wp-block-image\">\n<figure class=\"aligncenter size-full is-resized\"><img data-recalc-dims=\"1\" loading=\"lazy\" decoding=\"async\" width=\"500\" height=\"242\" src=\"https:\/\/i0.wp.com\/www.alandalusylahistoria.com\/wp-content\/uploads\/2018\/07\/Hispan_coin-e1718956733775.jpg?resize=500%2C242&#038;ssl=1\" alt=\"\" class=\"wp-image-358\" style=\"width:668px;height:auto\" srcset=\"https:\/\/i0.wp.com\/www.alandalusylahistoria.com\/wp-content\/uploads\/2018\/07\/Hispan_coin-e1718956733775.jpg?w=500&amp;ssl=1 500w, https:\/\/i0.wp.com\/www.alandalusylahistoria.com\/wp-content\/uploads\/2018\/07\/Hispan_coin-e1718956733775.jpg?resize=300%2C145&amp;ssl=1 300w\" sizes=\"auto, (max-width: 500px) 100vw, 500px\" \/><\/figure>\n<\/div>\n\n\n<hr class=\"wp-block-separator has-text-color has-light-gray-blue-color has-alpha-channel-opacity has-light-gray-blue-background-color has-background\"\/>\n\n\n\n<p class=\"has-text-align-right has-small-font-size wp-block-paragraph\"><a href=\"https:\/\/www.alandalusylahistoria.com\/?p=315\"><strong>Spanish version<\/strong><\/a><\/p>\n\n\n\n<p class=\"wp-block-paragraph\">The word &#8216;Spain&#8217; derives from the Latin term <em>Hispania<\/em>, which in ancient Rome was used to designate an administrative demarcation made up of several provinces and which, as a whole, corresponded to the Iberian Peninsula. An old mythological tradition associated the origin of <em>Hispania <\/em>with<em> <\/em>a hero called <em>Hispan<\/em>, nephew of Hercules and mythical settler of the land \u00a0to which he gave his name.<\/p>\n\n\n\n<p class=\"wp-block-paragraph\">The geographical coherence of that administrative demarcation endured after the fall of Rome. Saint Isidore, at the beginning of the 7th century, gives an account of it in his <em>Etymologies<\/em>: \u00abIt is situated between Africa and Gaul, enclosed to the north by the Pyrenees mountains and surrounded by the sea on \u00a0its other sides\u00bb. In the same passage, the learned bishop of Seville commented on \u00a0the other names by which, in addition to <em>Hispania <\/em>\u2014or its equivalent <em>Spania\u2014 <\/em>the Peninsula was known: <em>Iberia<\/em>, after the river Ibero (Ebro), which ran through a large part of its territory, and <em>Hesperia<\/em>, because Hesperus was the name of the westernmost star in the firmament.<\/p>\n\n\n\n<p class=\"wp-block-paragraph\">The problem lies in determining when this geographical unit becomes something more than a physical space, when it is possible to glimpse feelings of attachment that transform it into a cultural sphere of identification, and even into a political reality to which one belongs and which can be controlled by some faction or other. Or, in other words, when <em>Hispania <\/em>becomes a &#8216;patria&#8217;, another Latin term meaning the place of origin to which we are naturally attached because it is the land of our fathers.<\/p>\n\n\n\n<p class=\"wp-block-paragraph\">Once again St Isidore gives us the answer. His <em>Historia Gothorum <\/em>is preceded by a well-known passage\u00a0 &#8216;In Praise of Hispania&#8217; (<em>De laude Spaniae<\/em>), which he \u00a0describes as \u00abthe most beautiful of all the lands that stretch from the West to\u00a0India\u00bb. And shortly afterwards, in narrating the vicissitudes of the Gothic kings, he refers to Suintila as the first who \u00abobtained monarchical power over all Hispania\u00bb (<em>totius Spaniae intra oceani<\/em>).<\/p>\n\n\n\n<p class=\"wp-block-paragraph\">Saint Isidore was exaggerating. Probably not in the sentiment of love for <em>Hispania <\/em>that he wished to convey, but in projecting an image of the Peninsula as a political unity. The Visigothic monarchy did not manage to structure the whole of Spain under its sole politico-religious leadership. It is true, however, that the idealisation of a united and coherent <em>Hispania <\/em>that Isidore conceived was indeed perceived in this way \u2014or wanted to be\u2014 by those who tried to take it over when the Toledo monarchy collapsed.<\/p>\n\n\n\n<p class=\"wp-block-paragraph\">This was first attempted by the Umayyad caliphate through its governors of \u00a0Africa who, in 711, set about conquering the Peninsula. Although the Muslims&#8217; control over it was never fully effective, the fact is that their theoretical perception, and certainly their propaganda, did point in that direction: the <em>Spania <\/em>of the Visigoths became <em>al-Andalus<\/em>, a change of name which, evidencing a break in political leadership, came to underline the identity of the territory over which that leadership was to be exercised.<\/p>\n\n\n\n<p class=\"wp-block-paragraph\">But discontent with Islamic domination soon surfaced, and this discontent, fuelled by fugitives from the south, took the form of a Christian monarchy that\u00a0 was organised in the mountains of northern Cantabria in the 9th century. Soon \u00a0(ca. 900), this monarchy, with its centre in Oviedo, began to design an ideological strategy of legitimisation based on two points: firstly, that it was the direct heir of the old kingdom of Toledo and, as such, called upon to recover the territorial control that this kingdom had exercised over the whole of <em>Hispania<\/em> and secondly, that in order \u00a0to do this, it was obviously necessary to expel the Muslims who had occupied it illegitimately in the name of a false god. The ideology originated in the 10th century in the intellectual efforts of clerics in the service of Alfonso III; only much later \u2014not until the mid-19th century\u2014 would this ideology be given the name of \u00abreconquest\u00bb.<\/p>\n\n\n\n<p class=\"wp-block-paragraph\">It would be an ideology with a long life that brought many benefits. It served both to justify processes of territorial expansion and to make palatable high levels of concentration of power in the hands of kings who acted as true military warlords. For this reason, the kings of Asturias, who soon settled in Le\u00f3n, were not the only ones to use such an effective tool. It was also the Pamplona monarchs in the 10th and 11th centuries who, for their own reasons, also wanted to set themselves up as heirs to the Gothic kings. It was \u00a0not in vain that an influential contemporary of Sancho III of Pamplona, Abbot Oliba, around 1030 gave the heirs of the Pamplona monarch the unusual title of\u00a0<em>rex ibericus<\/em>.<\/p>\n\n\n\n<p class=\"wp-block-paragraph\">This unitary vision of <em>Hispania<\/em>, heir to a harmonious and idealised Gothic past, would live on throughout the Middle Ages and even beyond. But it should be noted that this hegemonic argument was not the only image of peninsular reality to be formulated during those centuries. In fact, before the end of the 11th century, it was already evident that more than one concept of political legitimacy, claiming to be based on the same heritage, was operative in the Peninsula. But this made it necessary either to rethink the scheme, denying that <em>Hispania <\/em>was indeed the birthright of the Gothic monarchy, or simply to admit that this heritage was divisible and, therefore, that instead of speaking of <em>Hispania <\/em>it<em> <\/em>was necessary to speak of \u00abthe Hispanias\u00bb (<em>Hispaniae<\/em>).<\/p>\n\n\n\n<p class=\"wp-block-paragraph\">The first option, that of ignoring the Gothic heritage, had various manifestations. One of them, influenced by Frankish-Pontifical influence that was very present in the Peninsula from 1100 onwards, presents <em>Hispania <\/em>asa part of Christendom. The Muslim occupation was not an attack on the Gothic monarchy, but on the Church as a whole, to which sovereignty over the Peninsula corresponded by virtue of the so-called &#8216;Donation of Constantine&#8217;, an apocryphal document, supposedly issued by the Emperor Constantine, giving all the western\u00a0lands that had belonged to the former Roman Empire into the hands of the Pope. This gave rise to the idea, present in the <em>Codex Calixtinus<\/em>, that it was Charlemagne and his faithful \u00a0archbishop Turpin who liberated the land of <em>Hispania <\/em>through the crusade.<\/p>\n\n\n\n<p class=\"wp-block-paragraph\">The kings of Le\u00f3n were unwillingly to accept such interference, which deprived \u00a0them of their highly profitable Visigothic heritage, but neither could they ignore the fact that they were not the only ones to have a legitimate claim to this heritage in the territory of their former monarchy. To overcome this difficulty, and also to neutralise the\u00a0 interference of papal universalism, Alfonso VI assumed the imperial title in 1077, which enabled him to proclaim his hegemony over the other kings. The conquest of Toledo in 1085 was important for this. It was easy for the \u00a0imperial claim to leadership over the whole Peninsula to be associated from then on with the royal city on the Tagus, the former capital of the unitary Visigothic monarchy. In fact, only two years after the conquest, the chancellery of Alfonso VI proclaimed his status as \u00abemperor over all the nations of Spain\u00bb (<em>imperator super omnes Spanie nationes<\/em>).<\/p>\n\n\n\n<p class=\"wp-block-paragraph\">The failure of the imperial idea of the kingdom of Le\u00f3n after the death of Alfonso VII in 1157 was another blow to the unitary conception of <em>Hispania<\/em>. The Spain that Men\u00e9ndez Pidal once defined as that of \u00abthe five kingdoms\u00bb (Portugal, Le\u00f3n, Castile, Navarre and Aragon) was imposed. It was a <em>Hispania <\/em>\u00a0inimical to unity, far removed from the Visigothic utopia. This was stated in a curious chronicle, the so-called <em>Liber regum<\/em>, composed around 1200 in the kingdom of Navarre to justify its political individuality. In this text, Gothic inheritance was declared defunct, and the dynastic legitimacy of Castile, Navarre and Aragon was posited not on \u00a0the heroic spirit of Covadonga, but on an idealised common ancestry from a mythical race of judges. The idea of a pan-Hispanic empire thus gave way to an individualised notion of kingdoms, each having a specific territory and its own cultural trajectory.<\/p>\n\n\n\n<p class=\"wp-block-paragraph\">Yet the unifying thread of Gothic heritage was by no means lost. What is more, the definitive union of Le\u00f3n and Castile in 1230 served to revive it with a strength that made the new political formation the most powerful realm in the whole of the Peninsula. The ideologues of that unification, the great historians of the 13th century, applied themselves with determination\u00a0to the task of reviving a glorious and unified <em>Hispania<\/em>. In the preface to his <em>Chronicon mundi (<\/em>ca. 1238), Lucas de Tuy refers to the \u00abalmighty freedom\u00bb (<em>omnimoda libertas<\/em>) of <em>Hispania<\/em> in an attempt to emphasise the unitary personality of a territory that was alien to any foreign interference. But it was above all the Toledan archbishop Jim\u00e9nez de Rada who, in his <em>Historia Gotica, <\/em>definitively bolstered a discourse of integration that the dominant Castilian monarchy would thereafter make its own; he was a man of broad intellectual horizons and liked to stress that it was by the very diverse peoples and cultures \u2014including the Arabs\u2014 that the reality of <em>Hispania <\/em>had been forged. But his legitimising discourse was clear and unequivocal: it is the Gothic people, heirs of the early peoples of <em>Hispania <\/em>and a reference point for the hegemonic legitimacy of their successors the Leonese and Castilians, who played the historical role of shaping the political reality of <em>Hispania <\/em>at its inception; it is therefore up to those successors, and in particular the Castilians, to consummate the process.<\/p>\n\n\n\n<p class=\"wp-block-paragraph\">The Alphonsine <em>scriptorium <\/em>would be the great recipient of these ideas, and would be capable of definitively turning them\u00a0 into a political programme. The <em>Estoria de Espanna (History of Spain)<\/em>, written in this scriptorium, was its great historiographical legitimisation. A series of \u00ablordships\u00bb succeeded one another in control of the peninsula, contributing to the <em>creation of Spain. <\/em>This succession, especially striking when Hispan, Hercules&#8217; nephew, <em>became lord of Spain<\/em>, reached a decisive turning point with the arrival of the Goths. From then on, they would be the legitimate recipients of a \u00a0lordship that would be inherited by the Astur-Leonese and Castilians. The latter therefore had effective control over the whole of <em>Spain<\/em>.<\/p>\n\n\n\n<p class=\"wp-block-paragraph\">To put these ideas into practice, Alfonso X revived the idea of empire by associating it with an ambitious bid for the German throne. This was nothing more than a strategy to gain recognition in the Peninsula for the authority that\u00a0 could be expected of a candidate for the Romano-Germanic Empire. But this recognition was not forthcoming. James I of Aragon officially protested against it in 1259, the same year in which Alfonso X had decided to appoint himself \u00abking of Spain\u00bb in the prologue to the so-called <em>Book of the Crosses. <\/em>He would do so on several more occasions, but his imperial project, as with that of his predecessors, ended in failure.<\/p>\n\n\n\n<p class=\"wp-block-paragraph\">Yet Alfonso\u2019s model of monarchy did not fail when he did, and the word <em>empire <\/em>continued to be used as a synonym for power projected over the whole of <em>Spain. <\/em>A century later, a Catalan chronicle put the following significant words\u00a0\u00a0\u00a0 into the mouth of the Master of Santiago addressed to his lord, King Peter I of Castile: <em>Seredes rey de Castiella e d&#8217;Arag\u00f3n, e, si pleases a Dios, apr\u00e9s, emperador d&#8217;Espanya (You will be king of Castile and Aragon, and, if it pleases God, afterwards, emperor of Spain)<\/em>. This <em>empire <\/em>no longer reflected a claim to a specific crown; it was a way of expressing effective dominion over the whole of the Peninsula under the legitimising cover of the Gothic inheritance. The Catholic Monarchs would later base their political propaganda on the same argument.<\/p>\n\n\n\n<p class=\"wp-block-paragraph\">It is clear, then, that the dominant perception of <em>Hispania <\/em>during the Middle Ages was generally in line with the political discourse of the power capable of \u00a0\u00a0imposing itself on the rest of the peninsular kingdoms. But did these kingdoms accept it peacefully, and is it possible to speak of an alternative explanation outside the contrived vision of a unified \u2014or yet to be unified\u2014 <em>Hispania<\/em>, which in the mid-13th century represented a scheme that was already solely Castilian?<\/p>\n\n\n\n<p class=\"wp-block-paragraph\">From the sphere of the Crown of Aragon, when in the 13th century the <em>Llibre dels Feyts <\/em>stated that Catalonia <em>is the best kingdom of Spain, the most honoured and the most noble<\/em>, putting these words into the mouth of James I himself, it is obvious that he was not referring to a unitary political project but to a comparative framework that extended beyond geographical boundaries; in the same speech, the king appeals for support for Castile, threatened by the uprising led by\u00a0 Andalusi Muslims in 1264, and to the need to <em>save Spain. <\/em>It is obvious that <em>Spain <\/em>in this case is not merely a geographical framework, but a conceptual space occupied by a specific Christian community that is under threat and with whom the king feels solidarity. Nor does this solidarity express the hegemonic project of a king; on the contrary, it reflects the interests of a community that is culturally defined and politically structured across a group of individual kingdoms.<\/p>\n\n\n\n<p class=\"wp-block-paragraph\">It is true that the last centuries of the Middle Ages were lived throughout the peninsula under the historiographical influence of the Jim\u00e9nez de Rada-Alfonso X axis. But this influence tended to be processed in terms that could be assumed by the kingdoms of the peninsular \u00abperiphery\u00bb, which emphasised the old scheme of the divided inheritance, fleeing from the exclusive protagonism of Castile. We see this in Portugal and Navarre, but the Crown of Aragon was undoubtedly the most characteristic area in this respect. Thus, at the end of the 14th century, the <em>Chronicle of Pere el Ceremoni\u00f3s <\/em>tended to identify <em>Hispania <\/em>with Aragon, and in the 15th century, the Catalan Pere Tomic \u2014who was familiar with the work of the Toledan, and did not hesitate to lament the loss of Gothic Spain by exalting the memory of Pelayo\u2014 when it came to explain the foundations of Catalan idiosyncrasy, turned to a figure of ultra-Pyrenean origin, Otger Catal\u00f3, governor of Aquitaine, who would be responsible for the initial reconquest of Catalonia and also for its own name.<\/p>\n\n\n\n<p class=\"wp-block-paragraph\">What conclusion can we draw? <em>Hispania <\/em>in the Middle Ages is far from being a mere geographical reference point. It is a reality which, on the basis of defined cultural profiles and developed feelings of identity, has had an obvious political content from an early date. However, this content oscillates between two opposing positions: an idealised claim to unity and a constitutively plural reality. Unity was basically upheld by Castile with particular intensity from the 13th century onwards, while the peninsular reality was felt to be plural, fundamentally by the non-Castilian-Leonese political formations; these were the \u00abpeoples of Spain\u00bb referred to in the well-known <em>Book of Alexandre <\/em>in the mid-13th century, in a display of plural expression of the reality of <em>Hispania.<\/em><\/p>\n\n\n\n<hr class=\"wp-block-separator has-text-color has-bright-blue-color has-alpha-channel-opacity has-bright-blue-background-color has-background\"\/>\n\n\n\n<h4 class=\"wp-block-heading\">Further reading:<\/h4>\n\n\n\n<ul class=\"wp-block-list\">\n<li>Fern\u00e1ndez-Ord\u00f3\u00f1ez, In\u00e9s, \u00abLa denotaci\u00f3n de \u00abEspa\u00f1a\u00bb en la Edad Media. Perspectiva historiogr\u00e1fica (siglos VII-XIV)\u00bb, in J.M. Garc\u00eda Mart\u00edn (dir.), <em>Actas del IX Congreso Internacional de Historia de la Lengua Espa\u00f1ola (C\u00e1diz, 2012)<\/em>, vol 1, Madrid: Iberoamericana, 2015: 51-52.<\/li>\n\n\n\n<li>Ayala Mart\u00ednez, Carlos de, \u00ab<a href=\"http:\/\/www.ehumanista.ucsb.edu\/sites\/secure.lsit.ucsb.edu.span.d7_eh\/files\/sitefiles\/ehumanista\/volume37\/14%20ehum37.aa.deayala.pdf\" target=\"_blank\" rel=\"noreferrer noopener\">Realidad y percepci\u00f3n de<\/a> <a href=\"http:\/\/www.ehumanista.ucsb.edu\/sites\/secure.lsit.ucsb.edu.span.d7_eh\/files\/sitefiles\/ehumanista\/volume37\/14%20ehum37.aa.deayala.pdf\">Hispania en la Edad Media<\/a>\u00ab, <em>eHumanista<\/em>, 37 (2017), pp. 206-231.<\/li>\n<\/ul>\n","protected":false},"excerpt":{"rendered":"<p>Carlos de Ayala Mart\u00ednez<\/p>\n","protected":false},"author":4,"featured_media":358,"comment_status":"closed","ping_status":"closed","sticky":false,"template":"","format":"standard","meta":{"_crdt_document":"","jetpack_post_was_ever_published":false,"footnotes":""},"categories":[418],"tags":[35,41,38,39,40],"coauthors":[197],"class_list":{"0":"post-4851","1":"post","2":"type-post","3":"status-publish","4":"format-standard","5":"has-post-thumbnail","6":"hentry","7":"category-english","8":"tag-cronicas","9":"tag-cultura","10":"tag-espana","11":"tag-hispania","12":"tag-identidad","14":"fallback-thumbnail"},"jetpack_featured_media_url":"https:\/\/i0.wp.com\/www.alandalusylahistoria.com\/wp-content\/uploads\/2018\/07\/Hispan_coin-e1718956733775.jpg?fit=500%2C242&ssl=1","_links":{"self":[{"href":"https:\/\/www.alandalusylahistoria.com\/index.php?rest_route=\/wp\/v2\/posts\/4851","targetHints":{"allow":["GET"]}}],"collection":[{"href":"https:\/\/www.alandalusylahistoria.com\/index.php?rest_route=\/wp\/v2\/posts"}],"about":[{"href":"https:\/\/www.alandalusylahistoria.com\/index.php?rest_route=\/wp\/v2\/types\/post"}],"author":[{"embeddable":true,"href":"https:\/\/www.alandalusylahistoria.com\/index.php?rest_route=\/wp\/v2\/users\/4"}],"replies":[{"embeddable":true,"href":"https:\/\/www.alandalusylahistoria.com\/index.php?rest_route=%2Fwp%2Fv2%2Fcomments&post=4851"}],"version-history":[{"count":8,"href":"https:\/\/www.alandalusylahistoria.com\/index.php?rest_route=\/wp\/v2\/posts\/4851\/revisions"}],"predecessor-version":[{"id":4862,"href":"https:\/\/www.alandalusylahistoria.com\/index.php?rest_route=\/wp\/v2\/posts\/4851\/revisions\/4862"}],"wp:featuredmedia":[{"embeddable":true,"href":"https:\/\/www.alandalusylahistoria.com\/index.php?rest_route=\/wp\/v2\/media\/358"}],"wp:attachment":[{"href":"https:\/\/www.alandalusylahistoria.com\/index.php?rest_route=%2Fwp%2Fv2%2Fmedia&parent=4851"}],"wp:term":[{"taxonomy":"category","embeddable":true,"href":"https:\/\/www.alandalusylahistoria.com\/index.php?rest_route=%2Fwp%2Fv2%2Fcategories&post=4851"},{"taxonomy":"post_tag","embeddable":true,"href":"https:\/\/www.alandalusylahistoria.com\/index.php?rest_route=%2Fwp%2Fv2%2Ftags&post=4851"},{"taxonomy":"author","embeddable":true,"href":"https:\/\/www.alandalusylahistoria.com\/index.php?rest_route=%2Fwp%2Fv2%2Fcoauthors&post=4851"}],"curies":[{"name":"wp","href":"https:\/\/api.w.org\/{rel}","templated":true}]}}