{"id":4800,"date":"2024-05-31T10:35:51","date_gmt":"2024-05-31T08:35:51","guid":{"rendered":"https:\/\/www.alandalusylahistoria.com\/?p=4800"},"modified":"2024-05-31T10:35:54","modified_gmt":"2024-05-31T08:35:54","slug":"los-mudejares-de-madrid","status":"publish","type":"post","link":"https:\/\/www.alandalusylahistoria.com\/?p=4800","title":{"rendered":"Los mud\u00e9jares de Madrid"},"content":{"rendered":"\n<h3 class=\"wp-block-heading has-text-align-center\">Esta es la segunda mesa del Primer Congreso Interdisciplinar de Historia y Memoria del Madrid isl\u00e1mico, celebrado entre los d\u00edas <strong>20 y 21 de mayo de 2021<\/strong> y organizado por el <a href=\"https:\/\/madridislamico.org\/\" target=\"_blank\" rel=\"noreferrer noopener\">Centro de Estudios sobre el Madrid Isl\u00e1mico<\/a> en colaboraci\u00f3n con <a href=\"https:\/\/www.ucm.es\/grupos\/grupo\/373\" target=\"_blank\" rel=\"noreferrer noopener\">el Grupo de Investigaci\u00f3n \u00abCristianos y Musulmanes en el Medievo Hispano\u00bb<\/a> de la Universidad Complutense de Madrid. Intervienen: Juan Carlos de Miguel Rodr\u00edguez, Jos\u00e9 Ignacio Murillo Fragero, Juan Rebollo Bote, Maribel P\u00e9rez de Tudela y Rodrigo Moreno Torrero<\/h3>\n\n\n\n<figure class=\"wp-block-embed aligncenter is-type-video is-provider-youtube wp-block-embed-youtube wp-embed-aspect-16-9 wp-has-aspect-ratio\"><div class=\"wp-block-embed__wrapper\">\n<iframe loading=\"lazy\" title=\"El Madrid Mud\u00e9jar. Cristianos, Jud\u00edos y Musulmanes en el Medievo hispano. | #CongresoMadridIsl\u00e1mico\" width=\"1000\" height=\"563\" src=\"https:\/\/www.youtube.com\/embed\/xMhPgwDyxuQ?feature=oembed\" frameborder=\"0\" allow=\"accelerometer; autoplay; clipboard-write; encrypted-media; gyroscope; picture-in-picture; web-share\" referrerpolicy=\"strict-origin-when-cross-origin\" allowfullscreen><\/iframe>\n<\/div><\/figure>\n","protected":false},"excerpt":{"rendered":"<p>Esta es la segunda mesa del Primer Congreso Interdisciplinar de Historia y Memoria del Madrid isl\u00e1mico, celebrado entre los d\u00edas 20 y 21 de mayo de 2021 y organizado por el Centro de Estudios sobre el Madrid Isl\u00e1mico en colaboraci\u00f3n con el Grupo de Investigaci\u00f3n \u00abCristianos y Musulmanes en el Medievo Hispano\u00bb de la Universidad Complutense de Madrid. Intervienen: Juan Carlos de Miguel Rodr\u00edguez, Jos\u00e9 Ignacio Murillo Fragero, Juan Rebollo Bote, Maribel P\u00e9rez de Tudela y Rodrigo Moreno Torrero<\/p>\n","protected":false},"author":11,"featured_media":4801,"comment_status":"closed","ping_status":"closed","sticky":false,"template":"","format":"standard","meta":{"_crdt_document":"","jetpack_post_was_ever_published":false,"footnotes":""},"categories":[13],"tags":[362,336,134],"coauthors":[262],"class_list":{"0":"post-4800","1":"post","2":"type-post","3":"status-publish","4":"format-standard","5":"has-post-thumbnail","6":"hentry","7":"category-multimedia","8":"tag-madrid","9":"tag-minorias","10":"tag-mudejares","12":"fallback-thumbnail"},"jetpack_featured_media_url":"https:\/\/i0.wp.com\/www.alandalusylahistoria.com\/wp-content\/uploads\/2024\/05\/Cubas-de-la-Sagra-Techado-Mudejar.jpg?fit=511%2C593&ssl=1","_links":{"self":[{"href":"https:\/\/www.alandalusylahistoria.com\/index.php?rest_route=\/wp\/v2\/posts\/4800","targetHints":{"allow":["GET"]}}],"collection":[{"href":"https:\/\/www.alandalusylahistoria.com\/index.php?rest_route=\/wp\/v2\/posts"}],"about":[{"href":"https:\/\/www.alandalusylahistoria.com\/index.php?rest_route=\/wp\/v2\/types\/post"}],"author":[{"embeddable":true,"href":"https:\/\/www.alandalusylahistoria.com\/index.php?rest_route=\/wp\/v2\/users\/11"}],"replies":[{"embeddable":true,"href":"https:\/\/www.alandalusylahistoria.com\/index.php?rest_route=%2Fwp%2Fv2%2Fcomments&post=4800"}],"version-history":[{"count":1,"href":"https:\/\/www.alandalusylahistoria.com\/index.php?rest_route=\/wp\/v2\/posts\/4800\/revisions"}],"predecessor-version":[{"id":4802,"href":"https:\/\/www.alandalusylahistoria.com\/index.php?rest_route=\/wp\/v2\/posts\/4800\/revisions\/4802"}],"wp:featuredmedia":[{"embeddable":true,"href":"https:\/\/www.alandalusylahistoria.com\/index.php?rest_route=\/wp\/v2\/media\/4801"}],"wp:attachment":[{"href":"https:\/\/www.alandalusylahistoria.com\/index.php?rest_route=%2Fwp%2Fv2%2Fmedia&parent=4800"}],"wp:term":[{"taxonomy":"category","embeddable":true,"href":"https:\/\/www.alandalusylahistoria.com\/index.php?rest_route=%2Fwp%2Fv2%2Fcategories&post=4800"},{"taxonomy":"post_tag","embeddable":true,"href":"https:\/\/www.alandalusylahistoria.com\/index.php?rest_route=%2Fwp%2Fv2%2Ftags&post=4800"},{"taxonomy":"author","embeddable":true,"href":"https:\/\/www.alandalusylahistoria.com\/index.php?rest_route=%2Fwp%2Fv2%2Fcoauthors&post=4800"}],"curies":[{"name":"wp","href":"https:\/\/api.w.org\/{rel}","templated":true}]}}