{"id":4679,"date":"2024-03-20T11:26:54","date_gmt":"2024-03-20T10:26:54","guid":{"rendered":"https:\/\/www.alandalusylahistoria.com\/?p=4679"},"modified":"2024-04-24T12:57:21","modified_gmt":"2024-04-24T10:57:21","slug":"the-expulsion-of-the-moriscos","status":"publish","type":"post","link":"https:\/\/www.alandalusylahistoria.com\/?p=4679","title":{"rendered":"The Expulsion of the Moriscos"},"content":{"rendered":"\n<h3 class=\"wp-block-heading has-text-align-center\">Exaggeration of lineage, obsession with purity of blood, fear of infiltration and contagion, all pervaded the \u201cMorisco problem\u201d, both ideologically and socially, and characterized many aspects of the history of Early Modern Spain<\/h3>\n\n\n\n<hr class=\"wp-block-separator has-text-color has-light-gray-blue-color has-alpha-channel-opacity has-light-gray-blue-background-color has-background\"\/>\n\n\n\n<h4 class=\"wp-block-heading has-text-align-center\"><a href=\"https:\/\/csic.academia.edu\/MercedesGarc%C3%ADaArenal\" target=\"_blank\" rel=\"noreferrer noopener\">Mercedes Garc\u00eda-Arenal<\/a><br>ILC-CSIC<\/h4>\n\n\n\n<h4 class=\"wp-block-heading has-text-align-center\"><a href=\"https:\/\/uva.academia.edu\/GerardWiegers\" target=\"_blank\" rel=\"noreferrer noopener\">Gerard Wiegers<\/a><br>University of Amsterdam<\/h4>\n\n\n\n<hr class=\"wp-block-separator has-text-color has-light-gray-blue-color has-alpha-channel-opacity has-light-gray-blue-background-color has-background\"\/>\n\n\n\n<figure class=\"wp-block-image alignwide size-large\"><img data-recalc-dims=\"1\" loading=\"lazy\" decoding=\"async\" width=\"1000\" height=\"327\" src=\"https:\/\/i0.wp.com\/www.alandalusylahistoria.com\/wp-content\/uploads\/2021\/04\/carducho-cabecera.jpg?resize=1000%2C327&#038;ssl=1\" alt=\"\" class=\"wp-image-2761\" srcset=\"https:\/\/i0.wp.com\/www.alandalusylahistoria.com\/wp-content\/uploads\/2021\/04\/carducho-cabecera.jpg?resize=1024%2C335&amp;ssl=1 1024w, https:\/\/i0.wp.com\/www.alandalusylahistoria.com\/wp-content\/uploads\/2021\/04\/carducho-cabecera.jpg?resize=300%2C98&amp;ssl=1 300w, https:\/\/i0.wp.com\/www.alandalusylahistoria.com\/wp-content\/uploads\/2021\/04\/carducho-cabecera.jpg?resize=768%2C251&amp;ssl=1 768w, https:\/\/i0.wp.com\/www.alandalusylahistoria.com\/wp-content\/uploads\/2021\/04\/carducho-cabecera.jpg?w=1134&amp;ssl=1 1134w\" sizes=\"auto, (max-width: 1000px) 100vw, 1000px\" \/><figcaption class=\"wp-element-caption\">Detail of \u201cLa expulsi\u00f3n de los moriscos\u201d by Vicente Carducho (ca. 1627). <a href=\"https:\/\/www.museodelprado.es\/coleccion\/obra-de-arte\/la-expulsion-de-los-moriscos\/c7cc5554-82c3-4d2e-b47a-08e5d2af31c1\" target=\"_blank\" rel=\"noreferrer noopener\">Museo del Prado<\/a>.<\/figcaption><\/figure>\n\n\n\n<hr class=\"wp-block-separator has-text-color has-light-gray-blue-color has-alpha-channel-opacity has-light-gray-blue-background-color has-background\"\/>\n\n\n\n<p class=\"has-text-align-right has-small-font-size wp-block-paragraph\"><strong><a href=\"https:\/\/www.alandalusylahistoria.com\/?p=2755\">Spanish version<\/a><\/strong><\/p>\n\n\n\n<p class=\"wp-block-paragraph\">Between 1609 and 1614 about 300,000 Moriscos were forcibly expelled from Spain, chiefly through the Mediterranean ports, and sent to North Africa. This mass deportation was accomplished with the help of galleys and ships of the royal navy, and was strictly organized by the bureacracy of the Crown. With it the monarchy hoped to end more than a century of what was called \u201cthe Morisco question.\u201d In this article we will analyze the positions of the political and religious authorities, and the factors that led to the solution that was finally found: the forced displacement of an entire religious and social group.<\/p>\n\n\n\n<h2 class=\"wp-block-heading\">The beginnings<\/h2>\n\n\n\n<p class=\"wp-block-paragraph\">The seeds were planted in the years that followed the conquest of Granada in 1492. The capitulations or terms of surrender signed with the Muslim authorities after Ferdinand of Aragon and Isabella of Castile took the city guaranteed that residents of Granada who remained in the Peninsula could continue to follow Islam, although the Christian leadership encouraged the elites, the most prominent families, to emigrate to Morocco. Therefore, for a short time, Granadans were ruled by a statute very similar to the one that had governed the Mudejars (Muslims living in Christian territory) throughout the Middle Ages. But this situation held for only about ten years. Campaigns of conversion and evangelization, repopulation of the kingdom with Christians from the north of Castile, and the subsequent revolts of the Muslim population against those policies ended with the cancelling of the capitulations that the Catholic Monarchs had decreed. It was a time when new powers and new structures were appearing, and in the eyes of the authorities the medieval agreements were no longer viable. In 1502 it was ordered that all Muslims living under the Crown of Castile must convert to Christianity; the Muslims of the Crown of Aragon were forced to convert a little later, in 1526.<\/p>\n\n\n<div class=\"wp-block-image\">\n<figure class=\"aligncenter size-full\"><img data-recalc-dims=\"1\" loading=\"lazy\" decoding=\"async\" width=\"512\" height=\"397\" src=\"https:\/\/i0.wp.com\/www.alandalusylahistoria.com\/wp-content\/uploads\/2018\/11\/capilla-real-Granada-001.jpg?resize=512%2C397&#038;ssl=1\" alt=\"\" class=\"wp-image-694\" srcset=\"https:\/\/i0.wp.com\/www.alandalusylahistoria.com\/wp-content\/uploads\/2018\/11\/capilla-real-Granada-001.jpg?w=512&amp;ssl=1 512w, https:\/\/i0.wp.com\/www.alandalusylahistoria.com\/wp-content\/uploads\/2018\/11\/capilla-real-Granada-001.jpg?resize=300%2C233&amp;ssl=1 300w\" sizes=\"auto, (max-width: 512px) 100vw, 512px\" \/><figcaption class=\"wp-element-caption\">The baptism of the Moriscos. Felipe Bigarny, Capilla Real, Granada, ca. 1521.<\/figcaption><\/figure>\n<\/div>\n\n\n<hr class=\"wp-block-separator has-text-color has-light-gray-blue-color has-alpha-channel-opacity has-light-gray-blue-background-color has-background\"\/>\n\n\n\n<h2 class=\"wp-block-heading\">From Mudejars to Moriscos<\/h2>\n\n\n\n<p class=\"wp-block-paragraph\">The so-called \u201cMorisco question\u201d represented an exceedingly complex problem. The Catholic Monarchs\u2019 policy toward the Moriscos (the name assigned to the newly converted Muslims, roughly meaning \u201cMoorish\u201d from <em>moro <\/em>\u201cMoor\u201d) was tending ever more toward homogenization. Campaigns were launched to convert and assimilate them, while the Inquisition increasingly persecuted them and mainstream society rejected them. A good many nobles protected the Moriscos who lived on their estates, but that turned those tenants into scapegoats in movements of rebellion against the nobles. The situation was broad and complicated, not uniform in time and space, and we cannot explore it here in detail; it involved an array of cultural, religious, and economic factors.<\/p>\n\n\n\n<p class=\"wp-block-paragraph\">All this was happening within the overarching policy of the Spanish Monarchy in the sixteenth century: its goal was to impose the strictures of the Council of Trent throughout its dominions, and to affirm its role and reputation as the champion of Catholicism against the Protestant Reformation and the Ottoman Empire. Above all, from the late fifteenth century onward, its political and religious ideology required that all the king\u2019s subjects prove their allegiance to him by embracing the Catholic faith. Europe in the sixteenth and seventeenth centuries, between the Wars of Religion and the Thirty Years\u2019 War, experienced an era of confessionalization, the unification of each political community around a single faith. All subjects had to profess the same religion as their sovereign.<\/p>\n\n\n\n<p class=\"wp-block-paragraph\">The year 1492, when Granada was conquered, also saw the expulsion of the Jews. The Catholic Monarchs held a messianic belief in the future universal triumph of Christendom and Ferdinand\u2019s role as its new emperor\u2014for a single people, a single shepherd. Even before the forced conversion of the Muslims, other factors related to Jews and Conversos (converts from Judaism) had come into play, and these proved significant when they were extended to the Moriscos and their descendants. Waves of anti-Jewish violence that had begun in 1391 caused many Jews to convert to Christianity throughout the fifteenth century, creating a significant new population of Conversos.<\/p>\n\n\n<div class=\"wp-block-image\">\n<figure class=\"aligncenter size-large\"><img data-recalc-dims=\"1\" loading=\"lazy\" decoding=\"async\" width=\"1000\" height=\"390\" src=\"https:\/\/i0.wp.com\/www.alandalusylahistoria.com\/wp-content\/uploads\/2018\/12\/pSarmiento.jpg?resize=1000%2C390&#038;ssl=1\" alt=\"\" class=\"wp-image-787\" srcset=\"https:\/\/i0.wp.com\/www.alandalusylahistoria.com\/wp-content\/uploads\/2018\/12\/pSarmiento.jpg?resize=1024%2C399&amp;ssl=1 1024w, https:\/\/i0.wp.com\/www.alandalusylahistoria.com\/wp-content\/uploads\/2018\/12\/pSarmiento.jpg?resize=300%2C117&amp;ssl=1 300w, https:\/\/i0.wp.com\/www.alandalusylahistoria.com\/wp-content\/uploads\/2018\/12\/pSarmiento.jpg?resize=768%2C299&amp;ssl=1 768w, https:\/\/i0.wp.com\/www.alandalusylahistoria.com\/wp-content\/uploads\/2018\/12\/pSarmiento.jpg?w=1062&amp;ssl=1 1062w\" sizes=\"auto, (max-width: 1000px) 100vw, 1000px\" \/><figcaption class=\"wp-element-caption\">Beginning of the sentence-statute of Pedro de Sarmiento (Toledo, 1449). Sixteenth-century copy. BNE ms. 9175, fol. 25r.<\/figcaption><\/figure>\n<\/div>\n\n\n<hr class=\"wp-block-separator has-text-color has-light-gray-blue-color has-alpha-channel-opacity has-light-gray-blue-background-color has-background\"\/>\n\n\n\n<p class=\"wp-block-paragraph\">In particular, the \u201cpurity-of-blood\u201d statutes and the Inquisition (the first meant to keep converts out of positions of power or privilege, the second to ensure that converts properly adhered to Catholicism) exaggerated, to a degree never seen before in the Peninsula, the ideas of lineage, of pure blood, and of religion transmitted through blood. A new concept was created, that of the \u201cOld Christian,\u201d which blocked the assimilation of the newly converted and caused them to be suspected and marginalized. It was feared that they would infiltrate and contaminate the body of society. The purity-of-blood statutes, first imposed in Toledo in the mid-fifteenth century, required any aspirant to public or ecclesiastical office to prove that his parents and grandparents had been Old Christians and that he had no Jewish or Muslim ancestors. The same rules were later extended to the judiciary, the universities, and the military orders. In principle the forced conversions had broken down the divisions between confessional groups, but Christian society immediately introduced other filters and motives for exclusion that would keep out anyone who had a converted background. The exaltation of lineage, the obsession with pure blood, and the fear of infiltration and contagion pervade the entire \u201cMorisco problem\u201d both ideologically and socially, and characterize many aspects of the history of Early Modern Spain.<\/p>\n\n\n\n<h2 class=\"wp-block-heading\">The Granadan War and after<\/h2>\n\n\n\n<p class=\"wp-block-paragraph\">The \u201cMorisco question\u201d brought with it a whole range of social and political issues. In 1567 the Moriscos of Granada protested against the policies that sought to suppress their cultural and religious practices, including use of the Arabic language; their views were expressed in a famous petition (<em>Memorial<\/em>) that the Morisco Don Francisco N\u00fa\u00f1ez Muley addressed to the Chancellery in Granada, but to no avail. In 1569 the Granadan Moriscos rose up in revolt in the Alpujarras Mountains, and for two years the former kingdom was ravaged by a ferocious conflict, fought with great cruelty on both sides, that needed Don John of Austria and Spanish troops imported from Flanders to quell it. In fact it was thought of as a second conquest of the kingdom, and created a fear of Moriscos that would never be entirely overcome. When it ended the entire Morisco population of Granada was deported to Castile, deliberately divided into small groups that, however, only increased their resistance. Beginning with the Junta of Lisbon in 1582, and in later sessions of the Cortes, the possibility of expelling all the Moriscos from the Peninsula began to be debated. But such a measure would cause enormous religious, moral, and economic problems. Wouldn\u2019t baptized persons exiled to North Africa become apostates, and add to the number of Spain\u2019s enemies? How to distinguish between Moriscos who continued to practice Islam in secret and those who showed every sign of being good Christians? How to compensate the Aragonese and Valencian nobles who would be ruined by the loss of their tenants? What was to be done with the children?<\/p>\n\n\n<div class=\"wp-block-image\">\n<figure class=\"aligncenter size-large is-resized\"><img decoding=\"async\" src=\"https:\/\/upload.wikimedia.org\/wikipedia\/commons\/b\/bf\/Weiditz_Trachtenbuch_107-108.jpg\" alt=\"\" style=\"width:730px;height:auto\"\/><figcaption class=\"wp-element-caption\">[Morisco dance in an illustration from the <em>Trachtenbuch<\/em> by Christoph Weiditz (ca. 1530), Germanisches Nationalmuseum N\u00fcrnberg, Hs. 22474. <a href=\"https:\/\/commons.wikimedia.org\/wiki\/File:Weiditz_Trachtenbuch_107-108.jpg\" target=\"_blank\" rel=\"noreferrer noopener\">Wikimedia Commons<\/a>.<\/figcaption><\/figure>\n<\/div>\n\n\n<hr class=\"wp-block-separator has-text-color has-light-gray-blue-color has-alpha-channel-opacity has-light-gray-blue-background-color has-background\"\/>\n\n\n\n<p class=\"wp-block-paragraph\">But the main reason that no decision to expel the Moriscos was taken was that King Philip II was never in favor of their expulsion as a collective measure. His policy was to try to assimilate them\u2014while using their repression by the Inquisition as a fundamental strategy\u2014and to block all possible contacts between Moriscos and the Islamic world, for example by forbidding them to leave Spain. These pressures had begun to break down their resistance, and if continued might have weakened their differences with Old Christians and the society\u2019s general suspicion of them, which arose from the Alpujarras War, their contacts with North African corsairs, and their supposed conspiring with the Ottomans. But the persistence of Islam among the Moriscos, denounced continually by the Inquisition and the religious authorities, gave rise to prophecies that connected disasters that befell the Monarchy, such as the defeat of the Armada in 1588, with the survival of Islam in Spain, and foretold even worse evils if no solution were found.<\/p>\n\n\n\n<h2 class=\"wp-block-heading\">The reign of Philip III<\/h2>\n\n\n\n<p class=\"wp-block-paragraph\">After the death of Philip II, the administration of his son Philip III resumed the discussions initiated at the Lisbon Junta of 1582. The new king was soon swayed by influential voices and declared himself in favor of expelling the Moriscos. The issue arose so early in his reign as a response to petitions from the Cortes of Castile. Several years before, in 1592, the Sevillian official Rodrigo S\u00e1nchez Doria had declared the Morisco problem to be a military one that threatened public order: the Morisco population was increasing, and there had been an unsuccessful uprising planned for Saint Peter\u2019s Day in Seville in 1581. But the voice that spoke loudest of all was that of the archbishop of Valencia, Juan de Ribera: he demanded a political solution that would \u201csave\u201d Spain.<\/p>\n\n\n<div class=\"wp-block-image\">\n<figure class=\"aligncenter size-large is-resized\"><img decoding=\"async\" src=\"https:\/\/upload.wikimedia.org\/wikipedia\/commons\/a\/a6\/Portret_van_Juan_de_Ribera%2C_RP-P-1909-5257.jpg\" alt=\"\" style=\"width:488px;height:auto\"\/><figcaption class=\"wp-element-caption\">Portrait of Archbishop Juan de Ribera. <a href=\"https:\/\/commons.wikimedia.org\/wiki\/File:Portret_van_Juan_de_Ribera,_RP-P-1909-5257.jpg\" target=\"_blank\" rel=\"noreferrer noopener\">Wikimedia Commons.<\/a><\/figcaption><\/figure>\n<\/div>\n\n\n<hr class=\"wp-block-separator has-text-color has-light-gray-blue-color has-alpha-channel-opacity has-light-gray-blue-background-color has-background\"\/>\n\n\n\n<p class=\"wp-block-paragraph\">The archbishop\u2019s political aim was to extract from Philip III what he had failed to get from his father: an escape from the \u201closs of Spain,\u201d which Ribera (influenced by the abovementioned prophecies) believed was imminent. The effects of the Moriscos\u2019 \u201ctreachery\u201d had to be avoided, together with divine punishment for Spaniards\u2019 toleration of their \u201capostasy.\u201d Yet the decision to expel them was delayed. Some influential figures still opposed it, for moral, demographic, or economic reasons. They believed that evangelization and assimilation were still possible; that insufficient efforts had been made; that forced conversion had been a mistaken first step and was never supported with adequate measures; that keeping the Moriscos from rising in society made them reject true conversion. There were even a few who favored abolishing the purity-of-blood statutes. But the times did not favor such positions, and they were eventually defeated. Even these more moderate voices accepted the notion that the Moriscos, like all the king\u2019s subjects, had to be good Catholics\u2014they simply preferred to achieve that goal by other means.<\/p>\n\n\n\n<h2 class=\"wp-block-heading\">Choosing expulsion<\/h2>\n\n\n\n<p class=\"wp-block-paragraph\">In this atmosphere of fear that the Moriscos formed a fifth column in Spain, another factor in Philip III\u2019s decision was the utter failure of his proposed conquest of Algiers in September 1601, a blow both to the king and to his trusted adviser the Duke of Lerma. Lerma had planned that action, among others, to increase Spain\u2019s security in the Mediterranean and to enhance its reputation with a military victory. Great hopes had been placed in the expedition, which would have equated Philip with his grandfather the Emperor Ferdinand and even let him triumph where Ferdinand had failed. The humiliating defeat in Algiers helps to explain Philip\u2019s eagerness to solve the Morisco problem: he longed for a particularly brilliant victory that would unite in his person the defense of the faith and success where his glorious ancestors had fallen short. An even stronger motive was a series of peace treaties: one had been signed with England in 1604, and in 1609 the Twelve Years\u2019 Truce assured the future independence of the Low Countries from Spain. At the same time Muley Zidan, a declared enemy of the Spanish Crown who was allied with England and the Dutch Republic, ascended the throne of Morocco.<\/p>\n\n\n\n<p class=\"wp-block-paragraph\">The expulsion of the Moriscos was decreed in that same year of 1609 and began to be implemented at once. It began in the Valencia region, where the Moriscos formed a large minority of the population; they had access to frontiers and coastlines and were suspected of allying themselves with what was then called \u201cthe Turk.\u201d Their expulsion first from Castile and then from Catalonia and Aragon soon followed. In principle, within the Crown of Castile there were exemptions for those who could prove they were good Christians, and for children. As the other territories joined, however, the measures grew harsher and wider ranging. Successive decrees of expulsion expanded to include even those who could prove sincere Christian faith, the Christian spouses in mixed marriages, and finally, and most significantly, children.<\/p>\n\n\n<div class=\"wp-block-image\">\n<figure class=\"aligncenter size-full\"><img data-recalc-dims=\"1\" loading=\"lazy\" decoding=\"async\" width=\"459\" height=\"417\" src=\"https:\/\/i0.wp.com\/www.alandalusylahistoria.com\/wp-content\/uploads\/2021\/04\/carducho-detalle.jpg?resize=459%2C417&#038;ssl=1\" alt=\"\" class=\"wp-image-2760\" srcset=\"https:\/\/i0.wp.com\/www.alandalusylahistoria.com\/wp-content\/uploads\/2021\/04\/carducho-detalle.jpg?w=459&amp;ssl=1 459w, https:\/\/i0.wp.com\/www.alandalusylahistoria.com\/wp-content\/uploads\/2021\/04\/carducho-detalle.jpg?resize=300%2C273&amp;ssl=1 300w\" sizes=\"auto, (max-width: 459px) 100vw, 459px\" \/><figcaption class=\"wp-element-caption\">Detail of \u201cLa expulsi\u00f3n de los moriscos\u201d by Vicente Carducho (ca. 1627). <a href=\"https:\/\/www.museodelprado.es\/coleccion\/obra-de-arte\/la-expulsion-de-los-moriscos\/c7cc5554-82c3-4d2e-b47a-08e5d2af31c1\" target=\"_blank\" rel=\"noreferrer noopener\">Museo del Prado<\/a>.<\/figcaption><\/figure>\n<\/div>\n\n\n<hr class=\"wp-block-separator has-text-color has-light-gray-blue-color has-alpha-channel-opacity has-light-gray-blue-background-color has-background\"\/>\n\n\n\n<p class=\"wp-block-paragraph\">The last decree of expulsion, in 1614, affected the Moriscos of La Mancha and the Valley of Ricote, who had converted voluntarily before 1502 and had enjoyed special privileges from the Catholic Monarchs. Its motivation was no longer religious; it was now a political decision, based on the supposed \u201ctreachery\u201d of an entire sector of the population that was identified as Muslim. That categorization was based on a belief in the Moriscos\u2019 impure blood, which was capable of transmitting religious beliefs and, above all, \u201ctreachery.\u201d<\/p>\n\n\n\n<h2 class=\"wp-block-heading\">The process of expulsion and its consequences<\/h2>\n\n\n\n<p class=\"wp-block-paragraph\">The Moriscos were marched to the coasts and loaded onto ships. After early attempts to send them across the French border, to ensure that they went to Christian lands, that route was gradually abandoned as it became clear that neither France nor Italy would accept the exiles. Many naturally died during the journey; others were assaulted, robbed, and stripped of their belongings on landing in North Africa. A good number lost their children, especially during the early phases when they were forced to leave them behind. Ahmad b. Qasim al-Hajari (Diego Bejarano), a native of Hornachos, tells how the Moriscos of Seville were separated from their children: \u201cthe Sevillians said that the mothers screamed so loudly that it was like the Day of Judgment,\u201d and that on reaching Morocco \u201cthe mothers cannot be consoled, and some of them lose their minds.\u201d<\/p>\n\n\n\n<p class=\"wp-block-paragraph\">A few years later some Moriscos wrote that they had gone willingly and even gladly into exile, which they saw as a providential escape from religious persecution. Most of them settled in Morocco, Algeria, Tunis, or parts of the Ottoman Empire. A good many managed to return to Spain undetected after some time had passed: once the \u201cMorisco problem\u201d was considered solved, the next king, Philip IV, was no longer concerned with them. The economic and demographic consequences of the expulsion were devastating, however. For years Spain debated whether to expel Conversos and Gypsies (Roma) as well, but that idea was eventually abandoned.<\/p>\n\n\n\n<h2 class=\"wp-block-heading\">Historiographic, social, and political debates<\/h2>\n\n\n\n<p class=\"wp-block-paragraph\">The expulsion of the Moriscos generated an impassioned debate in Spain at the time, as well as causing tension with Rome, since the Vatican opposed it. It also gave rise to an important ideological debate among historians known as apologists or defenders of the expulsion, beginning in the early seventeenth century. It strengthened in the late nineteenth century and the first half of the twentieth, as traditionalist Catholic scholars defended the measure against others who stressed the disasters it had caused, its inhumane nature, and how it could have been avoided. D\u00e1nvila y Collado (1889), Boronat y Barrachina (1901) and others tried to prove that the expulsion had been not only inevitable but just and correct, relying on the stereotypes created by the promoters of the expulsion almost three centuries before.<\/p>\n\n\n<div class=\"wp-block-image\">\n<figure class=\"aligncenter size-full\"><img data-recalc-dims=\"1\" loading=\"lazy\" decoding=\"async\" width=\"383\" height=\"581\" src=\"https:\/\/i0.wp.com\/www.alandalusylahistoria.com\/wp-content\/uploads\/2021\/04\/Fonseca_iusta.jpg?resize=383%2C581&#038;ssl=1\" alt=\"\" class=\"wp-image-2764\" srcset=\"https:\/\/i0.wp.com\/www.alandalusylahistoria.com\/wp-content\/uploads\/2021\/04\/Fonseca_iusta.jpg?w=383&amp;ssl=1 383w, https:\/\/i0.wp.com\/www.alandalusylahistoria.com\/wp-content\/uploads\/2021\/04\/Fonseca_iusta.jpg?resize=198%2C300&amp;ssl=1 198w\" sizes=\"auto, (max-width: 383px) 100vw, 383px\" \/><figcaption class=\"wp-element-caption\">Cover of <em><a href=\"https:\/\/books.google.es\/books?id=0RBUAAAAcAAJ&amp;printsec=frontcover&amp;hl=es#v=onepage&amp;q&amp;f=false\" target=\"_blank\" rel=\"noreferrer noopener\">Justa expulsi\u00f3n de los moriscos de Espa\u00f1a<\/a><\/em> by Dami\u00e1n Fonseca (1612)<\/figcaption><\/figure>\n<\/div>\n\n\n<hr class=\"wp-block-separator has-text-color has-light-gray-blue-color has-alpha-channel-opacity has-light-gray-blue-background-color has-background\"\/>\n\n\n\n<p class=\"wp-block-paragraph\">We may now be witnessing a renewal of this debate, not so much among historians as among Spanish and foreign politicians and media. Some, for instance, seeing the ethnic-religious wars in the Balkans, have suggested that Spain did well to avoid such conflicts by carrying out the expulsion when it did. More recently, and from the opposite end of the political spectrum, the expulsion of the Moriscos has been called \u201cgenocide.\u201d That is not an accurate term, it is not suitable to the Spanish situation, and it should not be invoked lightly. Not only because \u201cgenocide\u201d implies an organized effort by a state to physically destroy an entire community, but also because the term carries applications and legal definitions that were debated exhaustively in the 1940s and that limit its utility for describing a given action, no matter how extreme. Even in its most minimal definition, genocide is the systematic annihilation or extermination of a social group for racial, political, or religious reasons. We therefore believe that it cannot be applied to the Moriscos. Spain decided to expel them in a forced and violent manner; it did not determine to kill them. As we have said, the word \u201cgenocide\u201d has legal implications; when applied, it has serious consequences in the form of punishments and reparations. If we use it too loosely we run the risk of watering it down, or of manipulating it in order to obtain those reparations, often in economic form.<\/p>\n\n\n\n<p class=\"wp-block-paragraph\">A contemporary term that we can employ here, however\u2014with all the caution required in applying a modern concept to the past\u2014is \u201cethnic cleansing\u201d: attempting to achieve a supposed ethnic homogeneity in a given territory through deportations and transfers of populations. It is based on the ideological assumption that a nation-state (in modern terms) is identified with a specific ethnic, religious, or political group considered \u201cpure.\u201d We do not mean that \u201cethnic cleansing\u201d is less serious, simply that the expression is better suited to Spain\u2019s basic intent in expelling the Moriscos. Of course their expulsion occurred within the context of \u201cconfessionalization\u201d that prevailed at the time, which was very different from that of newly created nation-states today. At the same time, in the sequence of expulsion measures there was a clear attempt at \u201ccleansing\u201d that gradually abandoned the arguments that were religious, or even political or social. A purity of blood that cannot be achieved even through baptism displays a clear racial or \u201cracist\u201d assumption. In the historiographical debate we have described the racist element is sometimes denied, because discrimination against the Moriscos, and the negative stereotypes about Islam and Islamic culture that attached to them, did not include physical descriptions or references to phenotypes such as skin color, which are important ingredients of the definition of racism today. Still, the notion of the biological transmission of cultural traits or religious beliefs as proof of inferiority ought to be classified as racism.<\/p>\n\n\n\n<p class=\"wp-block-paragraph\">There is no question that the expulsion was an extreme measure that brought terrible human suffering and enormous consequences. But it was never meant to murder all the Moriscos; they were removed forcibly and violently for the ideological purpose of cleansing the \u201cnation\u201d and its \u201cland\u201d in order to \u201csave\u201d it. The term \u201cethnic cleansing\u201d can be a point of departure for a deeper reflection that can be extended into the present. To that end we should lay aside our competing nationalist positions, the ideological definitions of our nation\u2019s past and of the identity of \u201cSpaniards\u201d; we should stop arguing about whether the expulsion was good, bad, or a necessary evil. We are dealing here with belief in a mirage: the idea that homogeneous societies have existed, or might someday exist, and that they would bring us harmony and the absence of conflict. It is a mirage that is rife with dangers.<\/p>\n\n\n\n<hr class=\"wp-block-separator has-text-color has-bright-blue-color has-alpha-channel-opacity has-bright-blue-background-color has-background\"\/>\n\n\n\n<h4 class=\"wp-block-heading\">For further reading:<\/h4>\n\n\n\n<ul class=\"wp-block-list\">\n<li>Ben\u00edtez S\u00e1nchez-Blanco, Rafael. <em>Heroicas decisiones. La monarqu\u00eda cat\u00f3lica y los moriscos valencianos<\/em>. Valencia: Instituci\u00f3 Alfons el Magn\u00e0nim, Diputaci\u00f3 de Val\u00e8ncia, 2001.<\/li>\n\n\n\n<li>Garc\u00eda-Arenal, Mercedes and Gerard Wiegers (eds.). <a href=\"https:\/\/puv.uv.es\/los-moriscos-expulsion-y-diaspora-2a-ed.html\" target=\"_blank\" rel=\"noreferrer noopener\"><em>Los moriscos: expulsi\u00f3n y di\u00e1spora. Una perspectiva internacional<\/em><\/a>. Valencia: Universitat de Valencia, 2013. (Expanded) English translation, <em>The Expulsion of the Moriscos from Spain: A Mediterranean Diaspora. <\/em>Leiden: Brill, 2014.<\/li>\n\n\n\n<li>Garc\u00eda-Arenal, Mercedes and Gerard Wiegers (eds.). <em>Morisco Diaspora and Morisco Networks across the Mediterranean<\/em>. Leiden: Brill, 2024 [forthcoming].<\/li>\n\n\n\n<li>Garc\u00eda-Arenal, Mercedes and Felipe Pereda (eds.). <em>De sangre y leche. Raza y religi\u00f3n en el mundo hisp\u00e1nico moderno. <\/em>Madrid: Marcial Pons, 2021.<\/li>\n\n\n\n<li>Garc\u00eda-Arenal, Mercedes and Yonatan Glazer-Eytan. \u201cForced Conversion and the Reshaping of Judaism, Christianity and Islam: Tradition, Interpretation, History.\u201d In <em>Forced Conversion in Christianity, Judaism and Islam: Coercion and Faith in Premodern Iberia and Beyond<\/em>. Leiden: Brill, 2019, pp. 1-30.<\/li>\n\n\n\n<li>Garrad, Kenneth.\u201cThe Original Memorial of Don Francisco N\u00fa\u00f1ez Muley.\u201d <em>Atlante<\/em> 2, no. 4 (1954): 199-226.<\/li>\n\n\n\n<li>al-Hajari, Ahmad b. Qasim [Diego Bejarano]. <em>Kitab N\u00e2\u1e63ir al-D\u00een \u2018Al\u00e2 \u2018l-Qawm al-K\u00e2fir\u00een (The supporter of religion against the infidel). <\/em>General introduction, critical edition and translation by S. van Koningsveld, Q. al-Samarrai and G.A.Wiegers.Madrid: CSIC, 2015. Arabic translation by Jaafar ben al-Hajj al-Sulami, Tetouan, 2019. Spanish translation of <em>Kit\u00e2b N\u00e2\u1e63ir al-D\u00een<\/em> by Adil Barrada and Celia T\u00e9llez,<em> El Periplo de al-\u1e24ayar\u00ee. <\/em>Madrid: Diwan Mayrit, 2019.<\/li>\n\n\n\n<li>Lomas Cort\u00e9s, Manuel. <em>El proceso de expulsi\u00f3n de los moriscos de Espa\u00f1a (1609-1614).<\/em> Biblioteca de estudios moriscos 8. Valencia: Universitat de Val\u00e8ncia, 2011.<\/li>\n<\/ul>\n","protected":false},"excerpt":{"rendered":"<p>Mercedes Garc\u00eda-Arenal &#038; Gerard Wiegers<\/p>\n","protected":false},"author":11,"featured_media":2760,"comment_status":"closed","ping_status":"closed","sticky":false,"template":"","format":"standard","meta":{"_crdt_document":"","jetpack_post_was_ever_published":false,"footnotes":""},"categories":[418],"tags":[293,294,295,84],"coauthors":[262],"class_list":{"0":"post-4679","1":"post","2":"type-post","3":"status-publish","4":"format-standard","5":"has-post-thumbnail","6":"hentry","7":"category-english","8":"tag-expulsion-de-los-moriscos","9":"tag-genocidio","10":"tag-limpieza-etnica","11":"tag-moriscos","13":"fallback-thumbnail"},"jetpack_featured_media_url":"https:\/\/i0.wp.com\/www.alandalusylahistoria.com\/wp-content\/uploads\/2021\/04\/carducho-detalle.jpg?fit=459%2C417&ssl=1","_links":{"self":[{"href":"https:\/\/www.alandalusylahistoria.com\/index.php?rest_route=\/wp\/v2\/posts\/4679","targetHints":{"allow":["GET"]}}],"collection":[{"href":"https:\/\/www.alandalusylahistoria.com\/index.php?rest_route=\/wp\/v2\/posts"}],"about":[{"href":"https:\/\/www.alandalusylahistoria.com\/index.php?rest_route=\/wp\/v2\/types\/post"}],"author":[{"embeddable":true,"href":"https:\/\/www.alandalusylahistoria.com\/index.php?rest_route=\/wp\/v2\/users\/11"}],"replies":[{"embeddable":true,"href":"https:\/\/www.alandalusylahistoria.com\/index.php?rest_route=%2Fwp%2Fv2%2Fcomments&post=4679"}],"version-history":[{"count":5,"href":"https:\/\/www.alandalusylahistoria.com\/index.php?rest_route=\/wp\/v2\/posts\/4679\/revisions"}],"predecessor-version":[{"id":4741,"href":"https:\/\/www.alandalusylahistoria.com\/index.php?rest_route=\/wp\/v2\/posts\/4679\/revisions\/4741"}],"wp:featuredmedia":[{"embeddable":true,"href":"https:\/\/www.alandalusylahistoria.com\/index.php?rest_route=\/wp\/v2\/media\/2760"}],"wp:attachment":[{"href":"https:\/\/www.alandalusylahistoria.com\/index.php?rest_route=%2Fwp%2Fv2%2Fmedia&parent=4679"}],"wp:term":[{"taxonomy":"category","embeddable":true,"href":"https:\/\/www.alandalusylahistoria.com\/index.php?rest_route=%2Fwp%2Fv2%2Fcategories&post=4679"},{"taxonomy":"post_tag","embeddable":true,"href":"https:\/\/www.alandalusylahistoria.com\/index.php?rest_route=%2Fwp%2Fv2%2Ftags&post=4679"},{"taxonomy":"author","embeddable":true,"href":"https:\/\/www.alandalusylahistoria.com\/index.php?rest_route=%2Fwp%2Fv2%2Fcoauthors&post=4679"}],"curies":[{"name":"wp","href":"https:\/\/api.w.org\/{rel}","templated":true}]}}