{"id":4644,"date":"2024-03-01T09:09:00","date_gmt":"2024-03-01T08:09:00","guid":{"rendered":"https:\/\/www.alandalusylahistoria.com\/?p=4644"},"modified":"2024-02-29T11:29:53","modified_gmt":"2024-02-29T10:29:53","slug":"arqueologia-de-las-navas-de-tolosa","status":"publish","type":"post","link":"https:\/\/www.alandalusylahistoria.com\/?p=4644","title":{"rendered":"Arqueolog\u00eda de Las Navas de Tolosa"},"content":{"rendered":"\n<h3 class=\"wp-block-heading has-text-align-center\">\u00bfQu\u00e9 nos dice la Arqueolog\u00eda acerca de la batalla de Las Navas de Tolosa? En esta conferencia de Irene Montilla Torres, Juan Carlos Castillo Armenteros, Juan Pedro Bell\u00f3n Ruiz , Mercedes Navarro P\u00e9rez, Miguel \u00c1ngel Lechuga Chica y Vicente Salvatierra Cuenca (Universidad de Ja\u00e9n). \u00c1lvaro Soler del Campo (Conservador de la Real Armer\u00eda, Patrimonio Nacional) y Manuel Retuerce Velasco (Universidad Complutense de Madrid) nos acercamos a este fascinante tema<\/h3>\n\n\n\n<figure class=\"wp-block-embed aligncenter is-type-video is-provider-youtube wp-block-embed-youtube wp-embed-aspect-16-9 wp-has-aspect-ratio\"><div class=\"wp-block-embed__wrapper\">\n<iframe loading=\"lazy\" title=\"Una mirada arqueol\u00f3gica a la Batalla de Las Navas de Tolosa\" width=\"1000\" height=\"563\" src=\"https:\/\/www.youtube.com\/embed\/eHqRp920F-Y?feature=oembed\" frameborder=\"0\" allow=\"accelerometer; autoplay; clipboard-write; encrypted-media; gyroscope; picture-in-picture; web-share\" allowfullscreen><\/iframe>\n<\/div><\/figure>\n","protected":false},"excerpt":{"rendered":"<p>\u00bfQu\u00e9 nos dice la Arqueolog\u00eda acerca de la batalla de Las Navas de Tolosa? En esta conferencia de Irene Montilla Torres, Juan Carlos Castillo Armenteros, Juan Pedro Bell\u00f3n Ruiz , Mercedes Navarro P\u00e9rez, Miguel \u00c1ngel Lechuga Chica y Vicente Salvatierra Cuenca (Universidad de Ja\u00e9n). \u00c1lvaro Soler del Campo (Conservador de la Real Armer\u00eda, Patrimonio Nacional) y Manuel Retuerce Velasco (Universidad Complutense de Madrid) nos acercamos a este fascinante tema<\/p>\n","protected":false},"author":11,"featured_media":4145,"comment_status":"closed","ping_status":"closed","sticky":false,"template":"","format":"standard","meta":{"_crdt_document":"","jetpack_post_was_ever_published":false,"footnotes":""},"categories":[13],"tags":[390,91,338,391,188,419],"coauthors":[262],"class_list":{"0":"post-4644","1":"post","2":"type-post","3":"status-publish","4":"format-standard","5":"has-post-thumbnail","6":"hentry","7":"category-multimedia","8":"tag-alfonso-viii","9":"tag-almohades","10":"tag-arqueologia","11":"tag-batallas","12":"tag-guerra","13":"tag-navas-de-tolosa","15":"fallback-thumbnail"},"jetpack_featured_media_url":"https:\/\/i0.wp.com\/www.alandalusylahistoria.com\/wp-content\/uploads\/2023\/05\/Cantiga_181-recorte.jpg?fit=642%2C1257&ssl=1","_links":{"self":[{"href":"https:\/\/www.alandalusylahistoria.com\/index.php?rest_route=\/wp\/v2\/posts\/4644","targetHints":{"allow":["GET"]}}],"collection":[{"href":"https:\/\/www.alandalusylahistoria.com\/index.php?rest_route=\/wp\/v2\/posts"}],"about":[{"href":"https:\/\/www.alandalusylahistoria.com\/index.php?rest_route=\/wp\/v2\/types\/post"}],"author":[{"embeddable":true,"href":"https:\/\/www.alandalusylahistoria.com\/index.php?rest_route=\/wp\/v2\/users\/11"}],"replies":[{"embeddable":true,"href":"https:\/\/www.alandalusylahistoria.com\/index.php?rest_route=%2Fwp%2Fv2%2Fcomments&post=4644"}],"version-history":[{"count":1,"href":"https:\/\/www.alandalusylahistoria.com\/index.php?rest_route=\/wp\/v2\/posts\/4644\/revisions"}],"predecessor-version":[{"id":4645,"href":"https:\/\/www.alandalusylahistoria.com\/index.php?rest_route=\/wp\/v2\/posts\/4644\/revisions\/4645"}],"wp:featuredmedia":[{"embeddable":true,"href":"https:\/\/www.alandalusylahistoria.com\/index.php?rest_route=\/wp\/v2\/media\/4145"}],"wp:attachment":[{"href":"https:\/\/www.alandalusylahistoria.com\/index.php?rest_route=%2Fwp%2Fv2%2Fmedia&parent=4644"}],"wp:term":[{"taxonomy":"category","embeddable":true,"href":"https:\/\/www.alandalusylahistoria.com\/index.php?rest_route=%2Fwp%2Fv2%2Fcategories&post=4644"},{"taxonomy":"post_tag","embeddable":true,"href":"https:\/\/www.alandalusylahistoria.com\/index.php?rest_route=%2Fwp%2Fv2%2Ftags&post=4644"},{"taxonomy":"author","embeddable":true,"href":"https:\/\/www.alandalusylahistoria.com\/index.php?rest_route=%2Fwp%2Fv2%2Fcoauthors&post=4644"}],"curies":[{"name":"wp","href":"https:\/\/api.w.org\/{rel}","templated":true}]}}