{"id":4628,"date":"2024-02-23T11:41:45","date_gmt":"2024-02-23T10:41:45","guid":{"rendered":"https:\/\/www.alandalusylahistoria.com\/?p=4628"},"modified":"2024-04-24T13:03:58","modified_gmt":"2024-04-24T11:03:58","slug":"reconquista-a-tendentious-and-simplistic-concept","status":"publish","type":"post","link":"https:\/\/www.alandalusylahistoria.com\/?p=4628","title":{"rendered":"\u00abReconquista\u00bb, a tendentious and simplistic concept"},"content":{"rendered":"\n<h3 class=\"wp-block-heading has-text-align-center\">The heavy burden of poisonous Catholic Nationalist ideology borne by the concept of <em>Reconquista<\/em> is one of the main reasons for rejecting this concept altogether<\/h3>\n\n\n\n<hr class=\"wp-block-separator has-text-color has-light-gray-blue-color has-alpha-channel-opacity has-light-gray-blue-background-color has-background\"\/>\n\n\n\n<h4 class=\"wp-block-heading has-text-align-center\"><a href=\"http:\/\/www.alandalusylahistoria.com\/?page_id=240\" target=\"_blank\" rel=\"noreferrer noopener\"><strong>Alejandro Garc\u00eda Sanju\u00e1n<\/strong><\/a><br>Universidad de Huelva<\/h4>\n\n\n\n<hr class=\"wp-block-separator has-text-color has-light-gray-blue-color has-alpha-channel-opacity has-light-gray-blue-background-color has-background\"\/>\n\n\n\n<figure class=\"wp-block-image alignwide size-large\"><img data-recalc-dims=\"1\" loading=\"lazy\" decoding=\"async\" width=\"1000\" height=\"365\" src=\"https:\/\/i0.wp.com\/www.alandalusylahistoria.com\/wp-content\/uploads\/2018\/09\/lareconquista1873.jpg?resize=1000%2C365&#038;ssl=1\" alt=\"\" class=\"wp-image-522\" srcset=\"https:\/\/i0.wp.com\/www.alandalusylahistoria.com\/wp-content\/uploads\/2018\/09\/lareconquista1873.jpg?resize=1024%2C374&amp;ssl=1 1024w, https:\/\/i0.wp.com\/www.alandalusylahistoria.com\/wp-content\/uploads\/2018\/09\/lareconquista1873.jpg?resize=300%2C110&amp;ssl=1 300w, https:\/\/i0.wp.com\/www.alandalusylahistoria.com\/wp-content\/uploads\/2018\/09\/lareconquista1873.jpg?resize=768%2C281&amp;ssl=1 768w, https:\/\/i0.wp.com\/www.alandalusylahistoria.com\/wp-content\/uploads\/2018\/09\/lareconquista1873.jpg?w=1666&amp;ssl=1 1666w\" sizes=\"auto, (max-width: 1000px) 100vw, 1000px\" \/><figcaption class=\"wp-element-caption\">Header of the Carlist newspaper <em>La Reconquista<\/em>, February 10, 1873.<\/figcaption><\/figure>\n\n\n\n<hr class=\"wp-block-separator has-text-color has-light-gray-blue-color has-alpha-channel-opacity has-light-gray-blue-background-color has-background\"\/>\n\n\n\n<p class=\"has-text-align-right has-small-font-size wp-block-paragraph\"><strong><a href=\"https:\/\/www.alandalusylahistoria.com\/?p=508\">Spanish version<\/a><\/strong><\/p>\n\n\n\n<p class=\"wp-block-paragraph\">In Spain, the concept of <em>Reconquista<\/em> has traditionally been considered the starting point of any attempt to explain medieval Iberia, and one that fully articulates the historical process that unfolded between the eighth and fifteenth centuries, from the 711 Islamic conquest to the 1492 conquest of the Nasrid Emirate of Granada by the Catholic Monarchs.<\/p>\n\n\n\n<p class=\"wp-block-paragraph\">The concept enjoyed wide scholarly success over much of the 20th century thanks to the work of the well-known Spanish historian Claudio S\u00e1nchez-Albornoz (1893-1984). The ever-increasing vehemence with which he extolled the <em>Reconquista<\/em> over the course of his scholarly career, brought it to prominence as one of the keys to the history of Spain. Given the strong influence of Catholicism and Nationalism in his scholarship, it would not be an exaggeration to brand him as the most vocal representative of National Catholic historical writing. The highly ideological nature of his work notwithstanding, much of later Spanish scholarship built on his work and uncritically followed up on his approach to <em>Reconquista<\/em>.<\/p>\n\n\n\n<p class=\"wp-block-paragraph\">On the grounds that the notion of <em>Reconquista<\/em> still remains all-pervasive and influential, both in academic and non-academic circles, I believe that there are reasons to call it into question. In what follows, my aim is to provide an overview of some of these reasons which, to my mind, justify a much more critical approach.<\/p>\n\n\n\n<h2 class=\"wp-block-heading\">The Christian project to conquer al-Andalus in medieval texts<\/h2>\n\n\n\n<p class=\"wp-block-paragraph\">Early in the 8th century, in the wake of the Islamic conquest of Iberia, Latin sources produced in the territories of Northern Iberia outside Islamic control called for a fight against the Muslims and for their eventual expulsion. These texts were written by Christian clerics in the service of the emerging Northern Iberian polities, which were trying to consolidate their authority in the face of the much more powerful Umayyad rulers of C\u00f3rdoba.<\/p>\n\n\n\n<p class=\"wp-block-paragraph\">The earliest expression of this idea appears in sources coming from the court of Oviedo, the capital city of the Kingdom of Asturias. As a late ninth-century chronicle points out, the Christians wage war against the Muslims by day and night \u00abuntil divine predestination commands that they be driven cruelly thence\u00bb (<em>Cr\u00f3nica Albeldense<\/em>, completed in 881; transl. J. O\u2019Callaghan).<\/p>\n\n\n\n<p class=\"wp-block-paragraph\">Later 11th-century Arabic texts reveal a clear Islamic awareness of the Christian project for the wiping out of the Muslims. The so-called Memoires of \u201bAbd All\u0101h, the last Zirid ruler of the Berber taifa of Granada, includes one of the most its eloquent renderings. On the occasion of his visit to Granada, Sisnando, acting as the vizier of King Alfonso VI of Castile and Le\u00f3n, told \u201bAbd All\u0101h the following:<\/p>\n\n\n\n<blockquote class=\"wp-block-quote is-layout-flow wp-block-quote-is-layout-flow\">\n<p class=\"wp-block-paragraph\">\u00abI was fully aware of his policy because his waz\u012brs had informed me of it. I was told as much by Sisnando in the course of this campaign: \u2018Al-Andalus originally belonged to the Christians. Then they were defeated by the Arabs and driven to the most inhospitable region, Jill\u012bqiya. Now that they are strong and capable, the Christians desire to recover what they have lost by force. This can only be achieved by weakness and encroachment. In the long run, when it has neither men nor money, we\u2019ll be able to recover it without any difficulty\u00bb (Tibi, 1986: 90).<\/p>\n<\/blockquote>\n\n\n\n<p class=\"wp-block-paragraph\">There is a second, very similar, text, also composed in the 11th century, although it was recorded by a much later Arabic author, the Maghrebi chronicler Ibn \u201bIdh\u0101r\u012b. In this case, King Ferdinand I, Count of Castile and King of Le\u00f3n, informed the people of Toledo of the tributes and taxes they owed him. As usual in the Taifa context, the Muslims argued they did not have so much money and showed some reluctance to pay, to which the King replied:<\/p>\n\n\n\n<blockquote class=\"wp-block-quote is-layout-flow wp-block-quote-is-layout-flow\">\n<p class=\"wp-block-paragraph\">\u00abWe seek only our own lands which you conquered from us in times past at the beginning of your history. Now you have dwelled in them for the time allotted to you and we have become victorious over you as a result of your own wickedness. So go to your own side of the straits (of Gibraltar) and leave our lands to us, for no good will come to you from dwelling here with us after today. For we shall not hold back from you until God decides between us\u00bb (Wasserstein, 1985: 250).<\/p>\n<\/blockquote>\n\n\n\n<p class=\"wp-block-paragraph\">These and many other similar texts offer compelling evidence for the Christian project of capturing Islamic Iberian territory and eventually driving the Muslims out of their lands, a well-documented historical reality apparently resistant to any objection to the concept of <em>Reconquista<\/em>. Yet modern Spanish scholarship has traditionally understood something very different by <em>Reconquista<\/em>, which covers the medieval idea of legitimate conquest but, most importantly, goes much further to draw on a heavily nationalist approach. Therefore the medieval idea of a legitimate takeover of Islamic territories and the modern scholarly concept of <em>Reconquista<\/em> should not by any means be conflated.<\/p>\n\n\n\n<h2 class=\"wp-block-heading\"><em>Reconquista<\/em> in modern scholarship<\/h2>\n\n\n\n<p class=\"wp-block-paragraph\">To begin with, the first difference between the medieval and the modern concepts is their use of vocabulary. With a few, rare exceptions, the word <em>reconquista<\/em> (or its Latin equivalents) is hardly ever used to name the project of capturing al-Andalus. Therefore, <em>reconquista<\/em> is not a medieval word naming the war against the Muslims, nor does it represent the ideology on which that project would have been based.<\/p>\n\n\n\n<p class=\"wp-block-paragraph\">Those in favour of the notion of <em>Reconquista<\/em> argue with the difference between name and concept: while the word certainly hardly ever appears in medieval texts, the idea does, however, appear in the sources. This is a problematic approach. As the Mexican historian M. R\u00edos pointed out, \u00abthe concept did not appear in the Middle Ages, but in the 19th century. And words can only name and describe things that exist: if the word reconquest hardly ever named the conflict between the Christian kingdoms and al-Andalus before the 18th century, it is because the concept itself did not exist either\u00bb (R\u00edos Saloma, 2011: 324).<\/p>\n\n\n\n<p class=\"wp-block-paragraph\">A quick glance at some of the most popular definitions of the concept might be helpful in appreciating the soundness of R\u00edos\u2019 argument. Let\u2019s look, first, at the most basic definition. The earliest inclusion of the idea of <em>Reconquista<\/em> (within the specific medieval framework) in the dictionary of the Royal Spanish Academy came very late, in 1936, and it read as follows: \u00abrecovery of the Spanish territory invaded by the Muslims which ended up with the 1492 taking of Granada\u00bb.<\/p>\n\n\n\n<p class=\"wp-block-paragraph\">The notion of \u00abrecovery of invaded Spanish territory\u00bb raises two issues: first, that Spain already existed at the time of the Islamic conquest and, second, that the Muslims illegitimately seized that territory. This definition stands as an extremely accurate rendering of the prevailing idea of <em>Reconquista<\/em> at that time and perfectly fits within the ideological National Catholic framework. Small wonder then, that Franco took up the notion of <em>Reconquista<\/em> to legitimize his 1936 coup d\u2019\u00e9tat against the Republic, becoming \u00abcaudillo de la nueva Reconquista\u00bb (leader of the new <em>Reconquista<\/em>), according to a well-known poem by Manuel Machado: if the medieval <em>Reconquista<\/em> freed \u00abSpain\u00bb from the Moors, Franco did the same in the case of reds, atheists, and Freemasons.<\/p>\n\n\n\n<p class=\"wp-block-paragraph\">As we have already mentioned, S\u00e1nchez-Albornoz was another glaring instance of the compatibility between <em>Reconquista<\/em> and National Catholicism, and this narrow connection could hardly be considered as a mere fluke. Far from being a medieval notion, <em>Reconquista<\/em> first surfaces as the product of 19th-century National Catholic thinking.<\/p>\n\n\n\n<p class=\"wp-block-paragraph\">Its heavy ideological burden represents a serious argument when it comes to calling into question the notion of <em>Reconquista<\/em> as a valid and legitimate scholarly concept. Claiming that National Catholicism vanished with the end of Francoism, some specialists currently plead for a neutral version of the concept, stripped of its ideological burden. In reality, this is a highly debatable and problematic argument. While it holds true that Francoist National Catholicism no longer represents the prevalent ideological framework, the toxicity of<em> Reconquista<\/em> has not lost its force. In the last few years, it has been replanted in new and more fertile ideological ground, the Clash of Civilizations. A quick glance at social media would be more than enough to show that <em>Reconquista<\/em> has of late become a key feature <a href=\"https:\/\/www.eldiario.es\/andalucia\/en-abierto\/don-pelayo-nueva-zelanda_132_1646922.html\" target=\"_blank\" rel=\"noreferrer noopener\">of far-right and white supremacism worldwide<\/a>.<\/p>\n\n\n\n<p class=\"wp-block-paragraph\">In Spain, on the other hand, the traditional idea of the <em>Reconquista<\/em> as a national liberation struggle remains live in the scholarly arena. Such is the case, for instance, of Seraf\u00edn Fanjul\u2019s <em>Al-Andalus contra Espa\u00f1a. La forja del mito<\/em> (2000), in which the author claims that \u00abin no other European country did the need to wage war against the infidels feel a collective task to the extent that it did in Spain. \u00abGreat and small men alike knew that historical restoration required a long-term effort\u00bb (Fanjul, 2000). Describing \u00abthe war against the infidels\u00bb in terms of a \u00abcollective endeavour\u00bb acknowledged by both \u00abgreat and small\u00bb is merely an updated reformulation of the <em>Reconquista<\/em> in terms of a national liberation struggle. Such a \u00abcollective endeavour\u00bb, in fact, never existed, since warfare remained an exclusive matter of the social elite, namely, kings, noblemen, and clerics.<\/p>\n\n\n\n<p class=\"wp-block-paragraph\">Fanjul cannot be considered a unique case. A few years ago, the medievalist J. Valde\u00f3n released a book eloquently titled <em>La Reconquista. El concepto de Espa\u00f1a: unidad y diversidad<\/em> (2006). It is rather hard to avoid feeling that the connection between the <em>Reconquista<\/em> and the idea of Spain remains in force in current Spanish scholarship. This connection becomes ever more widespread outside the academy and remains fully in force among large social, political, and media outlets. This is, for instance, suggested by the recent book <em>La Reconquista y Espa\u00f1a<\/em> (2018), by a well-known far-right pseudo-historian.<\/p>\n\n\n\n<p class=\"wp-block-paragraph\">To my mind, the <em>Reconquista<\/em> could be arguably compared to Francoism: upon the dictator&#8217;s demise, many thought his ideology would eventually fade away. In fact, as we well know, Franco died in 1975, but not Francoism.<\/p>\n\n\n\n<h2 class=\"wp-block-heading\">The <em>Reconquista<\/em> in the face of complex medieval historical reality<\/h2>\n\n\n\n<p class=\"wp-block-paragraph\">In its National Catholic nature, the idea of <em>Reconquista<\/em> departs from historical reality and, therefore, is of scarcely any value in understanding it. In what follows, I will attempt to provide an overview of the main reasons why the <em>Reconquista<\/em> can no longer be considered a valid scholarly notion.<\/p>\n\n\n\n<p class=\"wp-block-paragraph\">The traditional notion of <em>Reconquista<\/em> regards the Islamic presence in the Peninsula as simply the object of conquest and this inevitably leads to ignoring or marginalising the Islamic side of the story. Reducing medieval Iberia to a project for the expulsion of the Muslims is an extremely simplistic approach and results in a biased and one-sided narrative. A clearer understanding of the historical process entails paying the same attention to both societies.<\/p>\n\n\n\n<p class=\"wp-block-paragraph\">Further, does not speaking in terms of \u00abre-conquest\u00bb instead of simply, \u00abconquest\u00bb, ultimately involve an unconscious and unintentional legitimation of the Christian ideological project? Thus the notion of <em>Reconquista<\/em> leads easily into delegitimization of the Islamic presence and legitimation of its destruction, which might well be considered at odds with the mere possibility of that \u00abneutral\u00bb version for which some of its current proponents plead, indicating instead their inherent bias.<\/p>\n\n\n\n<p class=\"wp-block-paragraph\">Overlooking the extremely complex nature of medieval Iberia has had unfavourable consequences for historical knowledge. Unflinchingly clinging to the notion of <em>Reconquista<\/em>, the scholarly field of Spanish medieval studies has largely ignored the Islamic side of the story, thus dismissing a substantial part of its logical field of research. While this situation has changed over the last few years, the fact remains that the vast majority of experts are engaged in the study of Christian Iberia, while al-Andalus is still a marginal presence. Even into the 21st century, this awkward problem continues to have serious negative effects on scholarship.<\/p>\n\n\n\n<p class=\"wp-block-paragraph\">Similarly, the notion of <em>Reconquista<\/em> tends to see the historical process as a falsely linear one, which obviously raises further problems. The project of ending Muslim rule over the Peninsula could not be achieved without hesitations, changes, and strategic alliances. As early as 1921, J. Ortega y Gasset argued against the unbroken continuity and unity of such a long-drawn-out historical process by claiming: \u00abI do not see how you can call a thing a Reconquest when it lasted eight centuries\u00bb (Ortega y Gasset, 1974: 80). The false continuity introduced by the idea of <em>Reconquista<\/em> mitigates against the extremely complex reality of the medieval period, which is another good reason to call it into question.<\/p>\n\n\n\n<p class=\"wp-block-paragraph\">The notion of <em>Reconquista<\/em> is not just a gross oversimplification, but a misrepresentation of the medieval Iberian historical process and, more specifically, of the Christian conquest of al-Andalus. This is particularly true in the case of cities such as Murcia, Almer\u00eda o Badajoz, founded by the Muslims: on what grounds can we speak in terms of \u00abreconquest\u00bb when dealing with cities which in fact were never \u00abconquered\u00bb but were built after the arrival of Islam in 711? In all likelihood, Granada stands as the most significant case in point: founded by the Muslims, its conquest by the Catholic Monarchs in 1492 has been traditionally considered as the culmination of the <em>Reconquista<\/em>.<\/p>\n\n\n\n<p class=\"wp-block-paragraph\">This approach becomes even more of a distortion when, as often happens, a narrow association is made between the conquest of al-Andalus and the restoration of Iberian unity. Albeit that the project of eradicating the Muslims involved a sense of territorial unification, it is equally true that this could never be achieved. However effective the political unification reached by the Visigothic monarchy might have been, Hispania became a highly splintered territory after 711 and division remained a key feature across the medieval period and beyond. Even the dynastic union between the Crowns of Castile and Aragon achieved by the Catholic Monarchs late in the 15th century did not overcome Hispania\u2019s division, because Portugal had been firmly established as an independent kingdom since the 12th century.<\/p>\n\n\n\n<p class=\"wp-block-paragraph\">The former Roman and Visigothic Hispania never regained political unity after 711. With the aim of setting an unbroken continuity between Hispania and Spain, 19th-century Spanish nationalism brought in the concept of <em>Reconquista<\/em>, which was highly misleading, because such continuity is purely fictional and does not correspond with historical reality. Hispania and Spain remained largely different historical entities; the Christian conquest of al-Andalus did not succeed in overcoming the rupture between them.<\/p>\n\n\n\n<p class=\"wp-block-paragraph\">In short, the <em>Reconquista<\/em> is, at best, an oversimplifying and biased concept which accounts only for the Christian perspective on the medieval Iberian historical process, ignoring the Islamic side of the story. What is even worse, at its most ideological, the concept represents the fullest expression of the National Catholic myth of the origins of Spain, still heavily burdened with a highly toxic ideology that feeds into sectarian and xenophobic political agendas. On both these counts, it seems reasonable to drop, once and for all, the idea of <em>Reconquista<\/em>.<\/p>\n\n\n\n<hr class=\"wp-block-separator has-text-color has-bright-blue-color has-alpha-channel-opacity has-bright-blue-background-color has-background\"\/>\n\n\n\n<h4 class=\"wp-block-heading\">Works cited:<\/h4>\n\n\n\n<ul class=\"wp-block-list\">\n<li>Fanjul. S. 2000. <em>Andalus contra Espa\u00f1a. La forja del mito<\/em>. Madrid: Siglo XXI.<\/li>\n\n\n\n<li>Gerli, E. M. 2003. <em>Medieval Iberia. An Encyclopedia<\/em>. Routledge.<\/li>\n\n\n\n<li>Ortega y Gasset, J. 1974. <em>Invertebrate Spain<\/em>. New York: Howard Ferting.<\/li>\n\n\n\n<li>R\u00edos Saloma, M. F. 2011. <em>La Reconquista: una construcci\u00f3n historiogr\u00e1fica, siglos XVI-XIX<\/em>. Madrid: Marcial Pons.<\/li>\n\n\n\n<li>Tibi, A. T. 1986. <em>The Tiby\u0101n. Memoirs of \u2018Abd All\u0101h b. Bulugg\u012bn, last Z\u012brid Am\u012br of Granada<\/em>. Leiden: Brill.<\/li>\n\n\n\n<li>Wasserstein, D. 1985. <em>The Rise and Fall of the Party Kings. Politics and Society in Islamic Spain, 1002-1086<\/em>. Princeton University Press.<\/li>\n<\/ul>\n\n\n\n<h4 class=\"wp-block-heading\">Further reading:<\/h4>\n\n\n\n<ul class=\"wp-block-list\">\n<li>Garc\u00eda-Sanju\u00e1n, A. 2020. \u00ab<a href=\"https:\/\/doi.org\/10.21001\/itma.2020.14.04\">Weaponizing Historical Knowledge: The Notion of <em>Reconquista<\/em> in Spanish Nationalism<\/a>\u00ab, <em>Imago Temporis. Medium Aevum<\/em> 14: 133-162. <\/li>\n\n\n\n<li>Garc\u00eda-Sanju\u00e1n, A. 2020. Writing the History of al-Andalus: Spain and the West. M. Fierro (ed.): <em>The Routledge Handbook of Muslim Iberia<\/em>. Routledge: 620-637.<\/li>\n<\/ul>\n","protected":false},"excerpt":{"rendered":"<p>Alejandro Garc\u00eda Sanju\u00e1n<\/p>\n","protected":false},"author":5,"featured_media":522,"comment_status":"closed","ping_status":"closed","sticky":false,"template":"","format":"standard","meta":{"_crdt_document":"","jetpack_post_was_ever_published":false,"footnotes":""},"categories":[23,418],"tags":[37,58,56],"coauthors":[330],"class_list":{"0":"post-4628","1":"post","2":"type-post","3":"status-publish","4":"format-standard","5":"has-post-thumbnail","6":"hentry","7":"category-conceptos","8":"category-english","9":"tag-historiografia","10":"tag-nacionalcatolicismo","11":"tag-reconquista","13":"fallback-thumbnail"},"jetpack_featured_media_url":"https:\/\/i0.wp.com\/www.alandalusylahistoria.com\/wp-content\/uploads\/2018\/09\/lareconquista1873.jpg?fit=1666%2C609&ssl=1","_links":{"self":[{"href":"https:\/\/www.alandalusylahistoria.com\/index.php?rest_route=\/wp\/v2\/posts\/4628","targetHints":{"allow":["GET"]}}],"collection":[{"href":"https:\/\/www.alandalusylahistoria.com\/index.php?rest_route=\/wp\/v2\/posts"}],"about":[{"href":"https:\/\/www.alandalusylahistoria.com\/index.php?rest_route=\/wp\/v2\/types\/post"}],"author":[{"embeddable":true,"href":"https:\/\/www.alandalusylahistoria.com\/index.php?rest_route=\/wp\/v2\/users\/5"}],"replies":[{"embeddable":true,"href":"https:\/\/www.alandalusylahistoria.com\/index.php?rest_route=%2Fwp%2Fv2%2Fcomments&post=4628"}],"version-history":[{"count":5,"href":"https:\/\/www.alandalusylahistoria.com\/index.php?rest_route=\/wp\/v2\/posts\/4628\/revisions"}],"predecessor-version":[{"id":4746,"href":"https:\/\/www.alandalusylahistoria.com\/index.php?rest_route=\/wp\/v2\/posts\/4628\/revisions\/4746"}],"wp:featuredmedia":[{"embeddable":true,"href":"https:\/\/www.alandalusylahistoria.com\/index.php?rest_route=\/wp\/v2\/media\/522"}],"wp:attachment":[{"href":"https:\/\/www.alandalusylahistoria.com\/index.php?rest_route=%2Fwp%2Fv2%2Fmedia&parent=4628"}],"wp:term":[{"taxonomy":"category","embeddable":true,"href":"https:\/\/www.alandalusylahistoria.com\/index.php?rest_route=%2Fwp%2Fv2%2Fcategories&post=4628"},{"taxonomy":"post_tag","embeddable":true,"href":"https:\/\/www.alandalusylahistoria.com\/index.php?rest_route=%2Fwp%2Fv2%2Ftags&post=4628"},{"taxonomy":"author","embeddable":true,"href":"https:\/\/www.alandalusylahistoria.com\/index.php?rest_route=%2Fwp%2Fv2%2Fcoauthors&post=4628"}],"curies":[{"name":"wp","href":"https:\/\/api.w.org\/{rel}","templated":true}]}}