{"id":4501,"date":"2023-12-08T12:34:29","date_gmt":"2023-12-08T11:34:29","guid":{"rendered":"https:\/\/www.alandalusylahistoria.com\/?p=4501"},"modified":"2023-12-08T12:34:33","modified_gmt":"2023-12-08T11:34:33","slug":"la-taifa-de-sevilla-en-el-siglo-xi","status":"publish","type":"post","link":"https:\/\/www.alandalusylahistoria.com\/?p=4501","title":{"rendered":"La taifa de Sevilla en el siglo XI"},"content":{"rendered":"\n<h3 class=\"wp-block-heading has-text-align-center\">En esta conferencia celebrada en el Archivo Hist\u00f3rico Provincial de Sevilla, <a href=\"https:\/\/www.alandalusylahistoria.com\/?page_id=240\" data-type=\"page\" data-id=\"240\">Alejandro Garc\u00eda Sanju\u00e1n<\/a> (Universidad de Huelva) analiza la situaci\u00f3n de la taifa abad\u00ed de Sevilla en el siglo XI<\/h3>\n\n\n\n<figure class=\"wp-block-embed aligncenter is-type-video is-provider-youtube wp-block-embed-youtube wp-embed-aspect-16-9 wp-has-aspect-ratio\"><div class=\"wp-block-embed__wrapper\">\n<iframe loading=\"lazy\" title=\"Alejandro Garc\u00eda Sanju\u00e1n: &quot;La taifa de Sevilla en el contexto del siglo XI peninsular&quot;.\" width=\"1000\" height=\"563\" src=\"https:\/\/www.youtube.com\/embed\/GC9fRMr9gas?feature=oembed\" frameborder=\"0\" allow=\"accelerometer; autoplay; clipboard-write; encrypted-media; gyroscope; picture-in-picture; web-share\" allowfullscreen><\/iframe>\n<\/div><\/figure>\n","protected":false},"excerpt":{"rendered":"<p>En esta conferencia celebrada en el Archivo Hist\u00f3rico Provincial de Sevilla, Alejandro Garc\u00eda Sanju\u00e1n (Universidad de Huelva) analiza la situaci\u00f3n de la taifa abad\u00ed de Sevilla en el siglo XI<\/p>\n","protected":false},"author":11,"featured_media":4502,"comment_status":"closed","ping_status":"closed","sticky":false,"template":"","format":"standard","meta":{"_crdt_document":"","jetpack_post_was_ever_published":false,"footnotes":""},"categories":[13],"tags":[414,98,412],"coauthors":[262],"class_list":{"0":"post-4501","1":"post","2":"type-post","3":"status-publish","4":"format-standard","5":"has-post-thumbnail","6":"hentry","7":"category-multimedia","8":"tag-abadies","9":"tag-reinos-de-taifas","10":"tag-sevilla","12":"fallback-thumbnail"},"jetpack_featured_media_url":"https:\/\/i0.wp.com\/www.alandalusylahistoria.com\/wp-content\/uploads\/2023\/12\/Arqueta_de_Leyre.jpg?fit=1094%2C1172&ssl=1","_links":{"self":[{"href":"https:\/\/www.alandalusylahistoria.com\/index.php?rest_route=\/wp\/v2\/posts\/4501","targetHints":{"allow":["GET"]}}],"collection":[{"href":"https:\/\/www.alandalusylahistoria.com\/index.php?rest_route=\/wp\/v2\/posts"}],"about":[{"href":"https:\/\/www.alandalusylahistoria.com\/index.php?rest_route=\/wp\/v2\/types\/post"}],"author":[{"embeddable":true,"href":"https:\/\/www.alandalusylahistoria.com\/index.php?rest_route=\/wp\/v2\/users\/11"}],"replies":[{"embeddable":true,"href":"https:\/\/www.alandalusylahistoria.com\/index.php?rest_route=%2Fwp%2Fv2%2Fcomments&post=4501"}],"version-history":[{"count":1,"href":"https:\/\/www.alandalusylahistoria.com\/index.php?rest_route=\/wp\/v2\/posts\/4501\/revisions"}],"predecessor-version":[{"id":4504,"href":"https:\/\/www.alandalusylahistoria.com\/index.php?rest_route=\/wp\/v2\/posts\/4501\/revisions\/4504"}],"wp:featuredmedia":[{"embeddable":true,"href":"https:\/\/www.alandalusylahistoria.com\/index.php?rest_route=\/wp\/v2\/media\/4502"}],"wp:attachment":[{"href":"https:\/\/www.alandalusylahistoria.com\/index.php?rest_route=%2Fwp%2Fv2%2Fmedia&parent=4501"}],"wp:term":[{"taxonomy":"category","embeddable":true,"href":"https:\/\/www.alandalusylahistoria.com\/index.php?rest_route=%2Fwp%2Fv2%2Fcategories&post=4501"},{"taxonomy":"post_tag","embeddable":true,"href":"https:\/\/www.alandalusylahistoria.com\/index.php?rest_route=%2Fwp%2Fv2%2Ftags&post=4501"},{"taxonomy":"author","embeddable":true,"href":"https:\/\/www.alandalusylahistoria.com\/index.php?rest_route=%2Fwp%2Fv2%2Fcoauthors&post=4501"}],"curies":[{"name":"wp","href":"https:\/\/api.w.org\/{rel}","templated":true}]}}