{"id":4494,"date":"2023-12-01T10:15:40","date_gmt":"2023-12-01T09:15:40","guid":{"rendered":"https:\/\/www.alandalusylahistoria.com\/?p=4494"},"modified":"2023-12-01T10:18:18","modified_gmt":"2023-12-01T09:18:18","slug":"sevilla-y-granada-divergencias-semejanzas-y-destinos-compartidos","status":"publish","type":"post","link":"https:\/\/www.alandalusylahistoria.com\/?p=4494","title":{"rendered":"Sevilla y Granada: divergencias, semejanzas y destinos compartidos"},"content":{"rendered":"\n<h3 class=\"wp-block-heading has-text-align-center\">En esta conferencia celebrada en el Archivo Hist\u00f3rico Provincial de Sevilla, <a href=\"https:\/\/www.ugr.es\/personal\/bilal-sarr-marroco\" target=\"_blank\" rel=\"noreferrer noopener\">Bilal Sarr<\/a> (UGR) realiza un an\u00e1lisis comparativo entre las situaciones de la taifa zir\u00ed de Granada y la taifa abad\u00ed de Sevilla<\/h3>\n\n\n\n<figure class=\"wp-block-embed aligncenter is-type-video is-provider-youtube wp-block-embed-youtube wp-embed-aspect-16-9 wp-has-aspect-ratio\"><div class=\"wp-block-embed__wrapper\">\n<iframe loading=\"lazy\" title=\"Bilal Sarr: &quot;Sevilla y Granada: divergencias, semejanzas y destinos compartidos...&quot;\" width=\"1000\" height=\"563\" src=\"https:\/\/www.youtube.com\/embed\/c7teVdV0gsE?feature=oembed\" frameborder=\"0\" allow=\"accelerometer; autoplay; clipboard-write; encrypted-media; gyroscope; picture-in-picture; web-share\" allowfullscreen><\/iframe>\n<\/div><\/figure>\n","protected":false},"excerpt":{"rendered":"<p>En esta conferencia celebrada en el Archivo Hist\u00f3rico Provincial de Sevilla, Bilal Sarr (UGR) realiza un an\u00e1lisis comparativo entre las situaciones de la taifa zir\u00ed de Granada y la taifa abad\u00ed de Sevilla<\/p>\n","protected":false},"author":11,"featured_media":4496,"comment_status":"closed","ping_status":"closed","sticky":false,"template":"","format":"standard","meta":{"_crdt_document":"","jetpack_post_was_ever_published":false,"footnotes":""},"categories":[13],"tags":[414,89,98,412,235],"coauthors":[262],"class_list":{"0":"post-4494","1":"post","2":"type-post","3":"status-publish","4":"format-standard","5":"has-post-thumbnail","6":"hentry","7":"category-multimedia","8":"tag-abadies","9":"tag-granada","10":"tag-reinos-de-taifas","11":"tag-sevilla","12":"tag-ziries","14":"fallback-thumbnail"},"jetpack_featured_media_url":"https:\/\/i0.wp.com\/www.alandalusylahistoria.com\/wp-content\/uploads\/2023\/12\/Alcazaba_Alhambra_Granada.jpg?fit=788%2C911&ssl=1","_links":{"self":[{"href":"https:\/\/www.alandalusylahistoria.com\/index.php?rest_route=\/wp\/v2\/posts\/4494","targetHints":{"allow":["GET"]}}],"collection":[{"href":"https:\/\/www.alandalusylahistoria.com\/index.php?rest_route=\/wp\/v2\/posts"}],"about":[{"href":"https:\/\/www.alandalusylahistoria.com\/index.php?rest_route=\/wp\/v2\/types\/post"}],"author":[{"embeddable":true,"href":"https:\/\/www.alandalusylahistoria.com\/index.php?rest_route=\/wp\/v2\/users\/11"}],"replies":[{"embeddable":true,"href":"https:\/\/www.alandalusylahistoria.com\/index.php?rest_route=%2Fwp%2Fv2%2Fcomments&post=4494"}],"version-history":[{"count":2,"href":"https:\/\/www.alandalusylahistoria.com\/index.php?rest_route=\/wp\/v2\/posts\/4494\/revisions"}],"predecessor-version":[{"id":4498,"href":"https:\/\/www.alandalusylahistoria.com\/index.php?rest_route=\/wp\/v2\/posts\/4494\/revisions\/4498"}],"wp:featuredmedia":[{"embeddable":true,"href":"https:\/\/www.alandalusylahistoria.com\/index.php?rest_route=\/wp\/v2\/media\/4496"}],"wp:attachment":[{"href":"https:\/\/www.alandalusylahistoria.com\/index.php?rest_route=%2Fwp%2Fv2%2Fmedia&parent=4494"}],"wp:term":[{"taxonomy":"category","embeddable":true,"href":"https:\/\/www.alandalusylahistoria.com\/index.php?rest_route=%2Fwp%2Fv2%2Fcategories&post=4494"},{"taxonomy":"post_tag","embeddable":true,"href":"https:\/\/www.alandalusylahistoria.com\/index.php?rest_route=%2Fwp%2Fv2%2Ftags&post=4494"},{"taxonomy":"author","embeddable":true,"href":"https:\/\/www.alandalusylahistoria.com\/index.php?rest_route=%2Fwp%2Fv2%2Fcoauthors&post=4494"}],"curies":[{"name":"wp","href":"https:\/\/api.w.org\/{rel}","templated":true}]}}