{"id":4447,"date":"2023-11-10T12:22:27","date_gmt":"2023-11-10T11:22:27","guid":{"rendered":"https:\/\/www.alandalusylahistoria.com\/?p=4447"},"modified":"2023-12-01T10:19:24","modified_gmt":"2023-12-01T09:19:24","slug":"la-presion-cristiana-sobre-el-reino-abadi-de-sevilla","status":"publish","type":"post","link":"https:\/\/www.alandalusylahistoria.com\/?p=4447","title":{"rendered":"La presi\u00f3n cristiana sobre el reino abad\u00ed de Sevilla"},"content":{"rendered":"\n<h3 class=\"wp-block-heading has-text-align-center\">\u00bfQu\u00e9 bases estrat\u00e9gicas e ideol\u00f3gicas sostuvieron la pol\u00edtica castellana respecto al reino abad\u00ed de Sevilla durante los siglos XI y XII? En esta conferencia celebrada en el Archivo Hist\u00f3rico Provincial de Sevilla el pasado 3 de octubre de 2023, <a href=\"https:\/\/www.alandalusylahistoria.com\/?page_id=208\" data-type=\"page\" data-id=\"208\">Carlos de Ayala Mart\u00ednez<\/a> (UAM) nos acerca a esta problem\u00e1tica<\/h3>\n\n\n\n<figure class=\"wp-block-embed aligncenter is-type-video is-provider-youtube wp-block-embed-youtube wp-embed-aspect-16-9 wp-has-aspect-ratio\"><div class=\"wp-block-embed__wrapper\">\n<iframe loading=\"lazy\" title=\"Carlos de Ayala Mart\u00ednez: &quot;La presi\u00f3n cristiana sobre el reino abad\u00ed&quot;.\" width=\"1000\" height=\"563\" src=\"https:\/\/www.youtube.com\/embed\/G4uxPlrVaDw?feature=oembed\" frameborder=\"0\" allow=\"accelerometer; autoplay; clipboard-write; encrypted-media; gyroscope; picture-in-picture; web-share\" allowfullscreen><\/iframe>\n<\/div><\/figure>\n","protected":false},"excerpt":{"rendered":"<p>\u00bfQu\u00e9 bases estrat\u00e9gicas e ideol\u00f3gicas sostuvieron la pol\u00edtica castellana respecto al reino abad\u00ed de Sevilla durante los siglos XI y XII? En esta conferencia celebrada en el Archivo Hist\u00f3rico Provincial de Sevilla el pasado 3 de octubre de 2023, Carlos de Ayala Mart\u00ednez (UAM) nos acerca a esta problem\u00e1tica<\/p>\n","protected":false},"author":11,"featured_media":4449,"comment_status":"closed","ping_status":"closed","sticky":false,"template":"","format":"standard","meta":{"_crdt_document":"","jetpack_post_was_ever_published":false,"footnotes":""},"categories":[13],"tags":[414,271,182,413,98,412],"coauthors":[262],"class_list":{"0":"post-4447","1":"post","2":"type-post","3":"status-publish","4":"format-standard","5":"has-post-thumbnail","6":"hentry","7":"category-multimedia","8":"tag-abadies","9":"tag-alfonso-vi","10":"tag-corona-de-castilla","11":"tag-fernando-i","12":"tag-reinos-de-taifas","13":"tag-sevilla","15":"fallback-thumbnail"},"jetpack_featured_media_url":"https:\/\/i0.wp.com\/www.alandalusylahistoria.com\/wp-content\/uploads\/2023\/11\/Batalla-sagrajas-zalaca.png?fit=891%2C1010&ssl=1","_links":{"self":[{"href":"https:\/\/www.alandalusylahistoria.com\/index.php?rest_route=\/wp\/v2\/posts\/4447","targetHints":{"allow":["GET"]}}],"collection":[{"href":"https:\/\/www.alandalusylahistoria.com\/index.php?rest_route=\/wp\/v2\/posts"}],"about":[{"href":"https:\/\/www.alandalusylahistoria.com\/index.php?rest_route=\/wp\/v2\/types\/post"}],"author":[{"embeddable":true,"href":"https:\/\/www.alandalusylahistoria.com\/index.php?rest_route=\/wp\/v2\/users\/11"}],"replies":[{"embeddable":true,"href":"https:\/\/www.alandalusylahistoria.com\/index.php?rest_route=%2Fwp%2Fv2%2Fcomments&post=4447"}],"version-history":[{"count":1,"href":"https:\/\/www.alandalusylahistoria.com\/index.php?rest_route=\/wp\/v2\/posts\/4447\/revisions"}],"predecessor-version":[{"id":4450,"href":"https:\/\/www.alandalusylahistoria.com\/index.php?rest_route=\/wp\/v2\/posts\/4447\/revisions\/4450"}],"wp:featuredmedia":[{"embeddable":true,"href":"https:\/\/www.alandalusylahistoria.com\/index.php?rest_route=\/wp\/v2\/media\/4449"}],"wp:attachment":[{"href":"https:\/\/www.alandalusylahistoria.com\/index.php?rest_route=%2Fwp%2Fv2%2Fmedia&parent=4447"}],"wp:term":[{"taxonomy":"category","embeddable":true,"href":"https:\/\/www.alandalusylahistoria.com\/index.php?rest_route=%2Fwp%2Fv2%2Fcategories&post=4447"},{"taxonomy":"post_tag","embeddable":true,"href":"https:\/\/www.alandalusylahistoria.com\/index.php?rest_route=%2Fwp%2Fv2%2Ftags&post=4447"},{"taxonomy":"author","embeddable":true,"href":"https:\/\/www.alandalusylahistoria.com\/index.php?rest_route=%2Fwp%2Fv2%2Fcoauthors&post=4447"}],"curies":[{"name":"wp","href":"https:\/\/api.w.org\/{rel}","templated":true}]}}