{"id":4418,"date":"2023-10-27T17:47:49","date_gmt":"2023-10-27T15:47:49","guid":{"rendered":"https:\/\/www.alandalusylahistoria.com\/?p=4418"},"modified":"2023-12-01T10:21:53","modified_gmt":"2023-12-01T09:21:53","slug":"saber-y-poder-en-el-reino-taifa-de-sevilla","status":"publish","type":"post","link":"https:\/\/www.alandalusylahistoria.com\/?p=4418","title":{"rendered":"Saber y poder en el reino taifa de Sevilla"},"content":{"rendered":"\n<h3 class=\"wp-block-heading has-text-align-center\">\u00abTodos los d\u00edas eran para ellos como fiestas y tuvieron inclinaciones a las letras. Ellos, sus hijos y sus ministros fueron los primeros tanto en el dominio de la prosa como en el del verso, y reunieron en s\u00ed todas las ramas del saber.\u00bb<\/h3>\n\n\n\n<p class=\"has-text-align-center wp-block-paragraph\" style=\"font-size:15px\">En esta conferencia \u2014elaborada en colaboraci\u00f3n con <a href=\"https:\/\/www.alandalusylahistoria.com\/?page_id=233\" data-type=\"page\" data-id=\"233\">Luis Molina<\/a>\u2014  <a href=\"https:\/\/www.alandalusylahistoria.com\/?page_id=196\" data-type=\"page\" data-id=\"196\">Maribel Fierro<\/a> nos acerca a la historia de la dinast\u00eda abad\u00ed. Se celebr\u00f3 en el Archivo Hist\u00f3rico Provincial de Sevilla, dentro del ciclo dedicado a conmemorar el milenario del reino taifa de Sevilla.<\/p>\n\n\n\n<figure class=\"wp-block-embed aligncenter is-type-video is-provider-youtube wp-block-embed-youtube wp-embed-aspect-16-9 wp-has-aspect-ratio\"><div class=\"wp-block-embed__wrapper\">\n<iframe loading=\"lazy\" title=\"Maribel Fierro Bello: &quot;Saber y poder en el reino taifa de Sevilla&quot;.\" width=\"1000\" height=\"563\" src=\"https:\/\/www.youtube.com\/embed\/M82q-VvqwMI?feature=oembed\" frameborder=\"0\" allow=\"accelerometer; autoplay; clipboard-write; encrypted-media; gyroscope; picture-in-picture; web-share\" allowfullscreen><\/iframe>\n<\/div><\/figure>\n","protected":false},"excerpt":{"rendered":"<p>\u00abTodos los d\u00edas eran para ellos como fiestas y tuvieron inclinaciones a las letras. Ellos, sus hijos y sus ministros fueron los primeros tanto en el dominio de la prosa como en del verso, y reunieron en s\u00ed todas las ramas del saber.\u00bb<\/p>\n","protected":false},"author":11,"featured_media":4419,"comment_status":"closed","ping_status":"closed","sticky":false,"template":"","format":"standard","meta":{"_crdt_document":"","jetpack_post_was_ever_published":false,"footnotes":""},"categories":[13],"tags":[414,98,412],"coauthors":[262],"class_list":{"0":"post-4418","1":"post","2":"type-post","3":"status-publish","4":"format-standard","5":"has-post-thumbnail","6":"hentry","7":"category-multimedia","8":"tag-abadies","9":"tag-reinos-de-taifas","10":"tag-sevilla","12":"fallback-thumbnail"},"jetpack_featured_media_url":"https:\/\/i0.wp.com\/www.alandalusylahistoria.com\/wp-content\/uploads\/2023\/10\/tumulo-de-al-Mutamid.jpg?fit=729%2C960&ssl=1","_links":{"self":[{"href":"https:\/\/www.alandalusylahistoria.com\/index.php?rest_route=\/wp\/v2\/posts\/4418","targetHints":{"allow":["GET"]}}],"collection":[{"href":"https:\/\/www.alandalusylahistoria.com\/index.php?rest_route=\/wp\/v2\/posts"}],"about":[{"href":"https:\/\/www.alandalusylahistoria.com\/index.php?rest_route=\/wp\/v2\/types\/post"}],"author":[{"embeddable":true,"href":"https:\/\/www.alandalusylahistoria.com\/index.php?rest_route=\/wp\/v2\/users\/11"}],"replies":[{"embeddable":true,"href":"https:\/\/www.alandalusylahistoria.com\/index.php?rest_route=%2Fwp%2Fv2%2Fcomments&post=4418"}],"version-history":[{"count":4,"href":"https:\/\/www.alandalusylahistoria.com\/index.php?rest_route=\/wp\/v2\/posts\/4418\/revisions"}],"predecessor-version":[{"id":4499,"href":"https:\/\/www.alandalusylahistoria.com\/index.php?rest_route=\/wp\/v2\/posts\/4418\/revisions\/4499"}],"wp:featuredmedia":[{"embeddable":true,"href":"https:\/\/www.alandalusylahistoria.com\/index.php?rest_route=\/wp\/v2\/media\/4419"}],"wp:attachment":[{"href":"https:\/\/www.alandalusylahistoria.com\/index.php?rest_route=%2Fwp%2Fv2%2Fmedia&parent=4418"}],"wp:term":[{"taxonomy":"category","embeddable":true,"href":"https:\/\/www.alandalusylahistoria.com\/index.php?rest_route=%2Fwp%2Fv2%2Fcategories&post=4418"},{"taxonomy":"post_tag","embeddable":true,"href":"https:\/\/www.alandalusylahistoria.com\/index.php?rest_route=%2Fwp%2Fv2%2Ftags&post=4418"},{"taxonomy":"author","embeddable":true,"href":"https:\/\/www.alandalusylahistoria.com\/index.php?rest_route=%2Fwp%2Fv2%2Fcoauthors&post=4418"}],"curies":[{"name":"wp","href":"https:\/\/api.w.org\/{rel}","templated":true}]}}