{"id":438,"date":"2018-08-23T15:04:30","date_gmt":"2018-08-23T15:04:30","guid":{"rendered":"http:\/\/www.alandalusylahistoria.com\/?p=438"},"modified":"2018-08-24T15:01:13","modified_gmt":"2018-08-24T15:01:13","slug":"un-dia-en-el-califato-de-al-hakam-ii","status":"publish","type":"post","link":"https:\/\/www.alandalusylahistoria.com\/?p=438","title":{"rendered":"Un d\u00eda en el Califato de Al-Hakam II"},"content":{"rendered":"\n<h3 class=\"wp-block-heading\" style=\"text-align:center\">Los quince a\u00f1os de gobierno de al-Hakam II, entre 961 y 976, \u00abmarcan posiblemente el apogeo del Califato de C\u00f3rdoba como potencia hegem\u00f3nica en toda la Pen\u00ednsula, como uno de los principales poderes que despuntan en el Mediterr\u00e1neo y como uno de los principales centros de conocimiento y excelencia creativa de la \u00e9poca\u00bb.<\/h3>\n\n\n\n<p class=\"wp-block-paragraph\">Conferencia de Eduardo Manzano Moreno dentro del Seminario sobre Al-Hakam II organizado por <a href=\"http:\/\/www.casaarabe.es\/eventos-arabes\/show\/seminario-sobre-al-hakam-ii\" target=\"_blank\">Casa \u00c1rabe<\/a>, celebrado en C\u00f3rdoba entre los d\u00edas 9 y 10 de abril de 2015.<\/p>\n\n\n\n<figure class=\"wp-block-embed-youtube wp-block-embed is-type-video is-provider-youtube\">\n<iframe loading=\"lazy\" title=\"02. Un d\u00eda en el califato de Al Hakam II\" width=\"1000\" height=\"563\" src=\"https:\/\/www.youtube.com\/embed\/N0Mxfc1i-ck?feature=oembed\" frameborder=\"0\" allow=\"accelerometer; autoplay; encrypted-media; gyroscope; picture-in-picture\" allowfullscreen><\/iframe>\n<\/figure>\n","protected":false},"excerpt":{"rendered":"<p>Los quince a\u00f1os de gobierno de al-Hakam II, entre 961 y 976, marcan posiblemente el apogeo del Califato de C\u00f3rdoba como potencia hegem\u00f3nica en toda la Pen\u00ednsula, como uno de los principales poderes que despuntan en el Mediterr\u00e1neo y como uno de los principales centros de conocimiento y excelencia creativa de la \u00e9poca<\/p>\n","protected":false},"author":11,"featured_media":441,"comment_status":"closed","ping_status":"closed","sticky":false,"template":"","format":"image","meta":{"_crdt_document":"","jetpack_post_was_ever_published":false,"footnotes":""},"categories":[13],"tags":[46,47],"coauthors":[],"class_list":{"0":"post-438","1":"post","2":"type-post","3":"status-publish","4":"format-image","5":"has-post-thumbnail","6":"hentry","7":"category-multimedia","8":"tag-al-hakam-ii","9":"tag-califato-de-cordoba","10":"post_format-post-format-image","12":"fallback-thumbnail"},"jetpack_featured_media_url":"https:\/\/i0.wp.com\/www.alandalusylahistoria.com\/wp-content\/uploads\/2018\/08\/Alhaken_II.jpg?fit=1200%2C557&ssl=1","_links":{"self":[{"href":"https:\/\/www.alandalusylahistoria.com\/index.php?rest_route=\/wp\/v2\/posts\/438","targetHints":{"allow":["GET"]}}],"collection":[{"href":"https:\/\/www.alandalusylahistoria.com\/index.php?rest_route=\/wp\/v2\/posts"}],"about":[{"href":"https:\/\/www.alandalusylahistoria.com\/index.php?rest_route=\/wp\/v2\/types\/post"}],"author":[{"embeddable":true,"href":"https:\/\/www.alandalusylahistoria.com\/index.php?rest_route=\/wp\/v2\/users\/11"}],"replies":[{"embeddable":true,"href":"https:\/\/www.alandalusylahistoria.com\/index.php?rest_route=%2Fwp%2Fv2%2Fcomments&post=438"}],"version-history":[{"count":1,"href":"https:\/\/www.alandalusylahistoria.com\/index.php?rest_route=\/wp\/v2\/posts\/438\/revisions"}],"predecessor-version":[{"id":439,"href":"https:\/\/www.alandalusylahistoria.com\/index.php?rest_route=\/wp\/v2\/posts\/438\/revisions\/439"}],"wp:featuredmedia":[{"embeddable":true,"href":"https:\/\/www.alandalusylahistoria.com\/index.php?rest_route=\/wp\/v2\/media\/441"}],"wp:attachment":[{"href":"https:\/\/www.alandalusylahistoria.com\/index.php?rest_route=%2Fwp%2Fv2%2Fmedia&parent=438"}],"wp:term":[{"taxonomy":"category","embeddable":true,"href":"https:\/\/www.alandalusylahistoria.com\/index.php?rest_route=%2Fwp%2Fv2%2Fcategories&post=438"},{"taxonomy":"post_tag","embeddable":true,"href":"https:\/\/www.alandalusylahistoria.com\/index.php?rest_route=%2Fwp%2Fv2%2Ftags&post=438"},{"taxonomy":"author","embeddable":true,"href":"https:\/\/www.alandalusylahistoria.com\/index.php?rest_route=%2Fwp%2Fv2%2Fcoauthors&post=438"}],"curies":[{"name":"wp","href":"https:\/\/api.w.org\/{rel}","templated":true}]}}