{"id":4316,"date":"2023-09-22T08:51:00","date_gmt":"2023-09-22T06:51:00","guid":{"rendered":"https:\/\/www.alandalusylahistoria.com\/?p=4316"},"modified":"2023-09-21T17:27:02","modified_gmt":"2023-09-21T15:27:02","slug":"la-mezquita-de-tinmal","status":"publish","type":"post","link":"https:\/\/www.alandalusylahistoria.com\/?p=4316","title":{"rendered":"La mezquita de Tinmal"},"content":{"rendered":"\n<h3 class=\"wp-block-heading has-text-align-center\">En la pasada noche del 8 de septiembre de 2023, un se\u00edsmo caus\u00f3 la ruina casi total de la mezquita de Tinmal, que constituye uno de los referentes m\u00e1s importantes de la arquitectura almohade, por su regularidad y unidad, por su decoraci\u00f3n y su historia<\/h3>\n\n\n\n<hr class=\"wp-block-separator has-text-color has-light-gray-blue-color has-alpha-channel-opacity has-light-gray-blue-background-color has-background\"\/>\n\n\n\n<h4 class=\"wp-block-heading has-text-align-center\"><a rel=\"noreferrer noopener\" href=\"https:\/\/www.eea.csic.es\/personal-de-la-eea\/almagro-gorbea-antonio\/\" target=\"_blank\">Antonio Almagro<\/a><br>Real Academia de Bellas Artes de San Fernando<br><a rel=\"noreferrer noopener\" href=\"https:\/\/orcid.org\/0000-0002-9461-1317\" data-type=\"link\" data-id=\"https:\/\/orcid.org\/0000-0002-9461-1317\" target=\"_blank\">Alfonso Jim\u00e9nez<\/a><br>Real Academia Sevillana de Ciencias<\/h4>\n\n\n\n<hr class=\"wp-block-separator has-text-color has-light-gray-blue-color has-alpha-channel-opacity has-light-gray-blue-background-color has-background\"\/>\n\n\n\n<figure class=\"wp-block-image alignwide size-large\"><img data-recalc-dims=\"1\" loading=\"lazy\" decoding=\"async\" width=\"1000\" height=\"563\" src=\"https:\/\/i0.wp.com\/www.alandalusylahistoria.com\/wp-content\/uploads\/2023\/09\/Tinmal-1.jpg?resize=1000%2C563&#038;ssl=1\" alt=\"\" class=\"wp-image-4318\" srcset=\"https:\/\/i0.wp.com\/www.alandalusylahistoria.com\/wp-content\/uploads\/2023\/09\/Tinmal-1.jpg?resize=1024%2C576&amp;ssl=1 1024w, https:\/\/i0.wp.com\/www.alandalusylahistoria.com\/wp-content\/uploads\/2023\/09\/Tinmal-1.jpg?resize=300%2C169&amp;ssl=1 300w, https:\/\/i0.wp.com\/www.alandalusylahistoria.com\/wp-content\/uploads\/2023\/09\/Tinmal-1.jpg?resize=768%2C432&amp;ssl=1 768w, https:\/\/i0.wp.com\/www.alandalusylahistoria.com\/wp-content\/uploads\/2023\/09\/Tinmal-1.jpg?resize=1536%2C864&amp;ssl=1 1536w, https:\/\/i0.wp.com\/www.alandalusylahistoria.com\/wp-content\/uploads\/2023\/09\/Tinmal-1.jpg?w=1632&amp;ssl=1 1632w\" sizes=\"auto, (max-width: 1000px) 100vw, 1000px\" \/><figcaption class=\"wp-element-caption\">Vista del interior de la mezquita de Tinmal antes del terremoto de septiembre de 2023. Emilien Lebourgeois. <a href=\"https:\/\/commons.wikimedia.org\/wiki\/File:20210928_152144EX_Mosqu%C3%A9e_de_Tinmal_(51631647598).jpg\" data-type=\"link\" data-id=\"https:\/\/commons.wikimedia.org\/wiki\/File:20210928_152144EX_Mosqu%C3%A9e_de_Tinmal_(51631647598).jpg\" target=\"_blank\" rel=\"noreferrer noopener\">Wikimedia Commons<\/a>.<\/figcaption><\/figure>\n\n\n\n<hr class=\"wp-block-separator has-text-color has-light-gray-blue-color has-alpha-channel-opacity has-light-gray-blue-background-color has-background\"\/>\n\n\n\n<p class=\"wp-block-paragraph\">En un estrecho e intrincado valle del coraz\u00f3n del Alto Atlas, <a href=\"https:\/\/maps.app.goo.gl\/1UXtJqj3EkJ6MCr88\" data-type=\"link\" data-id=\"https:\/\/maps.app.goo.gl\/1UXtJqj3EkJ6MCr88\" target=\"_blank\" rel=\"noreferrer noopener\">a unos 75 Km al sur de la ciudad de Marrakech<\/a>, se encuentra la peque\u00f1a aldea de Tinmal. Asentada sobre la vertiente septentrional del valle, queda la poblaci\u00f3n muy por encima del cauce del wadi Nafiss y del terreno inundable y los cultivos que se extienden a sus pies, aprovechando las primeras pendientes, a\u00fan suaves, de las estribaciones de la imponente orograf\u00eda de la zona. Sobre una plataforma algo m\u00e1s plana que el resto, aislada, se levantaba una mezquita que constituye uno de los referentes m\u00e1s importantes de la arquitectura almohade, por su regularidad y unidad, por su decoraci\u00f3n y su historia. En la pasada noche del 8 de septiembre de 2023, un se\u00edsmo, cuyo epicentro se hall\u00f3 a poco menos de 23 km de este lugar, caus\u00f3 la ruina casi total de este singular monumento.<\/p>\n\n\n\n<p class=\"wp-block-paragraph\">Es inevitable, en cuanto se menciona Tinmal, traer a colaci\u00f3n la figura hist\u00f3rica del mahd\u012b Ibn T\u016bmart, fundador del movimiento almohade, pues se estableci\u00f3 en este lugar como refugio y base desde la que atacar a los almor\u00e1vides, cuya capital, Marrakech, resisti\u00f3 no obstante un asedio.&nbsp; Y aqu\u00ed, en este lugar del Atlas, muri\u00f3 y fue enterrado en el a\u00f1o 1130. La mezquita se vincul\u00f3 al sepulcro del mahd\u012b Ibn T\u016bmart, que ser\u00eda m\u00e1s tarde profanado por los benimerines.<\/p>\n\n\n<div class=\"wp-block-image\">\n<figure class=\"aligncenter size-large is-resized\"><img data-recalc-dims=\"1\" loading=\"lazy\" decoding=\"async\" width=\"1000\" height=\"656\" src=\"https:\/\/i0.wp.com\/www.alandalusylahistoria.com\/wp-content\/uploads\/2023\/09\/725_i06.jpg?resize=1000%2C656&#038;ssl=1\" alt=\"\" class=\"wp-image-4335\" style=\"width:644px;height:auto\" srcset=\"https:\/\/i0.wp.com\/www.alandalusylahistoria.com\/wp-content\/uploads\/2023\/09\/725_i06.jpg?resize=1024%2C672&amp;ssl=1 1024w, https:\/\/i0.wp.com\/www.alandalusylahistoria.com\/wp-content\/uploads\/2023\/09\/725_i06.jpg?resize=300%2C197&amp;ssl=1 300w, https:\/\/i0.wp.com\/www.alandalusylahistoria.com\/wp-content\/uploads\/2023\/09\/725_i06.jpg?resize=768%2C504&amp;ssl=1 768w, https:\/\/i0.wp.com\/www.alandalusylahistoria.com\/wp-content\/uploads\/2023\/09\/725_i06.jpg?w=1500&amp;ssl=1 1500w\" sizes=\"auto, (max-width: 1000px) 100vw, 1000px\" \/><figcaption class=\"wp-element-caption\">Vista de la mezquita de Tinmal antes del terremoto de septiembre de 2023. Autor: Antonio Almagro. <a rel=\"noreferrer noopener\" href=\"https:\/\/www.ataral.es\/\" data-type=\"link\" data-id=\"https:\/\/www.ataral.es\/\" target=\"_blank\">Atlas de Arquitectura Almohade<\/a>.<\/figcaption><\/figure>\n<\/div>\n\n\n<hr class=\"wp-block-separator has-text-color has-light-gray-blue-color has-alpha-channel-opacity has-light-gray-blue-background-color has-background\"\/>\n\n\n\n<p class=\"wp-block-paragraph\">Se han propuesto dos fechas para este edificio que tal vez no sean contradictorias, pues Khiara y Leonetti sostienen, gracias a una noticia de Ibn al-Qattan, que la construcci\u00f3n de la mezquita estaba decidida antes del 4 de agosto de 1148, mientras que para Basset y Terrasse, a quienes siguen Ewert y Wisshak, la fecha de su construcci\u00f3n es el a\u00f1o 1153-4, apoy\u00e1ndose en un pasaje del <em>Rawd al-Qirtas<\/em> de Ibn Abi Zar seg\u00fan la cual:<\/p>\n\n\n\n<blockquote class=\"wp-block-quote is-layout-flow wp-block-quote-is-layout-flow\">\n<p class=\"wp-block-paragraph\">\u00abEl a\u00f1o 548 volvi\u00f3 Abd al-Mumin a Marrakus, despu\u00e9s de tomar Bug\u00eda [&#8230;] Despu\u00e9s de matarlo [a un pariente de al-Mahdi, que fue crucificado en Marrakech] se fue a Tinmal, para visitar el sepulcro de al-Mahdi; distribuy\u00f3 entre sus habitantes grandes sumas e hizo construir y ensanchar la mezquita; de all\u00ed se fue a Sal\u00e9, donde pas\u00f3 el resto del a\u00f1o 548\u00bb. <\/p>\n<\/blockquote>\n\n\n\n<p class=\"wp-block-paragraph\">Como en tantos casos, la ambigua traducci\u00f3n del texto \u00e1rabe al castellano actual deja m\u00e1s dudas que certezas, pues \u201cconstruir\u201d y \u201censanchar\u201d no son sin\u00f3nimos en nuestro idioma.<\/p>\n\n\n\n<p class=\"wp-block-paragraph\">Por el momento, no podemos hacer una evaluaci\u00f3n de c\u00f3mo ha quedado el monumento tras el se\u00edsmo, pero s\u00ed podemos describirlo en base a la documentaci\u00f3n de la que disponemos y al recuerdo de las visitas que efectuamos a partir de 1991. <\/p>\n\n\n<div class=\"wp-block-image\">\n<figure class=\"aligncenter size-large is-resized\"><img data-recalc-dims=\"1\" loading=\"lazy\" decoding=\"async\" width=\"987\" height=\"1024\" src=\"https:\/\/i0.wp.com\/www.alandalusylahistoria.com\/wp-content\/uploads\/2023\/09\/725_01.jpg?resize=987%2C1024&#038;ssl=1\" alt=\"\" class=\"wp-image-4336\" style=\"width:576px;height:auto\" srcset=\"https:\/\/i0.wp.com\/www.alandalusylahistoria.com\/wp-content\/uploads\/2023\/09\/725_01.jpg?resize=987%2C1024&amp;ssl=1 987w, https:\/\/i0.wp.com\/www.alandalusylahistoria.com\/wp-content\/uploads\/2023\/09\/725_01.jpg?resize=289%2C300&amp;ssl=1 289w, https:\/\/i0.wp.com\/www.alandalusylahistoria.com\/wp-content\/uploads\/2023\/09\/725_01.jpg?resize=768%2C797&amp;ssl=1 768w, https:\/\/i0.wp.com\/www.alandalusylahistoria.com\/wp-content\/uploads\/2023\/09\/725_01.jpg?resize=1481%2C1536&amp;ssl=1 1481w, https:\/\/i0.wp.com\/www.alandalusylahistoria.com\/wp-content\/uploads\/2023\/09\/725_01.jpg?w=1750&amp;ssl=1 1750w\" sizes=\"auto, (max-width: 987px) 100vw, 987px\" \/><figcaption class=\"wp-element-caption\">Planta de la mezquita de Tinmal. Autor: Antonio Almagro. <a href=\"https:\/\/www.ataral.es\/\" data-type=\"link\" data-id=\"https:\/\/www.ataral.es\/\">Atlas de Arquitectura Almohade<\/a>.<\/figcaption><\/figure>\n<\/div>\n\n\n<hr class=\"wp-block-separator has-text-color has-light-gray-blue-color has-alpha-channel-opacity has-light-gray-blue-background-color has-background\"\/>\n\n\n\n<p class=\"wp-block-paragraph\">El cuerpo principal del edificio queda inscrito en planta dentro de un rect\u00e1ngulo, cercano al cuadrado, con una anchura de 47,50 m y longitud de norte a sur de 43,40 m, formado por un grueso muro de tapia de tierra coronado por almenas rematadas con albardillas piramidales. De sus paramentos totalmente lisos sobresalen los cuerpos, construidos en ladrillo, de las siete puertas que dan acceso a su interior, tres en cada uno de los laterales y una axial en el norte, adem\u00e1s de la torre adosada en el lado sur, construida con ladrillo con rellenos de mamposter\u00eda de piedra, donde se cobija el <em>mihrab<\/em> y que pudo hacer tambi\u00e9n las veces de alminar.<\/p>\n\n\n\n<p class=\"wp-block-paragraph\">Los cuerpos prominentes en que se sit\u00faan las siete puertas permiten disponerlas con dobles arcos entre cuyas jambas quedan alojadas las hojas de carpinter\u00eda con que se cierran estos accesos, en organizaci\u00f3n espacial t\u00edpica de la arquitectura isl\u00e1mica occidental. El volumen de cada puerta queda cubierto con tejadillos a un agua y presentan sencillas pilastras en sus esquinas. Los arcos de paso son de herradura apuntada con alfiz rehundido.<\/p>\n\n\n\n<figure class=\"wp-block-image size-large\"><img data-recalc-dims=\"1\" loading=\"lazy\" decoding=\"async\" width=\"1000\" height=\"434\" src=\"https:\/\/i0.wp.com\/www.alandalusylahistoria.com\/wp-content\/uploads\/2023\/09\/725_03.jpg?resize=1000%2C434&#038;ssl=1\" alt=\"\" class=\"wp-image-4337\" srcset=\"https:\/\/i0.wp.com\/www.alandalusylahistoria.com\/wp-content\/uploads\/2023\/09\/725_03.jpg?resize=1024%2C444&amp;ssl=1 1024w, https:\/\/i0.wp.com\/www.alandalusylahistoria.com\/wp-content\/uploads\/2023\/09\/725_03.jpg?resize=300%2C130&amp;ssl=1 300w, https:\/\/i0.wp.com\/www.alandalusylahistoria.com\/wp-content\/uploads\/2023\/09\/725_03.jpg?resize=768%2C333&amp;ssl=1 768w, https:\/\/i0.wp.com\/www.alandalusylahistoria.com\/wp-content\/uploads\/2023\/09\/725_03.jpg?resize=1536%2C667&amp;ssl=1 1536w, https:\/\/i0.wp.com\/www.alandalusylahistoria.com\/wp-content\/uploads\/2023\/09\/725_03.jpg?w=2000&amp;ssl=1 2000w\" sizes=\"auto, (max-width: 1000px) 100vw, 1000px\" \/><figcaption class=\"wp-element-caption\">Secci\u00f3n transversal de la mezquita de Tinmal. Autor: Antonio Almagro. <a href=\"https:\/\/www.ataral.es\/\" data-type=\"link\" data-id=\"https:\/\/www.ataral.es\/\" target=\"_blank\" rel=\"noreferrer noopener\">Atlas de la Arquitectura Almohade<\/a>.<\/figcaption><\/figure>\n\n\n\n<hr class=\"wp-block-separator has-text-color has-light-gray-blue-color has-alpha-channel-opacity has-light-gray-blue-background-color has-background\"\/>\n\n\n\n<p class=\"wp-block-paragraph\">El interior del oratorio responde al modelo caracter\u00edstico de las mezquitas almohades, siendo este seguramente el arquetipo o al menos la formulaci\u00f3n m\u00e1s acabada, pues, dada su corta etapa de uso, no hab\u00eda perdido su car\u00e1cter genuino. La mezquita se subdivide en dos zonas, una de mayor tama\u00f1o destinada a la sala de oraci\u00f3n y otra menor ocupada por el patio y sus p\u00f3rticos, formando ambas un conjunto espacial y compositivo unitario. Dos arquer\u00edas principales destacan en direcci\u00f3n transversal, este-oeste, una delimita la nave que corre adosada al muro sur o de la <em>qibla<\/em>, y la otra separa la sala de oraci\u00f3n del patio; estos p\u00f3rticos, especialmente el primero, reciben un tratamiento decorativo especial. El resto de la sala est\u00e1 compuesto por naves dispuestas en direcci\u00f3n perpendicular al muro de la <em>qibla<\/em>, que en este caso son nueve, separadas por p\u00f3rticos de cuatro vanos cada uno. La nave axial es algo m\u00e1s ancha que el resto, con 5,60 m frente a 3,90 de las naves contiguas. Las naves extremas son tambi\u00e9n algo mayores. Las dos naves extremas de cada lado se prolongan m\u00e1s all\u00e1 de la arquer\u00eda que separa la sala del patio, dando lugar a los p\u00f3rticos laterales de \u00e9ste. Otro p\u00f3rtico simple cierra el patio por el norte, confiri\u00e9ndole unidad. Las arquer\u00edas est\u00e1n soportadas por pilares, en su mayor\u00eda de planta rectangular, aunque existen otros en forma de T en las uniones entre naves perpendiculares y tambi\u00e9n algunos con forma de cruz.<\/p>\n\n\n\n<figure class=\"wp-block-image size-large\"><img data-recalc-dims=\"1\" loading=\"lazy\" decoding=\"async\" width=\"1000\" height=\"426\" src=\"https:\/\/i0.wp.com\/www.alandalusylahistoria.com\/wp-content\/uploads\/2023\/09\/725_02.jpg?resize=1000%2C426&#038;ssl=1\" alt=\"\" class=\"wp-image-4339\" srcset=\"https:\/\/i0.wp.com\/www.alandalusylahistoria.com\/wp-content\/uploads\/2023\/09\/725_02.jpg?resize=1024%2C436&amp;ssl=1 1024w, https:\/\/i0.wp.com\/www.alandalusylahistoria.com\/wp-content\/uploads\/2023\/09\/725_02.jpg?resize=300%2C128&amp;ssl=1 300w, https:\/\/i0.wp.com\/www.alandalusylahistoria.com\/wp-content\/uploads\/2023\/09\/725_02.jpg?resize=768%2C327&amp;ssl=1 768w, https:\/\/i0.wp.com\/www.alandalusylahistoria.com\/wp-content\/uploads\/2023\/09\/725_02.jpg?resize=1536%2C654&amp;ssl=1 1536w, https:\/\/i0.wp.com\/www.alandalusylahistoria.com\/wp-content\/uploads\/2023\/09\/725_02.jpg?w=2000&amp;ssl=1 2000w\" sizes=\"auto, (max-width: 1000px) 100vw, 1000px\" \/><figcaption class=\"wp-element-caption\">Secci\u00f3n longitudinal de la mezquita de Tinmal. Autor: Antonio Almagro. <a href=\"https:\/\/www.ataral.es\/\" data-type=\"link\" data-id=\"https:\/\/www.ataral.es\/\" target=\"_blank\" rel=\"noreferrer noopener\">Atlas de Arquitectura Almohade<\/a>.<\/figcaption><\/figure>\n\n\n\n<hr class=\"wp-block-separator has-text-color has-light-gray-blue-color has-alpha-channel-opacity has-light-gray-blue-background-color has-background\"\/>\n\n\n\n<p class=\"wp-block-paragraph\">Esta disposici\u00f3n general del espacio del oratorio, se ha venido llamando en \u201cT\u201c por la mayor anchura que poseen la nave axial y la de la <em>qibla<\/em>, ambas con direcciones ortogonales, disposici\u00f3n que se complica en algunas mezquitas para dar la forma de \u201cE\u201d, al ser m\u00e1s anchas las naves extremas, subtipo que no siempre resulta evidente. La mezquita de Tinmal, con nueve naves de cuatro vanos, puede considerarse un modelo intermedio entre el caso m\u00e1s simple representado por la mezquita de la Qasba de Rabat, que solo tiene siete naves y arquer\u00edas de dos vanos, y la mezquita Kutubiyya de Marrakech que resulta m\u00e1s evolucionada en formas y tama\u00f1o, con 17 naves con arquer\u00edas de seis vanos. A diferencia de la de Rabat, que solo enfatiza un \u00e1mbito de la zona donde confluyen la nave axial y la de la <em>qibla<\/em>, en Tinmal son tres los espacios cubiertos con c\u00fapulas de moc\u00e1rabes en la misma zona central, adem\u00e1s de las de los dos extremos de la nave de la <em>qibla<\/em>. En la Kutubiyya, las c\u00fapulas son cinco, jalonando la nave transversal, seg\u00fan una f\u00f3rmula can\u00f3nica que probablemente se repiti\u00f3 en la mezquita sevillana.<\/p>\n\n\n<div class=\"wp-block-image\">\n<figure class=\"aligncenter size-full is-resized\"><img data-recalc-dims=\"1\" loading=\"lazy\" decoding=\"async\" width=\"590\" height=\"915\" src=\"https:\/\/i0.wp.com\/www.alandalusylahistoria.com\/wp-content\/uploads\/2023\/09\/Tinmal-4.jpg?resize=590%2C915&#038;ssl=1\" alt=\"\" class=\"wp-image-4320\" style=\"width:480px;height:auto\" srcset=\"https:\/\/i0.wp.com\/www.alandalusylahistoria.com\/wp-content\/uploads\/2023\/09\/Tinmal-4.jpg?w=590&amp;ssl=1 590w, https:\/\/i0.wp.com\/www.alandalusylahistoria.com\/wp-content\/uploads\/2023\/09\/Tinmal-4.jpg?resize=193%2C300&amp;ssl=1 193w\" sizes=\"auto, (max-width: 590px) 100vw, 590px\" \/><figcaption class=\"wp-element-caption\">Interior de la mezquita de Tinmal antes del terremoto de septiembre de 2023. Zoubeir2008. <a href=\"https:\/\/commons.wikimedia.org\/wiki\/File:Minaret_de_la_mosqu%C3%A9e_de_Tinmel.jpg\" data-type=\"link\" data-id=\"https:\/\/commons.wikimedia.org\/wiki\/File:Minaret_de_la_mosqu%C3%A9e_de_Tinmel.jpg\" target=\"_blank\" rel=\"noreferrer noopener\">Wikimedia Commons<\/a>.<\/figcaption><\/figure>\n<\/div>\n\n\n<hr class=\"wp-block-separator has-text-color has-light-gray-blue-color has-alpha-channel-opacity has-light-gray-blue-background-color has-background\"\/>\n\n\n\n<p class=\"wp-block-paragraph\">La mayor\u00eda de los arcos son de herradura apuntada y lisos, en alg\u00fan caso con cuatro centros de curvatura, como los que forman la fachada de la sala hacia el patio. Son de lambrequines todos los que bordean los espacios cubiertos con c\u00fapulas de moc\u00e1rabes y los dos extremos de la arquer\u00eda entre la sala y el patio. En estos casos, los arcos son dobles y de escaso grosor, para dejar sitio a una calle intermedia que junto al<em> mihrab<\/em> se adorna con decoraci\u00f3n de sebka o <em>katf wa-d\u0101r\u0177<\/em> tallada en yeso. En la arquer\u00eda que conforma la nave de la <em>qibla<\/em>, adem\u00e1s de los dos extremos y el central, que son de lambrequines, los restantes son lobulados, de 15 l\u00f3bulos sencillos cuatro de ellos y de 13 l\u00f3bulos triples los dem\u00e1s. Todos los arcos arrancan de una nacela en la que apoya una forma caracter\u00edstica del arte almohade, formada por un perfil convexo que remata en otro c\u00f3ncavo derivado del remate vegetal de hoja de palma. Todos los arcos de la sala de oraci\u00f3n apoyan sobre semicolumnas adosadas a los pilares con capiteles de yeso tallado de variadas formas, de los que solo se conservan algunos.<\/p>\n\n\n\n<center><iframe src=\"https:\/\/www.google.com\/maps\/embed?pb=!4v1695201375801!6m8!1m7!1sCAoSLEFGMVFpcE95QmpySXQ2RmVvMEplOFRxUDNYODk1ZWRfZVZsQXdIQVZ1Ni1l!2m2!1d30.98484464116764!2d-8.228382244706154!3f160.6918208364245!4f10.100685524358653!5f0.7820865974627469\" width=\"600\" height=\"450\" style=\"border:0;\" allowfullscreen=\"\" loading=\"lazy\" referrerpolicy=\"no-referrer-when-downgrade\"><\/iframe><\/center>\n\n\n\n<p class=\"has-text-align-center has-small-font-size wp-block-paragraph\">Visita virtual al interior de la mezquita de Tinmal. Google maps.<\/p>\n\n\n\n<hr class=\"wp-block-separator has-text-color has-light-gray-blue-color has-alpha-channel-opacity has-light-gray-blue-background-color has-background\"\/>\n\n\n\n<p class=\"wp-block-paragraph\">Llama la atenci\u00f3n la rigurosa simetr\u00eda axial de la totalidad del edificio, que tambi\u00e9n documentamos en las fases m\u00e1s antiguas de <a href=\"https:\/\/maps.app.goo.gl\/M71Nwei7DnBPFjnGA\" data-type=\"link\" data-id=\"https:\/\/maps.app.goo.gl\/M71Nwei7DnBPFjnGA\" target=\"_blank\" rel=\"noreferrer noopener\">la Kutubiyya<\/a> y Sevilla, y en los planteamientos inconclusos de la mezquita de la alcazaba de Marrakech y de la nueva aljama de Rabat. Las cubiertas, en su mayor parte desaparecidas despu\u00e9s de un periodo de abandono, debieron ser a dos aguas, en su mayor\u00eda soportadas por armaduras de par y nudillo con tirantes, seg\u00fan las vemos en la mezquita Kutubiyya. Aceptando este modelo, las de la nave de la <em>qibla<\/em> ser\u00edan a cuatro aguas; as\u00ed se reconstruyeron las que cubren los dos lados de la nave de la <em>qibla<\/em>. Las que se conservaban, quiz\u00e1s originales, sobre las b\u00f3vedas de moc\u00e1rabes y que ser\u00edan invisibles desde el interior de la mezquita, son de artesa de limabord\u00f3n con almizate.<\/p>\n\n\n\n<p class=\"wp-block-paragraph\">El <em>mihrab<\/em> se abre en el centro del muro de la <em>qibla <\/em>y est\u00e1 compuesto por un nicho profundo de planta cuadrada con dos \u00e1ngulos achaflanados en la parte inferior y octogonal m\u00e1s arriba y que se cubre con una cupulita de moc\u00e1rabes. Un arco soportado por cuatro semicolumnas de yeso con capiteles de fina labra del mismo material constituye el acceso al nicho presentando en su frente exterior un bello y a la vez austero acompa\u00f1amiento ornamental. El arco es de herradura apuntada, apoyado en sendas nacelas lisas en el frente que sirven de transici\u00f3n entre los capiteles y la l\u00ednea de impostas, y est\u00e1 trasdosado por otro de perfil a\u00fan m\u00e1s apuntado, compuesto por finos l\u00f3bulos que, en sus uniones, adoptan la forma de \u00e1pices vegetales, cuyas impostas arrancan con la t\u00edpica forma de doble voluta tan caracter\u00edstica del arte almohade que, a veces, muestra su origen o explicaci\u00f3n: un ibis picoteando una serpiente. Todo ello queda enmarcado por un alfiz moldurado que delimita albanegas en cuyo centro se disponen rosetones que terminan en formas vegetales derivadas de la hoja de palma. Una banda con decoraci\u00f3n geom\u00e9trica de lazos enmarca todo el conjunto del nicho y sirve de asiento a un friso de siete arcos ciegos, tres de medio punto y cuatro m\u00e1s estrechos conformados por hojas vegetales. Otro friso de decoraci\u00f3n geom\u00e9trica y que se extiende por los cuatro lados de este espacio inmediato al <em>mihrab<\/em> serv\u00eda de apoyo a la b\u00f3veda de moc\u00e1rabes de la que s\u00f3lo quedan sus arranques. Como ya se ha indicado, los tres lados abiertos de este espacio inmediato al <em>mihrab <\/em>cuentan con dobles arcos de lambrequines entre los que corre una banda con decoraci\u00f3n de <em>katf wa-d\u0101r\u0177<\/em>. Bajo los arranques de los dos que apoyan en el muro de la <em>qibla<\/em>,se abren dos arcos de paso, flanqueando el central.&nbsp;&nbsp;&nbsp;&nbsp;<\/p>\n\n\n<div class=\"wp-block-image\">\n<figure class=\"aligncenter size-large is-resized\"><img data-recalc-dims=\"1\" loading=\"lazy\" decoding=\"async\" width=\"768\" height=\"1024\" src=\"https:\/\/i0.wp.com\/www.alandalusylahistoria.com\/wp-content\/uploads\/2023\/09\/Tinmal-3.jpg?resize=768%2C1024&#038;ssl=1\" alt=\"\" class=\"wp-image-4321\" style=\"width:476px;height:auto\" srcset=\"https:\/\/i0.wp.com\/www.alandalusylahistoria.com\/wp-content\/uploads\/2023\/09\/Tinmal-3.jpg?resize=768%2C1024&amp;ssl=1 768w, https:\/\/i0.wp.com\/www.alandalusylahistoria.com\/wp-content\/uploads\/2023\/09\/Tinmal-3.jpg?resize=225%2C300&amp;ssl=1 225w, https:\/\/i0.wp.com\/www.alandalusylahistoria.com\/wp-content\/uploads\/2023\/09\/Tinmal-3.jpg?resize=630%2C840&amp;ssl=1 630w, https:\/\/i0.wp.com\/www.alandalusylahistoria.com\/wp-content\/uploads\/2023\/09\/Tinmal-3.jpg?w=900&amp;ssl=1 900w\" sizes=\"auto, (max-width: 768px) 100vw, 768px\" \/><figcaption class=\"wp-element-caption\">Interior de la mezquita de Tinmal antes del terremoto de septiembre de 2023. R Prazeres. <a href=\"https:\/\/commons.wikimedia.org\/wiki\/File:Tinmal_Mosque_DSCF8520.jpg\" data-type=\"link\" data-id=\"https:\/\/commons.wikimedia.org\/wiki\/File:Tinmal_Mosque_DSCF8520.jpg\" target=\"_blank\" rel=\"noreferrer noopener\">Wikimedia Commons<\/a>.<\/figcaption><\/figure>\n<\/div>\n\n\n<hr class=\"wp-block-separator has-text-color has-light-gray-blue-color has-alpha-channel-opacity has-light-gray-blue-background-color has-background\"\/>\n\n\n\n<p class=\"wp-block-paragraph\">Lo m\u00e1s extra\u00f1o del edificio es su cabecera por el exterior, ya que por la parte interior muestra la organizaci\u00f3n can\u00f3nica, tripartita y sim\u00e9trica que hemos anunciado: el arco para el acceso de la autoridad al este, el del <em>mihrab<\/em> en el centro y la puerta del p\u00falpito rodante en el oeste. Tales elementos tradicionales quedaron englobados por un gran prisma exterior de organizaci\u00f3n casi sim\u00e9trica, m\u00e1s extenso de lo necesario para cobijar los elementos interiores, y algo achatado, pues apenas sobresale de los tejados adyacentes y que el se\u00edsmo ha partido en diagonal, derribando la parte oeste; alojaba una escalera dextr\u00f3gira, con s\u00f3lo dos tramos largos y uno corto, gracias a la cual se acced\u00eda a una c\u00e1mara situada sobre el <em>mihrab<\/em>, con escasas y peque\u00f1as ventanas, as\u00ed como a la azotea general del prisma; por el exterior, mirando al sur, hab\u00eda tres arcos ciegos muy parecidos a los inferiores de la cara de levante del alminar de la Kutubiyya; quiz\u00e1s por este detalle y por la escalera, se ha identificado este raro prisma con el alminar, al que el almu\u00e9dano subir\u00eda girando, al contrario que en todos los dem\u00e1s casos que conocemos en Al-Andalus y al-Magrib al-Aq\u1e63\u0101.<\/p>\n\n\n\n<p class=\"wp-block-paragraph\">Al hablar de esta la mezquita, de forma inmediata, surge el recuerdo del investigador alem\u00e1n Christian Ewert (1935-2006) con quien conocimos el lugar en octubre de 1991, y que hasta el presente ha sido quien m\u00e1s y mejor ha estudiado el oratorio. La historia moderna de Tinmal comienza con el siglo XX, pero hasta la primavera de 1923 no se realiz\u00f3 una investigaci\u00f3n adecuada, con buenos dibujos y fotograf\u00edas, impresos en 1932. Las im\u00e1genes de aquellos a\u00f1os nos muestran un edificio que hab\u00eda cambiado bastante, no en sus vol\u00famenes ni sus espacios, pues, como ahora, estaba pr\u00e1cticamente en alberca, pero si en algunas formas menores y en su epidermis, pues vemos que su exterior estaba muy descarnado, lo mismo que una parte del interior.<\/p>\n\n\n\n<p class=\"wp-block-paragraph\">En la publicaci\u00f3n fundamental de Ewert y Wisshak, las fotograf\u00edas, tomadas entre 1963 y 1975, nos muestran el interior relativamente limpio, las cepas de los pilares del patio visibles, casi todas las viejas hojas de las puertas repuestas en sus lugares, y se ve que hab\u00edan realizado algunas obras en el interior, adem\u00e1s muchos paramentos del exterior quedaron ocultos por un revoco nuevo; as\u00ed es como lo dibuj\u00f3 el investigador, definiendo el prototipo de la arquitectura religiosa almohade, con f\u00f3rmulas espaciales, constructivas y decorativas que, seg\u00fan la opini\u00f3n general, heredaron las aljamas m\u00e1s antiguas de los unitaristas, concretamente las de la Kutubiyya y Sevilla, que son, en cierta manera y en apariencia, como la multiplicaci\u00f3n y redimensionado del esquema tinmal\u00ed, que, a su vez, tal vez se inspirara en la mezquita de Rabat llamada \u0176ami\u02bf al-Atiq, edificio que a\u00fan muestra soluciones almor\u00e1vides ante el muro de la <em>qibla<\/em>. Todo ello nos hace pensar que el proceso de formaci\u00f3n de la arquitectura almohade debi\u00f3 ser bastante complejo, desempe\u00f1ando Tinmal un papel central.<\/p>\n\n\n<div class=\"wp-block-image\">\n<figure class=\"aligncenter size-large\"><img data-recalc-dims=\"1\" loading=\"lazy\" decoding=\"async\" width=\"1000\" height=\"450\" src=\"https:\/\/i0.wp.com\/www.alandalusylahistoria.com\/wp-content\/uploads\/2023\/09\/Tinmal_03.jpg?resize=1000%2C450&#038;ssl=1\" alt=\"\" class=\"wp-image-4338\" srcset=\"https:\/\/i0.wp.com\/www.alandalusylahistoria.com\/wp-content\/uploads\/2023\/09\/Tinmal_03.jpg?resize=1024%2C461&amp;ssl=1 1024w, https:\/\/i0.wp.com\/www.alandalusylahistoria.com\/wp-content\/uploads\/2023\/09\/Tinmal_03.jpg?resize=300%2C135&amp;ssl=1 300w, https:\/\/i0.wp.com\/www.alandalusylahistoria.com\/wp-content\/uploads\/2023\/09\/Tinmal_03.jpg?resize=768%2C346&amp;ssl=1 768w, https:\/\/i0.wp.com\/www.alandalusylahistoria.com\/wp-content\/uploads\/2023\/09\/Tinmal_03.jpg?w=1280&amp;ssl=1 1280w\" sizes=\"auto, (max-width: 1000px) 100vw, 1000px\" \/><figcaption class=\"wp-element-caption\">La mezquita de Tinmal tras el terremoto de septiembre de 2023.<\/figcaption><\/figure>\n<\/div>\n\n\n<hr class=\"wp-block-separator has-text-color has-light-gray-blue-color has-alpha-channel-opacity has-light-gray-blue-background-color has-background\"\/>\n\n\n\n<p class=\"wp-block-paragraph\">Al comienzo de los a\u00f1os noventa del siglo pasado, se realiz\u00f3 una restauraci\u00f3n extensa del monumento reconstruyendo los arcos que estaban hundidos en la sala de oraci\u00f3n y completando la cubrici\u00f3n de la nave inmediata al muro de la <em>qibla<\/em>, en la que solo los espacios de las b\u00f3vedas de moc\u00e1rabes central y oriental estaban tejados. El resto del edificio se dej\u00f3 en alberca, sin tejados y sin reconstruir los pilares ni los arcos del patio. En el a\u00f1o 2022 se inici\u00f3 una nueva fase de restauraci\u00f3n que ha concluido inopinadamente con el terremoto acaecido en la noche del 8 de septiembre de 2023 y que ha provocado el colapso casi total del monumento, sin que en el momento en que se redacta este texto pueda a\u00fan vislumbrarse el verdadero alcance de la ruina, que en todo caso parece de enorme trascendencia y gravedad.<\/p>\n\n\n\n<p class=\"wp-block-paragraph\">Debemos esperar que la p\u00e9rdida irreparable que ha causado el se\u00edsmo, pueda al menos mitigarse en parte con una esmerada, documentada y juiciosa reconstrucci\u00f3n que reintegre cuantos restos se puedan recuperar de sus escombros para que con ello siga perdurando este testimonio material de una p\u00e1gina importante de la historia de al-Andalus y el Magreb.<\/p>\n\n\n\n<hr class=\"wp-block-separator has-text-color has-bright-blue-color has-alpha-channel-opacity has-bright-blue-background-color has-background\"\/>\n\n\n\n<h4 class=\"wp-block-heading\">Para ampliar:<\/h4>\n\n\n\n<ul class=\"wp-block-list\">\n<li>M\u00e1s informaci\u00f3n, sobre todo gr\u00e1fica en: <a rel=\"noreferrer noopener\" href=\"https:\/\/www.ataral.es\/inventario.php?id=mezquita-de-tinmal\" target=\"_blank\">https:\/\/www.ataral.es\/inventario.php?id=mezquita-de-tinmal<\/a> (Proyecto de la Real Academia de Bellas Artes de San Fernando financiado por el Programa Estatal de I+D+i del Ministerio de Ciencia e Innovaci\u00f3n, PID2019-111644GB-I00).<\/li>\n\n\n\n<li>Basset, Henri y Henri Terrasse (1932). <em>Sanctuaires et forteresses almohades. Collection Hesp\u00e9ris, V<\/em>. Paris, Larose \u00c9diteur.<\/li>\n\n\n\n<li>Calvo Capilla, Susana (2017). Peregrinaci\u00f3n y ceremonial en las mezquitas almohades: el caso de la mezquita de Tinmal. <em>Alfonso VIII y Leonor de Inglaterra: confluencias art\u00edsticas en el entorno de 1200<\/em>. Madrid, Ediciones Complutenses: 589-629.<\/li>\n\n\n\n<li>Calvo Capilla, Susana (2019). Reflexiones en torno a los alminares almohades: la Mezquita de Tinmal y la Giralda de Sevilla. <em>Al-Muwahhid\u00fcn: el despertar del califato almohade<\/em>. Sevilla, Consejer\u00eda de Cultura y Patrimonio Hist\u00f3rico, 138-155.<\/li>\n\n\n\n<li>Ewert, Christian y Jens-Peter Wisshak (1984). <em>Forschugen zur almohadischen Moschee. II: Die Moschee von Tinmal<\/em>. Mainz am Rhein, Verlag Phillip von Zabern.<\/li>\n\n\n\n<li>Ewert, Christian (1986). The Mosque of Tinmal (Morocco) and Some New Aspects of Islamic Architectural Typology. <em>Proceedings of the British Academy <\/em>(72): 115-148.<\/li>\n\n\n\n<li>Ewert, Christian (1992). La herencia art\u00edstica de la Espa\u00f1a isl\u00e1mica en el norte de \u00c1frica y Al-Andalus. <em>Las artes isl\u00e1micas en Espa\u00f1a<\/em>. Madrid, The Metropolitan Museum of Art y Ediciones El Viso: 84-95.<\/li>\n\n\n\n<li>Huici Miranda, Ambrosio (1964). <em>Ibn Abi Zar: Rawd al-Qirtas<\/em>. 1, Valencia, N\u00e1cher. <\/li>\n\n\n\n<li>Khiara, Youssef y Bulle Tuil Leonetti (2014). Tinmal et la construction de la l\u00e9gitimit\u00e9 mu&#8217;minide, &nbsp;<em>Maroc medi\u00e9val. Un empire de l&#8217;Afrique \u00e0 l&#8217;Espagne<\/em>. Paris, Hazan Louvre \u00e9ditions: 281-4.<\/li>\n<\/ul>\n","protected":false},"excerpt":{"rendered":"<p>Antonio Almagro y Alfonso Jim\u00e9nez<\/p>\n","protected":false},"author":11,"featured_media":4318,"comment_status":"closed","ping_status":"closed","sticky":false,"template":"","format":"standard","meta":{"_crdt_document":"","jetpack_post_was_ever_published":false,"footnotes":""},"categories":[178,361],"tags":[404,302,357],"coauthors":[262],"class_list":{"0":"post-4316","1":"post","2":"type-post","3":"status-publish","4":"format-standard","5":"has-post-thumbnail","6":"hentry","7":"category-cultura-material","8":"category-lugares","9":"tag-arquitectura-almohade","10":"tag-marruecos","11":"tag-mezquitas","13":"fallback-thumbnail"},"jetpack_featured_media_url":"https:\/\/i0.wp.com\/www.alandalusylahistoria.com\/wp-content\/uploads\/2023\/09\/Tinmal-1.jpg?fit=1632%2C918&ssl=1","jetpack-related-posts":[],"_links":{"self":[{"href":"https:\/\/www.alandalusylahistoria.com\/index.php?rest_route=\/wp\/v2\/posts\/4316","targetHints":{"allow":["GET"]}}],"collection":[{"href":"https:\/\/www.alandalusylahistoria.com\/index.php?rest_route=\/wp\/v2\/posts"}],"about":[{"href":"https:\/\/www.alandalusylahistoria.com\/index.php?rest_route=\/wp\/v2\/types\/post"}],"author":[{"embeddable":true,"href":"https:\/\/www.alandalusylahistoria.com\/index.php?rest_route=\/wp\/v2\/users\/11"}],"replies":[{"embeddable":true,"href":"https:\/\/www.alandalusylahistoria.com\/index.php?rest_route=%2Fwp%2Fv2%2Fcomments&post=4316"}],"version-history":[{"count":10,"href":"https:\/\/www.alandalusylahistoria.com\/index.php?rest_route=\/wp\/v2\/posts\/4316\/revisions"}],"predecessor-version":[{"id":4344,"href":"https:\/\/www.alandalusylahistoria.com\/index.php?rest_route=\/wp\/v2\/posts\/4316\/revisions\/4344"}],"wp:featuredmedia":[{"embeddable":true,"href":"https:\/\/www.alandalusylahistoria.com\/index.php?rest_route=\/wp\/v2\/media\/4318"}],"wp:attachment":[{"href":"https:\/\/www.alandalusylahistoria.com\/index.php?rest_route=%2Fwp%2Fv2%2Fmedia&parent=4316"}],"wp:term":[{"taxonomy":"category","embeddable":true,"href":"https:\/\/www.alandalusylahistoria.com\/index.php?rest_route=%2Fwp%2Fv2%2Fcategories&post=4316"},{"taxonomy":"post_tag","embeddable":true,"href":"https:\/\/www.alandalusylahistoria.com\/index.php?rest_route=%2Fwp%2Fv2%2Ftags&post=4316"},{"taxonomy":"author","embeddable":true,"href":"https:\/\/www.alandalusylahistoria.com\/index.php?rest_route=%2Fwp%2Fv2%2Fcoauthors&post=4316"}],"curies":[{"name":"wp","href":"https:\/\/api.w.org\/{rel}","templated":true}]}}