{"id":4310,"date":"2023-09-15T10:52:42","date_gmt":"2023-09-15T08:52:42","guid":{"rendered":"https:\/\/www.alandalusylahistoria.com\/?p=4310"},"modified":"2023-09-15T10:52:44","modified_gmt":"2023-09-15T08:52:44","slug":"mapa-interactivo-del-madrid-islamico","status":"publish","type":"post","link":"https:\/\/www.alandalusylahistoria.com\/?p=4310","title":{"rendered":"Mapa interactivo del Madrid isl\u00e1mico"},"content":{"rendered":"\n<h3 class=\"wp-block-heading has-text-align-center\">Entender c\u00f3mo era el Madrid isl\u00e1mico y d\u00f3nde estaban sus principales edificios es ahora m\u00e1s f\u00e1cil gracias a este mapa interactivo<\/h3>\n\n\n\n<figure class=\"wp-block-embed aligncenter is-type-video is-provider-youtube wp-block-embed-youtube wp-embed-aspect-16-9 wp-has-aspect-ratio\"><div class=\"wp-block-embed__wrapper\">\n<iframe loading=\"lazy\" title=\"Mapa virtual del Madrid isl\u00e1mico | 6 consejos\" width=\"1000\" height=\"563\" src=\"https:\/\/www.youtube.com\/embed\/otB4XrfMB-A?feature=oembed\" frameborder=\"0\" allow=\"accelerometer; autoplay; clipboard-write; encrypted-media; gyroscope; picture-in-picture; web-share\" allowfullscreen><\/iframe>\n<\/div><\/figure>\n\n\n\n<p class=\"has-text-align-center wp-block-paragraph\">La <a href=\"https:\/\/funci.org\/\" data-type=\"link\" data-id=\"https:\/\/funci.org\/\" target=\"_blank\" rel=\"noreferrer noopener\">Fundaci\u00f3n de Cultura Isl\u00e1mica<\/a> ha creado un mapa interactivo del Madrid isl\u00e1mico que puede consultarse aqu\u00ed: <a href=\"https:\/\/madridislamico.org\/mapa-interactivo\/\" target=\"_blank\" rel=\"noreferrer noopener\">https:\/\/madridislamico.org\/mapa-interactivo\/<\/a><\/p>\n","protected":false},"excerpt":{"rendered":"<p>Entender c\u00f3mo era el Madrid isl\u00e1mico y d\u00f3nde estaban sus principales edificios es ahora m\u00e1s f\u00e1cil gracias a este mapa interactivo<\/p>\n","protected":false},"author":11,"featured_media":4311,"comment_status":"closed","ping_status":"closed","sticky":false,"template":"","format":"standard","meta":{"_crdt_document":"","jetpack_post_was_ever_published":false,"footnotes":""},"categories":[13],"tags":[362],"coauthors":[262],"class_list":{"0":"post-4310","1":"post","2":"type-post","3":"status-publish","4":"format-standard","5":"has-post-thumbnail","6":"hentry","7":"category-multimedia","8":"tag-madrid","10":"fallback-thumbnail"},"jetpack_featured_media_url":"https:\/\/i0.wp.com\/www.alandalusylahistoria.com\/wp-content\/uploads\/2023\/09\/mapa-madrid-islamico.jpg?fit=837%2C473&ssl=1","jetpack-related-posts":[],"_links":{"self":[{"href":"https:\/\/www.alandalusylahistoria.com\/index.php?rest_route=\/wp\/v2\/posts\/4310","targetHints":{"allow":["GET"]}}],"collection":[{"href":"https:\/\/www.alandalusylahistoria.com\/index.php?rest_route=\/wp\/v2\/posts"}],"about":[{"href":"https:\/\/www.alandalusylahistoria.com\/index.php?rest_route=\/wp\/v2\/types\/post"}],"author":[{"embeddable":true,"href":"https:\/\/www.alandalusylahistoria.com\/index.php?rest_route=\/wp\/v2\/users\/11"}],"replies":[{"embeddable":true,"href":"https:\/\/www.alandalusylahistoria.com\/index.php?rest_route=%2Fwp%2Fv2%2Fcomments&post=4310"}],"version-history":[{"count":1,"href":"https:\/\/www.alandalusylahistoria.com\/index.php?rest_route=\/wp\/v2\/posts\/4310\/revisions"}],"predecessor-version":[{"id":4313,"href":"https:\/\/www.alandalusylahistoria.com\/index.php?rest_route=\/wp\/v2\/posts\/4310\/revisions\/4313"}],"wp:featuredmedia":[{"embeddable":true,"href":"https:\/\/www.alandalusylahistoria.com\/index.php?rest_route=\/wp\/v2\/media\/4311"}],"wp:attachment":[{"href":"https:\/\/www.alandalusylahistoria.com\/index.php?rest_route=%2Fwp%2Fv2%2Fmedia&parent=4310"}],"wp:term":[{"taxonomy":"category","embeddable":true,"href":"https:\/\/www.alandalusylahistoria.com\/index.php?rest_route=%2Fwp%2Fv2%2Fcategories&post=4310"},{"taxonomy":"post_tag","embeddable":true,"href":"https:\/\/www.alandalusylahistoria.com\/index.php?rest_route=%2Fwp%2Fv2%2Ftags&post=4310"},{"taxonomy":"author","embeddable":true,"href":"https:\/\/www.alandalusylahistoria.com\/index.php?rest_route=%2Fwp%2Fv2%2Fcoauthors&post=4310"}],"curies":[{"name":"wp","href":"https:\/\/api.w.org\/{rel}","templated":true}]}}