{"id":4251,"date":"2023-06-30T09:03:38","date_gmt":"2023-06-30T07:03:38","guid":{"rendered":"https:\/\/www.alandalusylahistoria.com\/?p=4251"},"modified":"2023-06-30T09:03:40","modified_gmt":"2023-06-30T07:03:40","slug":"madinat-ilbira","status":"publish","type":"post","link":"https:\/\/www.alandalusylahistoria.com\/?p=4251","title":{"rendered":"Madinat Ilbira"},"content":{"rendered":"\n<h3 class=\"wp-block-heading has-text-align-center\">El yacimiento arqueol\u00f3gico de <a rel=\"noreferrer noopener\" href=\"http:\/\/www.medinaelvira.org\/\" data-type=\"URL\" data-id=\"http:\/\/www.medinaelvira.org\/\" target=\"_blank\">Madinat Ilbira<\/a> se sit\u00faa sobre los restos de una de las ciudades andalus\u00edes m\u00e1s antiguas, situada en la Vega de Granada. En esta conferencia organizada por el <a rel=\"noreferrer noopener\" href=\"https:\/\/www.museosdeandalucia.es\/web\/museoarqueologicodegranada\" target=\"_blank\">Museo Arqueol\u00f3gico y Etnol\u00f3gico de Granada<\/a>, el profesor <a rel=\"noreferrer noopener\" href=\"https:\/\/www.ugr.es\/personal\/bilal-sarr-marroco\" data-type=\"URL\" data-id=\"https:\/\/www.ugr.es\/personal\/bilal-sarr-marroco\" target=\"_blank\">Bilal Sarr<\/a> (Universidad de Granada) nos acerca a este importante yacimiento<\/h3>\n\n\n\n<figure class=\"wp-block-embed aligncenter is-type-video is-provider-youtube wp-block-embed-youtube wp-embed-aspect-16-9 wp-has-aspect-ratio\"><div class=\"wp-block-embed__wrapper\">\n<iframe loading=\"lazy\" title=\"Los Martes de Castril - Medinat Ilbira\" width=\"1000\" height=\"563\" src=\"https:\/\/www.youtube.com\/embed\/VpWWFOfmZ00?start=412&#038;feature=oembed\" frameborder=\"0\" allow=\"accelerometer; autoplay; clipboard-write; encrypted-media; gyroscope; picture-in-picture; web-share\" allowfullscreen><\/iframe>\n<\/div><\/figure>\n","protected":false},"excerpt":{"rendered":"<p>El yacimiento arqueol\u00f3gico de Madinat Ilbira se sit\u00faa sobre los restos de una de las ciudades andalus\u00edes m\u00e1s antiguas, situada en la Vega de Granada. En esta conferencia organizada por el Museo Arqueol\u00f3gico y Etnol\u00f3gico de Granada, el profesor Bilal Sarr (Universidad de Granada) nos acerca a este importante yacimiento<\/p>\n","protected":false},"author":11,"featured_media":4253,"comment_status":"closed","ping_status":"closed","sticky":false,"template":"","format":"standard","meta":{"_crdt_document":"","jetpack_post_was_ever_published":false,"footnotes":""},"categories":[13],"tags":[212,89,400],"coauthors":[262],"class_list":{"0":"post-4251","1":"post","2":"type-post","3":"status-publish","4":"format-standard","5":"has-post-thumbnail","6":"hentry","7":"category-multimedia","8":"tag-ciudades","9":"tag-granada","10":"tag-madinat-ilbira","12":"fallback-thumbnail"},"jetpack_featured_media_url":"https:\/\/i0.wp.com\/www.alandalusylahistoria.com\/wp-content\/uploads\/2023\/06\/Bilal-Sarr-Madinat-Ilbira.jpg?fit=1022%2C886&ssl=1","_links":{"self":[{"href":"https:\/\/www.alandalusylahistoria.com\/index.php?rest_route=\/wp\/v2\/posts\/4251","targetHints":{"allow":["GET"]}}],"collection":[{"href":"https:\/\/www.alandalusylahistoria.com\/index.php?rest_route=\/wp\/v2\/posts"}],"about":[{"href":"https:\/\/www.alandalusylahistoria.com\/index.php?rest_route=\/wp\/v2\/types\/post"}],"author":[{"embeddable":true,"href":"https:\/\/www.alandalusylahistoria.com\/index.php?rest_route=\/wp\/v2\/users\/11"}],"replies":[{"embeddable":true,"href":"https:\/\/www.alandalusylahistoria.com\/index.php?rest_route=%2Fwp%2Fv2%2Fcomments&post=4251"}],"version-history":[{"count":2,"href":"https:\/\/www.alandalusylahistoria.com\/index.php?rest_route=\/wp\/v2\/posts\/4251\/revisions"}],"predecessor-version":[{"id":4255,"href":"https:\/\/www.alandalusylahistoria.com\/index.php?rest_route=\/wp\/v2\/posts\/4251\/revisions\/4255"}],"wp:featuredmedia":[{"embeddable":true,"href":"https:\/\/www.alandalusylahistoria.com\/index.php?rest_route=\/wp\/v2\/media\/4253"}],"wp:attachment":[{"href":"https:\/\/www.alandalusylahistoria.com\/index.php?rest_route=%2Fwp%2Fv2%2Fmedia&parent=4251"}],"wp:term":[{"taxonomy":"category","embeddable":true,"href":"https:\/\/www.alandalusylahistoria.com\/index.php?rest_route=%2Fwp%2Fv2%2Fcategories&post=4251"},{"taxonomy":"post_tag","embeddable":true,"href":"https:\/\/www.alandalusylahistoria.com\/index.php?rest_route=%2Fwp%2Fv2%2Ftags&post=4251"},{"taxonomy":"author","embeddable":true,"href":"https:\/\/www.alandalusylahistoria.com\/index.php?rest_route=%2Fwp%2Fv2%2Fcoauthors&post=4251"}],"curies":[{"name":"wp","href":"https:\/\/api.w.org\/{rel}","templated":true}]}}