{"id":4144,"date":"2023-05-05T15:15:39","date_gmt":"2023-05-05T13:15:39","guid":{"rendered":"https:\/\/www.alandalusylahistoria.com\/?p=4144"},"modified":"2024-02-29T11:36:30","modified_gmt":"2024-02-29T10:36:30","slug":"la-batalla-de-las-navas-de-tolosa","status":"publish","type":"post","link":"https:\/\/www.alandalusylahistoria.com\/?p=4144","title":{"rendered":"La batalla de las Navas de Tolosa"},"content":{"rendered":"\n<h3 class=\"wp-block-heading has-text-align-center\">\u00abNunca hubo una guerra igual\u00bb, as\u00ed se refiri\u00f3 Lucas de Tuy (s. XIII) a la batalla de Las Navas de Tolosa, que <span class=\"yt-core-attributed-string yt-core-attributed-string--white-space-pre-wrap\">el catedr\u00e1tico de Historia Medieval de la Universidad de Extremadura <a rel=\"noreferrer noopener\" href=\"http:\/\/www.historiauex.es\/profesor\/garca_fitz-francisco\" target=\"_blank\">Francisco Garc\u00eda Fitz<\/a> analiza en esta conferencia impartida en la Fundaci\u00f3n Juan March<\/span><\/h3>\n\n\n\n<figure class=\"wp-block-embed aligncenter is-type-video is-provider-youtube wp-block-embed-youtube wp-embed-aspect-16-9 wp-has-aspect-ratio\"><div class=\"wp-block-embed__wrapper\">\n<iframe loading=\"lazy\" title=\"La batalla de las Navas de Tolosa |\u00a0Francisco Garc\u00eda Fitz\" width=\"1000\" height=\"563\" src=\"https:\/\/www.youtube.com\/embed\/DdL02og6jSY?feature=oembed\" frameborder=\"0\" allow=\"accelerometer; autoplay; clipboard-write; encrypted-media; gyroscope; picture-in-picture; web-share\" allowfullscreen><\/iframe>\n<\/div><\/figure>\n","protected":false},"excerpt":{"rendered":"<p>\u00abNunca hubo una guerra igual\u00bb. As\u00ed se refiri\u00f3 Lucas de Tuy (s. XIII) a la batalla de Las Navas de Tolosa que el catedr\u00e1tico de Historia Medieval de la Universidad de Extremadura Francisco Garc\u00eda Fitz analiza en esta conferencia impartida en la Fundaci\u00f3n Juan March<\/p>\n","protected":false},"author":11,"featured_media":4145,"comment_status":"closed","ping_status":"closed","sticky":false,"template":"","format":"standard","meta":{"_crdt_document":"","jetpack_post_was_ever_published":false,"footnotes":""},"categories":[13],"tags":[390,91,391,59,188,419],"coauthors":[262],"class_list":{"0":"post-4144","1":"post","2":"type-post","3":"status-publish","4":"format-standard","5":"has-post-thumbnail","6":"hentry","7":"category-multimedia","8":"tag-alfonso-viii","9":"tag-almohades","10":"tag-batallas","11":"tag-cruzada","12":"tag-guerra","13":"tag-navas-de-tolosa","15":"fallback-thumbnail"},"jetpack_featured_media_url":"https:\/\/i0.wp.com\/www.alandalusylahistoria.com\/wp-content\/uploads\/2023\/05\/Cantiga_181-recorte.jpg?fit=642%2C1257&ssl=1","_links":{"self":[{"href":"https:\/\/www.alandalusylahistoria.com\/index.php?rest_route=\/wp\/v2\/posts\/4144","targetHints":{"allow":["GET"]}}],"collection":[{"href":"https:\/\/www.alandalusylahistoria.com\/index.php?rest_route=\/wp\/v2\/posts"}],"about":[{"href":"https:\/\/www.alandalusylahistoria.com\/index.php?rest_route=\/wp\/v2\/types\/post"}],"author":[{"embeddable":true,"href":"https:\/\/www.alandalusylahistoria.com\/index.php?rest_route=\/wp\/v2\/users\/11"}],"replies":[{"embeddable":true,"href":"https:\/\/www.alandalusylahistoria.com\/index.php?rest_route=%2Fwp%2Fv2%2Fcomments&post=4144"}],"version-history":[{"count":1,"href":"https:\/\/www.alandalusylahistoria.com\/index.php?rest_route=\/wp\/v2\/posts\/4144\/revisions"}],"predecessor-version":[{"id":4147,"href":"https:\/\/www.alandalusylahistoria.com\/index.php?rest_route=\/wp\/v2\/posts\/4144\/revisions\/4147"}],"wp:featuredmedia":[{"embeddable":true,"href":"https:\/\/www.alandalusylahistoria.com\/index.php?rest_route=\/wp\/v2\/media\/4145"}],"wp:attachment":[{"href":"https:\/\/www.alandalusylahistoria.com\/index.php?rest_route=%2Fwp%2Fv2%2Fmedia&parent=4144"}],"wp:term":[{"taxonomy":"category","embeddable":true,"href":"https:\/\/www.alandalusylahistoria.com\/index.php?rest_route=%2Fwp%2Fv2%2Fcategories&post=4144"},{"taxonomy":"post_tag","embeddable":true,"href":"https:\/\/www.alandalusylahistoria.com\/index.php?rest_route=%2Fwp%2Fv2%2Ftags&post=4144"},{"taxonomy":"author","embeddable":true,"href":"https:\/\/www.alandalusylahistoria.com\/index.php?rest_route=%2Fwp%2Fv2%2Fcoauthors&post=4144"}],"curies":[{"name":"wp","href":"https:\/\/api.w.org\/{rel}","templated":true}]}}