{"id":4126,"date":"2023-04-21T13:22:15","date_gmt":"2023-04-21T11:22:15","guid":{"rendered":"https:\/\/www.alandalusylahistoria.com\/?p=4126"},"modified":"2023-04-21T13:22:16","modified_gmt":"2023-04-21T11:22:16","slug":"los-cristianos-en-al-andalus-nuevas-perspectivas","status":"publish","type":"post","link":"https:\/\/www.alandalusylahistoria.com\/?p=4126","title":{"rendered":"Los cristianos en al-\u00c1ndalus: nuevas perspectivas"},"content":{"rendered":"\n<h3 class=\"wp-block-heading has-text-align-center\">En las \u00faltimas d\u00e9cadas, los avances en la investigaci\u00f3n hist\u00f3rica han permitido poner en duda las antiguas ideas acerca de la temprana desaparici\u00f3n de la poblaci\u00f3n cristiana de al-\u00c1ndalus. El profesor <a href=\"https:\/\/tt.univ-lyon2.fr\/cyrille-aillet\" target=\"_blank\" rel=\"noreferrer noopener\">Cyrille Aillet<\/a>, de la Universidad de Lyon, ofrece en esta conferencia una panor\u00e1mica del estado de las investigaciones en torno a los cristianos andalus\u00edes <\/h3>\n\n\n\n<figure class=\"wp-block-embed aligncenter is-type-video is-provider-youtube wp-block-embed-youtube wp-embed-aspect-16-9 wp-has-aspect-ratio\"><div class=\"wp-block-embed__wrapper\">\n<iframe loading=\"lazy\" title=\"AAU 4.11. Nuevas perspectivas sobre los cristianos en al-\u00c1ndalus\" width=\"1000\" height=\"563\" src=\"https:\/\/www.youtube.com\/embed\/d_ivonLPBMk?feature=oembed\" frameborder=\"0\" allow=\"accelerometer; autoplay; clipboard-write; encrypted-media; gyroscope; picture-in-picture; web-share\" allowfullscreen><\/iframe>\n<\/div><figcaption class=\"wp-element-caption\">Conferencia organizada dentro de <a rel=\"noreferrer noopener\" href=\"https:\/\/www.casaarabe.es\/eventos-arabes\/show\/aula-arabe-universitaria-4#15681\" target=\"_blank\">Aula \u00c1rabe Universitaria de Casa \u00c1rabe<\/a>, en colaboraci\u00f3n con el Grado de Historia y el m\u00e1ster <a href=\"https:\/\/uam.es\/CentroEstudiosPosgrado\/MU_Mundo_Iberico_Medieval_Hispania_Al_Andalus_Sefarad\/1446817650482.htm?language=es_ES&amp;nDept=4&amp;pid=1446755975574&amp;pidDept=1446755975751\" target=\"_blank\" rel=\"noreferrer noopener\">\u00abMundo ib\u00e9rico medieval: Hispania, al-Andalus, Sefarad\u00bb<\/a> de la Universidad Aut\u00f3noma de Madrid<\/figcaption><\/figure>\n","protected":false},"excerpt":{"rendered":"<p>En las \u00faltimas d\u00e9cadas, los avances en la investigaci\u00f3n hist\u00f3rica han permitido poner en duda las antiguas ideas acerca de la temprana desaparici\u00f3n de la poblaci\u00f3n cristiana de al-\u00c1ndalus. El profesor Cyrille Aillet, de la Universidad de Lyon, ofrece en esta conferencia una panor\u00e1mica del estado de las investigaciones en torno a los cristianos andalus\u00edes<\/p>\n","protected":false},"author":11,"featured_media":4128,"comment_status":"closed","ping_status":"closed","sticky":false,"template":"","format":"standard","meta":{"_crdt_document":"","jetpack_post_was_ever_published":false,"footnotes":""},"categories":[13],"tags":[5,55,7],"coauthors":[262],"class_list":{"0":"post-4126","1":"post","2":"type-post","3":"status-publish","4":"format-standard","5":"has-post-thumbnail","6":"hentry","7":"category-multimedia","8":"tag-cristianos-en-al-andalus","9":"tag-cristianos-en-el-islam","10":"tag-dhimmies","12":"fallback-thumbnail"},"jetpack_featured_media_url":"https:\/\/i0.wp.com\/www.alandalusylahistoria.com\/wp-content\/uploads\/2023\/04\/Campana-abad-Samson-Museo-Arqueologico-Cordoba-s-X.jpg?fit=839%2C925&ssl=1","_links":{"self":[{"href":"https:\/\/www.alandalusylahistoria.com\/index.php?rest_route=\/wp\/v2\/posts\/4126","targetHints":{"allow":["GET"]}}],"collection":[{"href":"https:\/\/www.alandalusylahistoria.com\/index.php?rest_route=\/wp\/v2\/posts"}],"about":[{"href":"https:\/\/www.alandalusylahistoria.com\/index.php?rest_route=\/wp\/v2\/types\/post"}],"author":[{"embeddable":true,"href":"https:\/\/www.alandalusylahistoria.com\/index.php?rest_route=\/wp\/v2\/users\/11"}],"replies":[{"embeddable":true,"href":"https:\/\/www.alandalusylahistoria.com\/index.php?rest_route=%2Fwp%2Fv2%2Fcomments&post=4126"}],"version-history":[{"count":1,"href":"https:\/\/www.alandalusylahistoria.com\/index.php?rest_route=\/wp\/v2\/posts\/4126\/revisions"}],"predecessor-version":[{"id":4129,"href":"https:\/\/www.alandalusylahistoria.com\/index.php?rest_route=\/wp\/v2\/posts\/4126\/revisions\/4129"}],"wp:featuredmedia":[{"embeddable":true,"href":"https:\/\/www.alandalusylahistoria.com\/index.php?rest_route=\/wp\/v2\/media\/4128"}],"wp:attachment":[{"href":"https:\/\/www.alandalusylahistoria.com\/index.php?rest_route=%2Fwp%2Fv2%2Fmedia&parent=4126"}],"wp:term":[{"taxonomy":"category","embeddable":true,"href":"https:\/\/www.alandalusylahistoria.com\/index.php?rest_route=%2Fwp%2Fv2%2Fcategories&post=4126"},{"taxonomy":"post_tag","embeddable":true,"href":"https:\/\/www.alandalusylahistoria.com\/index.php?rest_route=%2Fwp%2Fv2%2Ftags&post=4126"},{"taxonomy":"author","embeddable":true,"href":"https:\/\/www.alandalusylahistoria.com\/index.php?rest_route=%2Fwp%2Fv2%2Fcoauthors&post=4126"}],"curies":[{"name":"wp","href":"https:\/\/api.w.org\/{rel}","templated":true}]}}