{"id":4103,"date":"2023-03-31T09:56:36","date_gmt":"2023-03-31T07:56:36","guid":{"rendered":"https:\/\/www.alandalusylahistoria.com\/?p=4103"},"modified":"2023-03-31T09:59:19","modified_gmt":"2023-03-31T07:59:19","slug":"reconquista-esencialismo-y-mitificacion","status":"publish","type":"post","link":"https:\/\/www.alandalusylahistoria.com\/?p=4103","title":{"rendered":"Reconquista: esencialismo y mitificaci\u00f3n"},"content":{"rendered":"\n<h3 class=\"wp-block-heading has-text-align-center\">\u00abLa &#8216;Reconquista&#8217; es un concepto fuertemente esencialista impregnado de unas connotaciones nacionalistas muy importantes, y que tiene un car\u00e1cter colonialista\u00bb. En esta conferencia organizada por la Universidad de Granada, dentro del ciclo \u00abCuestiones y controversias de la historia de Andaluc\u00eda\u00bb, <a href=\"https:\/\/www.alandalusylahistoria.com\/?page_id=240\" data-type=\"page\" data-id=\"240\">Alejandro Garc\u00eda Sanju\u00e1n<\/a> nos acerca a la historia del concepto decimon\u00f3nico de \u00abReconquista\u00bb <\/h3>\n\n\n\n<figure class=\"wp-block-embed aligncenter is-type-video is-provider-youtube wp-block-embed-youtube wp-embed-aspect-16-9 wp-has-aspect-ratio\"><div class=\"wp-block-embed__wrapper\">\n<iframe loading=\"lazy\" title=\"RECONQUISTA: ESENCIALISMO Y MITIFICACI\u00d3N EN TORNO AL PASADO MEDIEVAL PENINSULAR\" width=\"1000\" height=\"563\" src=\"https:\/\/www.youtube.com\/embed\/B4Zw4Rz6T8Q?feature=oembed\" frameborder=\"0\" allow=\"accelerometer; autoplay; clipboard-write; encrypted-media; gyroscope; picture-in-picture; web-share\" allowfullscreen><\/iframe>\n<\/div><\/figure>\n","protected":false},"excerpt":{"rendered":"<p>\u00abLa &#8216;Reconquista&#8217; es un concepto fuertemente esencialista impregnado de unas connotaciones nacionalistas muy importantes y que tiene un car\u00e1cter colonialista\u00bb. En esta conferencia organizada por la Universidad de Granada, dentro del ciclo \u00abCuestiones y controversias de la historia de Andaluc\u00eda\u00bb, Alejandro Garc\u00eda Sanju\u00e1n nos acerca en esta conferencia a la historia del concepto decimon\u00f3nico de \u00abReconquista\u00bb<\/p>\n","protected":false},"author":11,"featured_media":4104,"comment_status":"closed","ping_status":"closed","sticky":false,"template":"","format":"standard","meta":{"_crdt_document":"","jetpack_post_was_ever_published":false,"footnotes":""},"categories":[13],"tags":[387,37,159,136,56],"coauthors":[262],"class_list":{"0":"post-4103","1":"post","2":"type-post","3":"status-publish","4":"format-standard","5":"has-post-thumbnail","6":"hentry","7":"category-multimedia","8":"tag-esencialismo","9":"tag-historiografia","10":"tag-mitos","11":"tag-nacionalismo","12":"tag-reconquista","14":"fallback-thumbnail"},"jetpack_featured_media_url":"https:\/\/i0.wp.com\/www.alandalusylahistoria.com\/wp-content\/uploads\/2023\/03\/Jaume_I_el_Conqueridor.jpg?fit=712%2C1072&ssl=1","_links":{"self":[{"href":"https:\/\/www.alandalusylahistoria.com\/index.php?rest_route=\/wp\/v2\/posts\/4103","targetHints":{"allow":["GET"]}}],"collection":[{"href":"https:\/\/www.alandalusylahistoria.com\/index.php?rest_route=\/wp\/v2\/posts"}],"about":[{"href":"https:\/\/www.alandalusylahistoria.com\/index.php?rest_route=\/wp\/v2\/types\/post"}],"author":[{"embeddable":true,"href":"https:\/\/www.alandalusylahistoria.com\/index.php?rest_route=\/wp\/v2\/users\/11"}],"replies":[{"embeddable":true,"href":"https:\/\/www.alandalusylahistoria.com\/index.php?rest_route=%2Fwp%2Fv2%2Fcomments&post=4103"}],"version-history":[{"count":2,"href":"https:\/\/www.alandalusylahistoria.com\/index.php?rest_route=\/wp\/v2\/posts\/4103\/revisions"}],"predecessor-version":[{"id":4108,"href":"https:\/\/www.alandalusylahistoria.com\/index.php?rest_route=\/wp\/v2\/posts\/4103\/revisions\/4108"}],"wp:featuredmedia":[{"embeddable":true,"href":"https:\/\/www.alandalusylahistoria.com\/index.php?rest_route=\/wp\/v2\/media\/4104"}],"wp:attachment":[{"href":"https:\/\/www.alandalusylahistoria.com\/index.php?rest_route=%2Fwp%2Fv2%2Fmedia&parent=4103"}],"wp:term":[{"taxonomy":"category","embeddable":true,"href":"https:\/\/www.alandalusylahistoria.com\/index.php?rest_route=%2Fwp%2Fv2%2Fcategories&post=4103"},{"taxonomy":"post_tag","embeddable":true,"href":"https:\/\/www.alandalusylahistoria.com\/index.php?rest_route=%2Fwp%2Fv2%2Ftags&post=4103"},{"taxonomy":"author","embeddable":true,"href":"https:\/\/www.alandalusylahistoria.com\/index.php?rest_route=%2Fwp%2Fv2%2Fcoauthors&post=4103"}],"curies":[{"name":"wp","href":"https:\/\/api.w.org\/{rel}","templated":true}]}}