{"id":4032,"date":"2023-02-17T10:26:08","date_gmt":"2023-02-17T09:26:08","guid":{"rendered":"https:\/\/www.alandalusylahistoria.com\/?p=4032"},"modified":"2023-02-17T10:26:11","modified_gmt":"2023-02-17T09:26:11","slug":"el-mito-de-la-arquitectura-visigoda","status":"publish","type":"post","link":"https:\/\/www.alandalusylahistoria.com\/?p=4032","title":{"rendered":"El mito de la arquitectura visigoda"},"content":{"rendered":"\n<h3 class=\"wp-block-heading has-text-align-center\">\u00bfEs posible que muchas iglesias tradicionalmente identificadas con el periodo visigodo sean bastante m\u00e1s tard\u00edas, del periodo andalus\u00ed? <a rel=\"noreferrer noopener\" href=\"https:\/\/www.youtube.com\/@IsaacMorenoGallo\" target=\"_blank\">Isaac Moreno Gallo<\/a> entrevista a <a rel=\"noreferrer noopener\" href=\"https:\/\/csic.academia.edu\/FernandoArce\" target=\"_blank\">Fernando Arce<\/a>, investigador del CSIC, sobre esta controvertida cuesti\u00f3n<\/h3>\n\n\n\n<figure class=\"wp-block-embed aligncenter is-type-video is-provider-youtube wp-block-embed-youtube wp-embed-aspect-16-9 wp-has-aspect-ratio\"><div class=\"wp-block-embed__wrapper\">\n<iframe loading=\"lazy\" title=\"El mito de la arquitectura visigoda\" width=\"1000\" height=\"563\" src=\"https:\/\/www.youtube.com\/embed\/wSX0Bg05TuI?feature=oembed\" frameborder=\"0\" allow=\"accelerometer; autoplay; clipboard-write; encrypted-media; gyroscope; picture-in-picture; web-share\" allowfullscreen><\/iframe>\n<\/div><\/figure>\n","protected":false},"excerpt":{"rendered":"<p>\u00bfEs posible que muchas iglesias tradicionalmente identificadas con el periodo visigodo sean bastante m\u00e1s tard\u00edas, del periodo andalus\u00ed? Isaac Moreno Gallo entrevista a Fernando Arce, investigador del CSIC, sobre esta controvertida cuesti\u00f3n<\/p>\n","protected":false},"author":11,"featured_media":4034,"comment_status":"closed","ping_status":"closed","sticky":false,"template":"","format":"standard","meta":{"_crdt_document":"","jetpack_post_was_ever_published":false,"footnotes":""},"categories":[13],"tags":[94,371,5,381,6,369],"coauthors":[262],"class_list":{"0":"post-4032","1":"post","2":"type-post","3":"status-publish","4":"format-standard","5":"has-post-thumbnail","6":"hentry","7":"category-multimedia","8":"tag-arquitectura-andalusi","9":"tag-arquitectura-cristiana","10":"tag-cristianos-en-al-andalus","11":"tag-iglesias","12":"tag-mozarabes","13":"tag-visigodos","15":"fallback-thumbnail"},"jetpack_featured_media_url":"https:\/\/i0.wp.com\/www.alandalusylahistoria.com\/wp-content\/uploads\/2023\/02\/San-Juan-de-Banos.jpg?fit=1166%2C767&ssl=1","_links":{"self":[{"href":"https:\/\/www.alandalusylahistoria.com\/index.php?rest_route=\/wp\/v2\/posts\/4032","targetHints":{"allow":["GET"]}}],"collection":[{"href":"https:\/\/www.alandalusylahistoria.com\/index.php?rest_route=\/wp\/v2\/posts"}],"about":[{"href":"https:\/\/www.alandalusylahistoria.com\/index.php?rest_route=\/wp\/v2\/types\/post"}],"author":[{"embeddable":true,"href":"https:\/\/www.alandalusylahistoria.com\/index.php?rest_route=\/wp\/v2\/users\/11"}],"replies":[{"embeddable":true,"href":"https:\/\/www.alandalusylahistoria.com\/index.php?rest_route=%2Fwp%2Fv2%2Fcomments&post=4032"}],"version-history":[{"count":1,"href":"https:\/\/www.alandalusylahistoria.com\/index.php?rest_route=\/wp\/v2\/posts\/4032\/revisions"}],"predecessor-version":[{"id":4035,"href":"https:\/\/www.alandalusylahistoria.com\/index.php?rest_route=\/wp\/v2\/posts\/4032\/revisions\/4035"}],"wp:featuredmedia":[{"embeddable":true,"href":"https:\/\/www.alandalusylahistoria.com\/index.php?rest_route=\/wp\/v2\/media\/4034"}],"wp:attachment":[{"href":"https:\/\/www.alandalusylahistoria.com\/index.php?rest_route=%2Fwp%2Fv2%2Fmedia&parent=4032"}],"wp:term":[{"taxonomy":"category","embeddable":true,"href":"https:\/\/www.alandalusylahistoria.com\/index.php?rest_route=%2Fwp%2Fv2%2Fcategories&post=4032"},{"taxonomy":"post_tag","embeddable":true,"href":"https:\/\/www.alandalusylahistoria.com\/index.php?rest_route=%2Fwp%2Fv2%2Ftags&post=4032"},{"taxonomy":"author","embeddable":true,"href":"https:\/\/www.alandalusylahistoria.com\/index.php?rest_route=%2Fwp%2Fv2%2Fcoauthors&post=4032"}],"curies":[{"name":"wp","href":"https:\/\/api.w.org\/{rel}","templated":true}]}}