{"id":3980,"date":"2023-01-20T10:04:06","date_gmt":"2023-01-20T09:04:06","guid":{"rendered":"https:\/\/www.alandalusylahistoria.com\/?p=3980"},"modified":"2023-01-23T09:39:59","modified_gmt":"2023-01-23T08:39:59","slug":"madinat-al-zahra-la-ciudad-brillante","status":"publish","type":"post","link":"https:\/\/www.alandalusylahistoria.com\/?p=3980","title":{"rendered":"Madinat Al-Zahra, la ciudad brillante"},"content":{"rendered":"\n<h3 class=\"wp-block-heading has-text-align-center\">Gracias a este v\u00eddeo producido por el <a href=\"https:\/\/www.museosdeandalucia.es\/web\/conjuntoarqueologicomadinatalzahra\">Conjunto Arqueol\u00f3gico de Madinat al-Zahra<\/a>, podemos hacernos una idea de c\u00f3mo pudo ser la ciudad palatina construida por \u2018Abd al-Ra\u1e25m\u0101n III en el momento \u00e1lgido de su poder<\/h3>\n\n\n\n<figure class=\"wp-block-embed aligncenter is-type-video is-provider-youtube wp-block-embed-youtube wp-embed-aspect-16-9 wp-has-aspect-ratio\"><div class=\"wp-block-embed__wrapper\">\n<iframe loading=\"lazy\" title=\"Audiovisual &quot;Madinat al-Zahra. La Ciudad Brillante&quot;\" width=\"1000\" height=\"563\" src=\"https:\/\/www.youtube.com\/embed\/0skObk9lZfk?feature=oembed\" frameborder=\"0\" allow=\"accelerometer; autoplay; clipboard-write; encrypted-media; gyroscope; picture-in-picture; web-share\" allowfullscreen><\/iframe>\n<\/div><\/figure>\n","protected":false},"excerpt":{"rendered":"<p>Gracias a este v\u00eddeo producido por el Conjunto Arqueol\u00f3gico de Madinat al-Zahra, podemos hacernos una idea de c\u00f3mo pudo ser la ciudad palatina construida por \u2018Abd al-Ra\u1e25m\u0101n III en el momento \u00e1lgido de su poder<\/p>\n","protected":false},"author":11,"featured_media":2957,"comment_status":"closed","ping_status":"closed","sticky":false,"template":"","format":"standard","meta":{"_crdt_document":"","jetpack_post_was_ever_published":false,"footnotes":""},"categories":[13],"tags":[380,47,122],"coauthors":[262],"class_list":{"0":"post-3980","1":"post","2":"type-post","3":"status-publish","4":"format-standard","5":"has-post-thumbnail","6":"hentry","7":"category-multimedia","8":"tag-abd-al-raman-iii","9":"tag-califato-de-cordoba","10":"tag-medina-azahara","12":"fallback-thumbnail"},"jetpack_featured_media_url":"https:\/\/i0.wp.com\/www.alandalusylahistoria.com\/wp-content\/uploads\/2021\/08\/Medina-Azahara.jpg?fit=1182%2C675&ssl=1","_links":{"self":[{"href":"https:\/\/www.alandalusylahistoria.com\/index.php?rest_route=\/wp\/v2\/posts\/3980","targetHints":{"allow":["GET"]}}],"collection":[{"href":"https:\/\/www.alandalusylahistoria.com\/index.php?rest_route=\/wp\/v2\/posts"}],"about":[{"href":"https:\/\/www.alandalusylahistoria.com\/index.php?rest_route=\/wp\/v2\/types\/post"}],"author":[{"embeddable":true,"href":"https:\/\/www.alandalusylahistoria.com\/index.php?rest_route=\/wp\/v2\/users\/11"}],"replies":[{"embeddable":true,"href":"https:\/\/www.alandalusylahistoria.com\/index.php?rest_route=%2Fwp%2Fv2%2Fcomments&post=3980"}],"version-history":[{"count":2,"href":"https:\/\/www.alandalusylahistoria.com\/index.php?rest_route=\/wp\/v2\/posts\/3980\/revisions"}],"predecessor-version":[{"id":3985,"href":"https:\/\/www.alandalusylahistoria.com\/index.php?rest_route=\/wp\/v2\/posts\/3980\/revisions\/3985"}],"wp:featuredmedia":[{"embeddable":true,"href":"https:\/\/www.alandalusylahistoria.com\/index.php?rest_route=\/wp\/v2\/media\/2957"}],"wp:attachment":[{"href":"https:\/\/www.alandalusylahistoria.com\/index.php?rest_route=%2Fwp%2Fv2%2Fmedia&parent=3980"}],"wp:term":[{"taxonomy":"category","embeddable":true,"href":"https:\/\/www.alandalusylahistoria.com\/index.php?rest_route=%2Fwp%2Fv2%2Fcategories&post=3980"},{"taxonomy":"post_tag","embeddable":true,"href":"https:\/\/www.alandalusylahistoria.com\/index.php?rest_route=%2Fwp%2Fv2%2Ftags&post=3980"},{"taxonomy":"author","embeddable":true,"href":"https:\/\/www.alandalusylahistoria.com\/index.php?rest_route=%2Fwp%2Fv2%2Fcoauthors&post=3980"}],"curies":[{"name":"wp","href":"https:\/\/api.w.org\/{rel}","templated":true}]}}