{"id":3946,"date":"2023-01-06T09:46:00","date_gmt":"2023-01-06T08:46:00","guid":{"rendered":"https:\/\/www.alandalusylahistoria.com\/?p=3946"},"modified":"2023-01-05T18:20:00","modified_gmt":"2023-01-05T17:20:00","slug":"celebrando-la-navidad-en-al-andalus","status":"publish","type":"post","link":"https:\/\/www.alandalusylahistoria.com\/?p=3946","title":{"rendered":"Celebrando la navidad en al-Andalus"},"content":{"rendered":"\n<h3 class=\"wp-block-heading has-text-align-center\">Las fuentes \u00e1rabes nos hablan de c\u00f3mo los cristianos de al-Andalus celebraban la navidad, a veces junto a los musulmanes. El profesor <a href=\"https:\/\/www.alandalusylahistoria.com\/?page_id=240\" data-type=\"page\" data-id=\"240\">Alejandro Garc\u00eda Sanju\u00e1n<\/a> nos acerca a este interesante tema navide\u00f1o, dentro del ciclo de conferencias organizado por la <a rel=\"noreferrer noopener\" href=\"https:\/\/es-es.facebook.com\/amigosdelarchivojerez\/\" target=\"_blank\">Asociaci\u00f3n Jerezana Amigos del Archivo<\/a>, entre los d\u00edas 14 y 16 de diciembre de 2017<\/h3>\n\n\n\n<figure class=\"wp-block-embed aligncenter is-type-video is-provider-youtube wp-block-embed-youtube wp-embed-aspect-16-9 wp-has-aspect-ratio\"><div class=\"wp-block-embed__wrapper\">\n<iframe loading=\"lazy\" title=\"Alejandro Garc\u00eda Sanjuan | Navidad Dulce Navidad\" width=\"1000\" height=\"563\" src=\"https:\/\/www.youtube.com\/embed\/k0SII0XTkPA?feature=oembed\" frameborder=\"0\" allow=\"accelerometer; autoplay; clipboard-write; encrypted-media; gyroscope; picture-in-picture; web-share\" allowfullscreen><\/iframe>\n<\/div><\/figure>\n\n\n\n<hr class=\"wp-block-separator has-text-color has-light-gray-blue-color has-alpha-channel-opacity has-light-gray-blue-background-color has-background\"\/>\n","protected":false},"excerpt":{"rendered":"<p>Las fuentes \u00e1rabes nos hablan de c\u00f3mo los cristianos de al-Andalus celebraban la navidad, a veces junto a los musulmanes. El profesor Alejandro Garc\u00eda Sanju\u00e1n nos acerca a este interesante tema navide\u00f1o, dentro del ciclo de conferencias organizado por la Asociaci\u00f3n Jerezana Amigos del Archivo, entre los d\u00edas 14 y 16 de diciembre de 2017<\/p>\n","protected":false},"author":11,"featured_media":3947,"comment_status":"closed","ping_status":"closed","sticky":false,"template":"","format":"standard","meta":{"_crdt_document":"","jetpack_post_was_ever_published":false,"footnotes":""},"categories":[13],"tags":[31,110,176],"coauthors":[262],"class_list":{"0":"post-3946","1":"post","2":"type-post","3":"status-publish","4":"format-standard","5":"has-post-thumbnail","6":"hentry","7":"category-multimedia","8":"tag-convivencia","9":"tag-navidad","10":"tag-relaciones-interconfesionales","12":"fallback-thumbnail"},"jetpack_featured_media_url":"https:\/\/i0.wp.com\/www.alandalusylahistoria.com\/wp-content\/uploads\/2023\/01\/Mariam_and_Isa.jpg?fit=576%2C956&ssl=1","jetpack-related-posts":[],"_links":{"self":[{"href":"https:\/\/www.alandalusylahistoria.com\/index.php?rest_route=\/wp\/v2\/posts\/3946","targetHints":{"allow":["GET"]}}],"collection":[{"href":"https:\/\/www.alandalusylahistoria.com\/index.php?rest_route=\/wp\/v2\/posts"}],"about":[{"href":"https:\/\/www.alandalusylahistoria.com\/index.php?rest_route=\/wp\/v2\/types\/post"}],"author":[{"embeddable":true,"href":"https:\/\/www.alandalusylahistoria.com\/index.php?rest_route=\/wp\/v2\/users\/11"}],"replies":[{"embeddable":true,"href":"https:\/\/www.alandalusylahistoria.com\/index.php?rest_route=%2Fwp%2Fv2%2Fcomments&post=3946"}],"version-history":[{"count":1,"href":"https:\/\/www.alandalusylahistoria.com\/index.php?rest_route=\/wp\/v2\/posts\/3946\/revisions"}],"predecessor-version":[{"id":3950,"href":"https:\/\/www.alandalusylahistoria.com\/index.php?rest_route=\/wp\/v2\/posts\/3946\/revisions\/3950"}],"wp:featuredmedia":[{"embeddable":true,"href":"https:\/\/www.alandalusylahistoria.com\/index.php?rest_route=\/wp\/v2\/media\/3947"}],"wp:attachment":[{"href":"https:\/\/www.alandalusylahistoria.com\/index.php?rest_route=%2Fwp%2Fv2%2Fmedia&parent=3946"}],"wp:term":[{"taxonomy":"category","embeddable":true,"href":"https:\/\/www.alandalusylahistoria.com\/index.php?rest_route=%2Fwp%2Fv2%2Fcategories&post=3946"},{"taxonomy":"post_tag","embeddable":true,"href":"https:\/\/www.alandalusylahistoria.com\/index.php?rest_route=%2Fwp%2Fv2%2Ftags&post=3946"},{"taxonomy":"author","embeddable":true,"href":"https:\/\/www.alandalusylahistoria.com\/index.php?rest_route=%2Fwp%2Fv2%2Fcoauthors&post=3946"}],"curies":[{"name":"wp","href":"https:\/\/api.w.org\/{rel}","templated":true}]}}