{"id":3897,"date":"2022-12-02T09:47:00","date_gmt":"2022-12-02T08:47:00","guid":{"rendered":"https:\/\/www.alandalusylahistoria.com\/?p=3897"},"modified":"2022-12-01T17:58:55","modified_gmt":"2022-12-01T16:58:55","slug":"al-andalus-y-la-divulgacion-historica","status":"publish","type":"post","link":"https:\/\/www.alandalusylahistoria.com\/?p=3897","title":{"rendered":"Al-Andalus y la divulgaci\u00f3n hist\u00f3rica"},"content":{"rendered":"\n<h2 class=\"has-text-align-center wp-block-heading\">\u00abLa utilizaci\u00f3n del pasado como herramienta para el refortalecimiento de identidades colectivas sigue siendo un recurso habitual entre distintos sectores, acad\u00e9micos y no acad\u00e9micos, y cuenta con un p\u00fablico muy receptivo, necesitado de permanentes refuerzos de autoestima identitaria\u00bb: entrevista a <a href=\"https:\/\/www.alandalusylahistoria.com\/?page_id=240\" data-type=\"page\" data-id=\"240\">Alejandro Garc\u00eda Sanju\u00e1n<\/a> en Memorias Hisp\u00e1nicas<\/h2>\n\n\n\n<figure class=\"wp-block-embed aligncenter is-type-video is-provider-youtube wp-block-embed-youtube wp-embed-aspect-16-9 wp-has-aspect-ratio\"><div class=\"wp-block-embed__wrapper\">\n<iframe loading=\"lazy\" title=\"Divulgaci\u00f3n y al-\u00c1ndalus con Alejandro Garc\u00eda Sanju\u00e1n\" width=\"1000\" height=\"563\" src=\"https:\/\/www.youtube.com\/embed\/-YnM8x9OgMw?feature=oembed\" frameborder=\"0\" allow=\"accelerometer; autoplay; clipboard-write; encrypted-media; gyroscope; picture-in-picture\" allowfullscreen><\/iframe>\n<\/div><\/figure>\n\n\n\n<p class=\"wp-block-paragraph\"><\/p>\n","protected":false},"excerpt":{"rendered":"<p>\u00abLa utilizaci\u00f3n del pasado como herramienta para el refortalecimiento de identidades colectivas sigue siendo un recurso habitual entre distintos sectores, acad\u00e9micos y no acad\u00e9micos, y cuenta con un p\u00fablico muy receptivo, necesitado de permanentes refuerzos de autoestima identitaria\u00bb: entrevista a Alejandro Garc\u00eda Sanju\u00e1n en Memorias Hisp\u00e1nicas<\/p>\n","protected":false},"author":11,"featured_media":3170,"comment_status":"closed","ping_status":"closed","sticky":false,"template":"","format":"standard","meta":{"_crdt_document":"","jetpack_post_was_ever_published":false,"footnotes":""},"categories":[13],"tags":[301,40,136],"coauthors":[262],"class_list":{"0":"post-3897","1":"post","2":"type-post","3":"status-publish","4":"format-standard","5":"has-post-thumbnail","6":"hentry","7":"category-multimedia","8":"tag-divulgacion-historica","9":"tag-identidad","10":"tag-nacionalismo","12":"fallback-thumbnail"},"jetpack_featured_media_url":"https:\/\/i0.wp.com\/www.alandalusylahistoria.com\/wp-content\/uploads\/2021\/12\/santiago_defensa_hispanidad.jpg?fit=719%2C464&ssl=1","_links":{"self":[{"href":"https:\/\/www.alandalusylahistoria.com\/index.php?rest_route=\/wp\/v2\/posts\/3897","targetHints":{"allow":["GET"]}}],"collection":[{"href":"https:\/\/www.alandalusylahistoria.com\/index.php?rest_route=\/wp\/v2\/posts"}],"about":[{"href":"https:\/\/www.alandalusylahistoria.com\/index.php?rest_route=\/wp\/v2\/types\/post"}],"author":[{"embeddable":true,"href":"https:\/\/www.alandalusylahistoria.com\/index.php?rest_route=\/wp\/v2\/users\/11"}],"replies":[{"embeddable":true,"href":"https:\/\/www.alandalusylahistoria.com\/index.php?rest_route=%2Fwp%2Fv2%2Fcomments&post=3897"}],"version-history":[{"count":2,"href":"https:\/\/www.alandalusylahistoria.com\/index.php?rest_route=\/wp\/v2\/posts\/3897\/revisions"}],"predecessor-version":[{"id":3900,"href":"https:\/\/www.alandalusylahistoria.com\/index.php?rest_route=\/wp\/v2\/posts\/3897\/revisions\/3900"}],"wp:featuredmedia":[{"embeddable":true,"href":"https:\/\/www.alandalusylahistoria.com\/index.php?rest_route=\/wp\/v2\/media\/3170"}],"wp:attachment":[{"href":"https:\/\/www.alandalusylahistoria.com\/index.php?rest_route=%2Fwp%2Fv2%2Fmedia&parent=3897"}],"wp:term":[{"taxonomy":"category","embeddable":true,"href":"https:\/\/www.alandalusylahistoria.com\/index.php?rest_route=%2Fwp%2Fv2%2Fcategories&post=3897"},{"taxonomy":"post_tag","embeddable":true,"href":"https:\/\/www.alandalusylahistoria.com\/index.php?rest_route=%2Fwp%2Fv2%2Ftags&post=3897"},{"taxonomy":"author","embeddable":true,"href":"https:\/\/www.alandalusylahistoria.com\/index.php?rest_route=%2Fwp%2Fv2%2Fcoauthors&post=3897"}],"curies":[{"name":"wp","href":"https:\/\/api.w.org\/{rel}","templated":true}]}}