{"id":3771,"date":"2022-09-23T10:33:58","date_gmt":"2022-09-23T08:33:58","guid":{"rendered":"https:\/\/www.alandalusylahistoria.com\/?p=3771"},"modified":"2022-09-23T10:34:01","modified_gmt":"2022-09-23T08:34:01","slug":"la-ciudad-califal-de-madinat-al-zahra","status":"publish","type":"post","link":"https:\/\/www.alandalusylahistoria.com\/?p=3771","title":{"rendered":"La ciudad califal de Madinat al-Zahra"},"content":{"rendered":"\n<h3 class=\"has-text-align-center wp-block-heading\">En esta conferencia, la profesora <a rel=\"noreferrer noopener\" href=\"https:\/\/uah-es.academia.edu\/MariaTeresaCasalGarcia\" target=\"_blank\">Mar\u00eda Teresa Casal Garc\u00eda<\/a> (UAM) realiza una descripci\u00f3n arqueol\u00f3gica de la ciudad califal de Madinat al-Zahara<\/h3>\n\n\n\n<figure class=\"wp-block-embed aligncenter is-type-video is-provider-youtube wp-block-embed-youtube wp-embed-aspect-16-9 wp-has-aspect-ratio\"><div class=\"wp-block-embed__wrapper\">\n<iframe loading=\"lazy\" title=\"Qurtuba Omeya 5: &quot;La ciudad califal de Madinat al-Zahra&quot;.\" width=\"1000\" height=\"563\" src=\"https:\/\/www.youtube.com\/embed\/EBTVfICkGBg?feature=oembed\" frameborder=\"0\" allow=\"accelerometer; autoplay; clipboard-write; encrypted-media; gyroscope; picture-in-picture\" allowfullscreen title=\"Qurtuba Omeya 5: \"La ciudad califal de Madinat al-Zahra\".\"><\/iframe>\n<\/div><figcaption class=\"wp-element-caption\"><strong>Conferencia realizada en el marco de las <a rel=\"noreferrer noopener\" href=\"https:\/\/www.casaarabe.es\/eventos-arabes\/show\/noches-de-ramadan-2021-en-cordoba\" target=\"_blank\">\u00abNoches de Ramad\u00e1n\u00bb 2021 organizadas por Casa \u00c1rabe<\/a>, en colaboraci\u00f3n con el Instituto Municipal de Turismo de C\u00f3rdoba (IMTUR)<\/strong><\/figcaption><\/figure>\n","protected":false},"excerpt":{"rendered":"<p>En esta conferencia, la profesora Mar\u00eda Teresa Casal Garc\u00eda (UAM) realiza una descripci\u00f3n arqueol\u00f3gica de la ciudad califal de Madinat al-Zahara<\/p>\n","protected":false},"author":11,"featured_media":878,"comment_status":"closed","ping_status":"closed","sticky":false,"template":"","format":"standard","meta":{"_crdt_document":"","jetpack_post_was_ever_published":false,"footnotes":""},"categories":[13],"tags":[338,47,346,122],"coauthors":[262],"class_list":{"0":"post-3771","1":"post","2":"type-post","3":"status-publish","4":"format-standard","5":"has-post-thumbnail","6":"hentry","7":"category-multimedia","8":"tag-arqueologia","9":"tag-califato-de-cordoba","10":"tag-cordoba","11":"tag-medina-azahara","13":"fallback-thumbnail"},"jetpack_featured_media_url":"https:\/\/i0.wp.com\/www.alandalusylahistoria.com\/wp-content\/uploads\/2019\/01\/medina-azahara.jpg?fit=800%2C600&ssl=1","_links":{"self":[{"href":"https:\/\/www.alandalusylahistoria.com\/index.php?rest_route=\/wp\/v2\/posts\/3771","targetHints":{"allow":["GET"]}}],"collection":[{"href":"https:\/\/www.alandalusylahistoria.com\/index.php?rest_route=\/wp\/v2\/posts"}],"about":[{"href":"https:\/\/www.alandalusylahistoria.com\/index.php?rest_route=\/wp\/v2\/types\/post"}],"author":[{"embeddable":true,"href":"https:\/\/www.alandalusylahistoria.com\/index.php?rest_route=\/wp\/v2\/users\/11"}],"replies":[{"embeddable":true,"href":"https:\/\/www.alandalusylahistoria.com\/index.php?rest_route=%2Fwp%2Fv2%2Fcomments&post=3771"}],"version-history":[{"count":1,"href":"https:\/\/www.alandalusylahistoria.com\/index.php?rest_route=\/wp\/v2\/posts\/3771\/revisions"}],"predecessor-version":[{"id":3773,"href":"https:\/\/www.alandalusylahistoria.com\/index.php?rest_route=\/wp\/v2\/posts\/3771\/revisions\/3773"}],"wp:featuredmedia":[{"embeddable":true,"href":"https:\/\/www.alandalusylahistoria.com\/index.php?rest_route=\/wp\/v2\/media\/878"}],"wp:attachment":[{"href":"https:\/\/www.alandalusylahistoria.com\/index.php?rest_route=%2Fwp%2Fv2%2Fmedia&parent=3771"}],"wp:term":[{"taxonomy":"category","embeddable":true,"href":"https:\/\/www.alandalusylahistoria.com\/index.php?rest_route=%2Fwp%2Fv2%2Fcategories&post=3771"},{"taxonomy":"post_tag","embeddable":true,"href":"https:\/\/www.alandalusylahistoria.com\/index.php?rest_route=%2Fwp%2Fv2%2Ftags&post=3771"},{"taxonomy":"author","embeddable":true,"href":"https:\/\/www.alandalusylahistoria.com\/index.php?rest_route=%2Fwp%2Fv2%2Fcoauthors&post=3771"}],"curies":[{"name":"wp","href":"https:\/\/api.w.org\/{rel}","templated":true}]}}