{"id":3741,"date":"2022-09-09T09:44:34","date_gmt":"2022-09-09T07:44:34","guid":{"rendered":"https:\/\/www.alandalusylahistoria.com\/?p=3741"},"modified":"2022-09-14T10:58:08","modified_gmt":"2022-09-14T08:58:08","slug":"vivir-y-morir-en-qurtuba","status":"publish","type":"post","link":"https:\/\/www.alandalusylahistoria.com\/?p=3741","title":{"rendered":"Vivir y morir en Qurtuba"},"content":{"rendered":"\n<h3 class=\"has-text-align-center wp-block-heading\">Con esta conferencia de <a rel=\"noreferrer noopener\" href=\"https:\/\/uah-es.academia.edu\/MariaTeresaCasalGarcia\" target=\"_blank\">Mar\u00eda Teresa Casal Garc\u00eda<\/a>, profesora de la Universidad Aut\u00f3noma de Madrid, nos acercamos, de la mano de la Arqueolog\u00eda, a las actitudes de los andalus\u00edes ante la muerte<\/h3>\n\n\n\n<figure class=\"wp-block-embed aligncenter is-type-video is-provider-youtube wp-block-embed-youtube wp-embed-aspect-16-9 wp-has-aspect-ratio\"><div class=\"wp-block-embed__wrapper\">\n<iframe loading=\"lazy\" title=\"Qurtuba Omeya 4: &quot;La sociedad andalus\u00ed: vivir y morir en Qurtuba&quot;.\" width=\"1000\" height=\"563\" src=\"https:\/\/www.youtube.com\/embed\/jxVY1H-oEOo?feature=oembed\" frameborder=\"0\" allow=\"accelerometer; autoplay; clipboard-write; encrypted-media; gyroscope; picture-in-picture\" allowfullscreen title=\"Qurtuba Omeya 4: \"La sociedad andalus\u00ed: vivir y morir en Qurtuba\".\"><\/iframe>\n<\/div><\/figure>\n\n\n\n<p class=\"has-text-align-center has-medium-font-size wp-block-paragraph\">Conferencia realizada en el marco de las <a rel=\"noreferrer noopener\" href=\"https:\/\/www.casaarabe.es\/eventos-arabes\/show\/noches-de-ramadan-2021-en-cordoba\" target=\"_blank\">\u00abNoches de Ramad\u00e1n\u00bb 2021 organizadas por Casa \u00c1rabe<\/a>, en colaboraci\u00f3n con el Instituto Municipal de Turismo de C\u00f3rdoba (IMTUR)<\/p>\n","protected":false},"excerpt":{"rendered":"<p>Con esta conferencia de Mar\u00eda Teresa Casal Garc\u00eda, profesora de la Universidad de Alcal\u00e1, nos acercamos, de la mano de la Arqueolog\u00eda, a las actitudes de los andalus\u00edes ante la muerte<\/p>\n","protected":false},"author":11,"featured_media":2089,"comment_status":"closed","ping_status":"closed","sticky":false,"template":"","format":"standard","meta":{"_crdt_document":"","jetpack_post_was_ever_published":false,"footnotes":""},"categories":[13],"tags":[364,363,216],"coauthors":[262],"class_list":{"0":"post-3741","1":"post","2":"type-post","3":"status-publish","4":"format-standard","5":"has-post-thumbnail","6":"hentry","7":"category-multimedia","8":"tag-enterramientos","9":"tag-muerte","10":"tag-ritos-funerarios","12":"fallback-thumbnail"},"jetpack_featured_media_url":"https:\/\/i0.wp.com\/www.alandalusylahistoria.com\/wp-content\/uploads\/2020\/06\/maqbara.jpg?fit=600%2C690&ssl=1","jetpack-related-posts":[],"_links":{"self":[{"href":"https:\/\/www.alandalusylahistoria.com\/index.php?rest_route=\/wp\/v2\/posts\/3741","targetHints":{"allow":["GET"]}}],"collection":[{"href":"https:\/\/www.alandalusylahistoria.com\/index.php?rest_route=\/wp\/v2\/posts"}],"about":[{"href":"https:\/\/www.alandalusylahistoria.com\/index.php?rest_route=\/wp\/v2\/types\/post"}],"author":[{"embeddable":true,"href":"https:\/\/www.alandalusylahistoria.com\/index.php?rest_route=\/wp\/v2\/users\/11"}],"replies":[{"embeddable":true,"href":"https:\/\/www.alandalusylahistoria.com\/index.php?rest_route=%2Fwp%2Fv2%2Fcomments&post=3741"}],"version-history":[{"count":3,"href":"https:\/\/www.alandalusylahistoria.com\/index.php?rest_route=\/wp\/v2\/posts\/3741\/revisions"}],"predecessor-version":[{"id":3745,"href":"https:\/\/www.alandalusylahistoria.com\/index.php?rest_route=\/wp\/v2\/posts\/3741\/revisions\/3745"}],"wp:featuredmedia":[{"embeddable":true,"href":"https:\/\/www.alandalusylahistoria.com\/index.php?rest_route=\/wp\/v2\/media\/2089"}],"wp:attachment":[{"href":"https:\/\/www.alandalusylahistoria.com\/index.php?rest_route=%2Fwp%2Fv2%2Fmedia&parent=3741"}],"wp:term":[{"taxonomy":"category","embeddable":true,"href":"https:\/\/www.alandalusylahistoria.com\/index.php?rest_route=%2Fwp%2Fv2%2Fcategories&post=3741"},{"taxonomy":"post_tag","embeddable":true,"href":"https:\/\/www.alandalusylahistoria.com\/index.php?rest_route=%2Fwp%2Fv2%2Ftags&post=3741"},{"taxonomy":"author","embeddable":true,"href":"https:\/\/www.alandalusylahistoria.com\/index.php?rest_route=%2Fwp%2Fv2%2Fcoauthors&post=3741"}],"curies":[{"name":"wp","href":"https:\/\/api.w.org\/{rel}","templated":true}]}}