{"id":3682,"date":"2022-07-02T12:02:36","date_gmt":"2022-07-02T10:02:36","guid":{"rendered":"https:\/\/www.alandalusylahistoria.com\/?p=3682"},"modified":"2022-07-02T12:06:28","modified_gmt":"2022-07-02T10:06:28","slug":"la-dinastia-omeya-de-al-andalus","status":"publish","type":"post","link":"https:\/\/www.alandalusylahistoria.com\/?p=3682","title":{"rendered":"La C\u00f3rdoba califal"},"content":{"rendered":"\n<h3 class=\"has-text-align-center wp-block-heading\">Conferencia de la profesora <a rel=\"noreferrer noopener\" href=\"https:\/\/uah-es.academia.edu\/MariaTeresaCasalGarcia\" target=\"_blank\">Mar\u00eda Teresa Casal Garc\u00eda<\/a>, de la Universidad de Alcal\u00e1, quien nos acerca al urbanismo de la C\u00f3rdoba califal<\/h3>\n\n\n\n<figure class=\"wp-block-embed aligncenter is-type-video is-provider-youtube wp-block-embed-youtube wp-embed-aspect-16-9 wp-has-aspect-ratio\"><div class=\"wp-block-embed__wrapper\">\n<iframe loading=\"lazy\" title=\"Qurtuba Omeya 3: &quot;La dinast\u00eda omeya de al-\u00c1ndalus: el califato&quot;.\" width=\"1000\" height=\"563\" src=\"https:\/\/www.youtube.com\/embed\/p2pkA6x4lNM?feature=oembed\" frameborder=\"0\" allow=\"accelerometer; autoplay; clipboard-write; encrypted-media; gyroscope; picture-in-picture\" allowfullscreen title=\"Qurtuba Omeya 3: \"La dinast\u00eda omeya de al-\u00c1ndalus: el califato\".\"><\/iframe>\n<\/div><\/figure>\n\n\n\n<p class=\"has-text-align-center wp-block-paragraph\">Conferencia realizada en el marco de las <a rel=\"noreferrer noopener\" href=\"https:\/\/www.casaarabe.es\/eventos-arabes\/show\/noches-de-ramadan-2021-en-cordoba\" target=\"_blank\">\u00abNoches de Ramad\u00e1n\u00bb 2021 organizadas por Casa \u00c1rabe<\/a>, en colaboraci\u00f3n con el Instituto Municipal de Turismo de C\u00f3rdoba (IMTUR)<\/p>\n","protected":false},"excerpt":{"rendered":"<p>Conferencia de la profesora Mar\u00eda Teresa Casal Garc\u00eda, de la Universidad de Alcal\u00e1, quien nos acerca al urbanismo de la C\u00f3rdoba califal<\/p>\n","protected":false},"author":11,"featured_media":3684,"comment_status":"closed","ping_status":"closed","sticky":false,"template":"","format":"standard","meta":{"_crdt_document":"","jetpack_post_was_ever_published":false,"footnotes":""},"categories":[13],"tags":[338,47,333,212,346,211],"coauthors":[262],"class_list":{"0":"post-3682","1":"post","2":"type-post","3":"status-publish","4":"format-standard","5":"has-post-thumbnail","6":"hentry","7":"category-multimedia","8":"tag-arqueologia","9":"tag-califato-de-cordoba","10":"tag-califato-omeya","11":"tag-ciudades","12":"tag-cordoba","13":"tag-urbanismo","15":"fallback-thumbnail"},"jetpack_featured_media_url":"https:\/\/i0.wp.com\/www.alandalusylahistoria.com\/wp-content\/uploads\/2022\/07\/Puerta_de_Sevilla_Cordoba..jpg?fit=824%2C942&ssl=1","jetpack-related-posts":[],"_links":{"self":[{"href":"https:\/\/www.alandalusylahistoria.com\/index.php?rest_route=\/wp\/v2\/posts\/3682","targetHints":{"allow":["GET"]}}],"collection":[{"href":"https:\/\/www.alandalusylahistoria.com\/index.php?rest_route=\/wp\/v2\/posts"}],"about":[{"href":"https:\/\/www.alandalusylahistoria.com\/index.php?rest_route=\/wp\/v2\/types\/post"}],"author":[{"embeddable":true,"href":"https:\/\/www.alandalusylahistoria.com\/index.php?rest_route=\/wp\/v2\/users\/11"}],"replies":[{"embeddable":true,"href":"https:\/\/www.alandalusylahistoria.com\/index.php?rest_route=%2Fwp%2Fv2%2Fcomments&post=3682"}],"version-history":[{"count":3,"href":"https:\/\/www.alandalusylahistoria.com\/index.php?rest_route=\/wp\/v2\/posts\/3682\/revisions"}],"predecessor-version":[{"id":3688,"href":"https:\/\/www.alandalusylahistoria.com\/index.php?rest_route=\/wp\/v2\/posts\/3682\/revisions\/3688"}],"wp:featuredmedia":[{"embeddable":true,"href":"https:\/\/www.alandalusylahistoria.com\/index.php?rest_route=\/wp\/v2\/media\/3684"}],"wp:attachment":[{"href":"https:\/\/www.alandalusylahistoria.com\/index.php?rest_route=%2Fwp%2Fv2%2Fmedia&parent=3682"}],"wp:term":[{"taxonomy":"category","embeddable":true,"href":"https:\/\/www.alandalusylahistoria.com\/index.php?rest_route=%2Fwp%2Fv2%2Fcategories&post=3682"},{"taxonomy":"post_tag","embeddable":true,"href":"https:\/\/www.alandalusylahistoria.com\/index.php?rest_route=%2Fwp%2Fv2%2Ftags&post=3682"},{"taxonomy":"author","embeddable":true,"href":"https:\/\/www.alandalusylahistoria.com\/index.php?rest_route=%2Fwp%2Fv2%2Fcoauthors&post=3682"}],"curies":[{"name":"wp","href":"https:\/\/api.w.org\/{rel}","templated":true}]}}