{"id":3573,"date":"2022-06-03T10:42:18","date_gmt":"2022-06-03T08:42:18","guid":{"rendered":"https:\/\/www.alandalusylahistoria.com\/?p=3573"},"modified":"2022-06-17T16:14:12","modified_gmt":"2022-06-17T14:14:12","slug":"la-formacion-de-al-andalus","status":"publish","type":"post","link":"https:\/\/www.alandalusylahistoria.com\/?p=3573","title":{"rendered":"La formaci\u00f3n de al-Andalus"},"content":{"rendered":"\n<h3 class=\"has-text-align-center wp-block-heading\">Con esta conferencia de <a rel=\"noreferrer noopener\" href=\"https:\/\/uah-es.academia.edu\/MariaTeresaCasalGarcia\" target=\"_blank\">Mar\u00eda Teresa Casal Garc\u00eda<\/a>, profesora de la Universidad de Alcal\u00e1, nos acercamos, de la mano de la Arqueolog\u00eda, a los or\u00edgenes de al-Andalus<\/h3>\n\n\n\n<figure class=\"wp-block-embed aligncenter is-type-video is-provider-youtube wp-block-embed-youtube wp-embed-aspect-16-9 wp-has-aspect-ratio\"><div class=\"wp-block-embed__wrapper\">\n<iframe loading=\"lazy\" title=\"Qurtuba Omeya 1: La formaci\u00f3n de al-\u00c1ndalus\" width=\"1000\" height=\"563\" src=\"https:\/\/www.youtube.com\/embed\/am7intOn7Nc?start=241&#038;feature=oembed\" frameborder=\"0\" allow=\"accelerometer; autoplay; clipboard-write; encrypted-media; gyroscope; picture-in-picture\" allowfullscreen><\/iframe>\n<\/div><\/figure>\n\n\n\n<p class=\"has-text-align-center wp-block-paragraph\">Conferencia realizada en el marco de las <a href=\"https:\/\/www.casaarabe.es\/eventos-arabes\/show\/noches-de-ramadan-2021-en-cordoba\" target=\"_blank\" rel=\"noreferrer noopener\">\u00abNoches de Ramad\u00e1n\u00bb 2021 organizadas por Casa \u00c1rabe<\/a>, en colaboraci\u00f3n con el Instituto Municipal de Turismo de C\u00f3rdoba (IMTUR)<\/p>\n","protected":false},"excerpt":{"rendered":"<p>Con esta conferencia de Mar\u00eda Teresa Casal Garc\u00eda, profesora de la Universidad de Alcal\u00e1, nos acercamos, de la mano de la Arqueolog\u00eda, a los or\u00edgenes de al-Andalus<\/p>\n","protected":false},"author":11,"featured_media":3575,"comment_status":"closed","ping_status":"closed","sticky":false,"template":"","format":"standard","meta":{"_crdt_document":"","jetpack_post_was_ever_published":false,"footnotes":""},"categories":[13],"tags":[338,212,72,346,211],"coauthors":[262],"class_list":{"0":"post-3573","1":"post","2":"type-post","3":"status-publish","4":"format-standard","5":"has-post-thumbnail","6":"hentry","7":"category-multimedia","8":"tag-arqueologia","9":"tag-ciudades","10":"tag-conquista-islamica","11":"tag-cordoba","12":"tag-urbanismo","14":"fallback-thumbnail"},"jetpack_featured_media_url":"https:\/\/i0.wp.com\/www.alandalusylahistoria.com\/wp-content\/uploads\/2022\/06\/Utensilio_de_cocina_andalusi._Museo_Arqueologico_Municipal_de_Alcoy_11.jpg?fit=835%2C1000&ssl=1","_links":{"self":[{"href":"https:\/\/www.alandalusylahistoria.com\/index.php?rest_route=\/wp\/v2\/posts\/3573","targetHints":{"allow":["GET"]}}],"collection":[{"href":"https:\/\/www.alandalusylahistoria.com\/index.php?rest_route=\/wp\/v2\/posts"}],"about":[{"href":"https:\/\/www.alandalusylahistoria.com\/index.php?rest_route=\/wp\/v2\/types\/post"}],"author":[{"embeddable":true,"href":"https:\/\/www.alandalusylahistoria.com\/index.php?rest_route=\/wp\/v2\/users\/11"}],"replies":[{"embeddable":true,"href":"https:\/\/www.alandalusylahistoria.com\/index.php?rest_route=%2Fwp%2Fv2%2Fcomments&post=3573"}],"version-history":[{"count":3,"href":"https:\/\/www.alandalusylahistoria.com\/index.php?rest_route=\/wp\/v2\/posts\/3573\/revisions"}],"predecessor-version":[{"id":3612,"href":"https:\/\/www.alandalusylahistoria.com\/index.php?rest_route=\/wp\/v2\/posts\/3573\/revisions\/3612"}],"wp:featuredmedia":[{"embeddable":true,"href":"https:\/\/www.alandalusylahistoria.com\/index.php?rest_route=\/wp\/v2\/media\/3575"}],"wp:attachment":[{"href":"https:\/\/www.alandalusylahistoria.com\/index.php?rest_route=%2Fwp%2Fv2%2Fmedia&parent=3573"}],"wp:term":[{"taxonomy":"category","embeddable":true,"href":"https:\/\/www.alandalusylahistoria.com\/index.php?rest_route=%2Fwp%2Fv2%2Fcategories&post=3573"},{"taxonomy":"post_tag","embeddable":true,"href":"https:\/\/www.alandalusylahistoria.com\/index.php?rest_route=%2Fwp%2Fv2%2Ftags&post=3573"},{"taxonomy":"author","embeddable":true,"href":"https:\/\/www.alandalusylahistoria.com\/index.php?rest_route=%2Fwp%2Fv2%2Fcoauthors&post=3573"}],"curies":[{"name":"wp","href":"https:\/\/api.w.org\/{rel}","templated":true}]}}