{"id":3506,"date":"2022-05-07T10:19:02","date_gmt":"2022-05-07T08:19:02","guid":{"rendered":"https:\/\/www.alandalusylahistoria.com\/?p=3506"},"modified":"2022-05-07T10:19:10","modified_gmt":"2022-05-07T08:19:10","slug":"judaismo-islamico","status":"publish","type":"post","link":"https:\/\/www.alandalusylahistoria.com\/?p=3506","title":{"rendered":"\u00bfJuda\u00edsmo isl\u00e1mico?"},"content":{"rendered":"\n<h3 class=\"has-text-align-center wp-block-heading\">En el siglo XIX, algunos eruditos jud\u00edos de Europa Central buscaron inspiraci\u00f3n y consuelo en el Islam primitivo y, en particular, en el profeta Mahoma. Para estos eruditos, el profeta musulm\u00e1n podr\u00eda servir como modelo heur\u00edstico para reformar el juda\u00edsmo. <a href=\"https:\/\/www.univ-nantes.fr\/john-tolan\" target=\"_blank\" rel=\"noreferrer noopener\">John Tolan<\/a>, profesor de Historia en la Universidad de Nantes, explora este interesante tema en un v\u00eddeo del <a href=\"https:\/\/www.emir-stein.org\/\" target=\"_blank\" rel=\"noreferrer noopener\">Emir-Stein Center<\/a><\/h3>\n\n\n\n<figure class=\"wp-block-embed aligncenter is-type-video is-provider-youtube wp-block-embed-youtube wp-embed-aspect-16-9 wp-has-aspect-ratio\"><div class=\"wp-block-embed__wrapper\">\n<iframe loading=\"lazy\" title=\"Islamic Judaism? | John Tolan\" width=\"1000\" height=\"563\" src=\"https:\/\/www.youtube.com\/embed\/IIvlx2kXiH8?feature=oembed\" frameborder=\"0\" allow=\"accelerometer; autoplay; clipboard-write; encrypted-media; gyroscope; picture-in-picture\" allowfullscreen><\/iframe>\n<\/div><\/figure>\n","protected":false},"excerpt":{"rendered":"<p>En el siglo XIX, algunos eruditos jud\u00edos de Europa Central buscaron inspiraci\u00f3n y consuelo en el Islam primitivo y, en particular, en el profeta Mahoma. Para estos eruditos, el profeta musulm\u00e1n podr\u00eda servir como modelo heur\u00edstico para reformar el juda\u00edsmo. John Tolan, profesor de Historia en la Universidad de Nantes, explora este interesante tema en un v\u00eddeo del Emir-Stein Center<\/p>\n","protected":false},"author":11,"featured_media":3508,"comment_status":"closed","ping_status":"closed","sticky":false,"template":"","format":"standard","meta":{"_crdt_document":"","jetpack_post_was_ever_published":false,"footnotes":""},"categories":[13],"tags":[350,351,352],"coauthors":[262],"class_list":{"0":"post-3506","1":"post","2":"type-post","3":"status-publish","4":"format-standard","5":"has-post-thumbnail","6":"hentry","7":"category-multimedia","8":"tag-judaismo","9":"tag-muhammad","10":"tag-orientalismo","12":"fallback-thumbnail"},"jetpack_featured_media_url":"https:\/\/i0.wp.com\/www.alandalusylahistoria.com\/wp-content\/uploads\/2022\/05\/Spanish_Sinagogue_Prague.jpg?fit=680%2C600&ssl=1","_links":{"self":[{"href":"https:\/\/www.alandalusylahistoria.com\/index.php?rest_route=\/wp\/v2\/posts\/3506","targetHints":{"allow":["GET"]}}],"collection":[{"href":"https:\/\/www.alandalusylahistoria.com\/index.php?rest_route=\/wp\/v2\/posts"}],"about":[{"href":"https:\/\/www.alandalusylahistoria.com\/index.php?rest_route=\/wp\/v2\/types\/post"}],"author":[{"embeddable":true,"href":"https:\/\/www.alandalusylahistoria.com\/index.php?rest_route=\/wp\/v2\/users\/11"}],"replies":[{"embeddable":true,"href":"https:\/\/www.alandalusylahistoria.com\/index.php?rest_route=%2Fwp%2Fv2%2Fcomments&post=3506"}],"version-history":[{"count":1,"href":"https:\/\/www.alandalusylahistoria.com\/index.php?rest_route=\/wp\/v2\/posts\/3506\/revisions"}],"predecessor-version":[{"id":3509,"href":"https:\/\/www.alandalusylahistoria.com\/index.php?rest_route=\/wp\/v2\/posts\/3506\/revisions\/3509"}],"wp:featuredmedia":[{"embeddable":true,"href":"https:\/\/www.alandalusylahistoria.com\/index.php?rest_route=\/wp\/v2\/media\/3508"}],"wp:attachment":[{"href":"https:\/\/www.alandalusylahistoria.com\/index.php?rest_route=%2Fwp%2Fv2%2Fmedia&parent=3506"}],"wp:term":[{"taxonomy":"category","embeddable":true,"href":"https:\/\/www.alandalusylahistoria.com\/index.php?rest_route=%2Fwp%2Fv2%2Fcategories&post=3506"},{"taxonomy":"post_tag","embeddable":true,"href":"https:\/\/www.alandalusylahistoria.com\/index.php?rest_route=%2Fwp%2Fv2%2Ftags&post=3506"},{"taxonomy":"author","embeddable":true,"href":"https:\/\/www.alandalusylahistoria.com\/index.php?rest_route=%2Fwp%2Fv2%2Fcoauthors&post=3506"}],"curies":[{"name":"wp","href":"https:\/\/api.w.org\/{rel}","templated":true}]}}