{"id":3423,"date":"2022-03-18T11:09:43","date_gmt":"2022-03-18T10:09:43","guid":{"rendered":"https:\/\/www.alandalusylahistoria.com\/?p=3423"},"modified":"2022-03-18T11:09:49","modified_gmt":"2022-03-18T10:09:49","slug":"la-sociedad-de-la-cordoba-musulmana","status":"publish","type":"post","link":"https:\/\/www.alandalusylahistoria.com\/?p=3423","title":{"rendered":"La sociedad de la C\u00f3rdoba musulmana"},"content":{"rendered":"\n<h3 class=\"has-text-align-center wp-block-heading\">En esta conferencia, impartida por <a href=\"https:\/\/www.alandalusylahistoria.com\/?page_id=196\" data-type=\"page\" data-id=\"196\">Maribel Fierro<\/a> el 27 de octubre de 2020, se hace una radiograf\u00eda de la sociedad de la C\u00f3rdoba musulmana, especialmente de sus diferentes grupos sociales y su estratificaci\u00f3n<\/h3>\n\n\n\n<figure class=\"wp-block-embed aligncenter is-type-video is-provider-youtube wp-block-embed-youtube wp-embed-aspect-16-9 wp-has-aspect-ratio\"><div class=\"wp-block-embed__wrapper\">\n<iframe loading=\"lazy\" title=\"Ciclo de Arqueolog\u00eda: La sociedad en la C\u00f3rdoba musulmana\" width=\"1000\" height=\"563\" src=\"https:\/\/www.youtube.com\/embed\/xnYc1_b11RM?feature=oembed\" frameborder=\"0\" allow=\"accelerometer; autoplay; clipboard-write; encrypted-media; gyroscope; picture-in-picture\" allowfullscreen><\/iframe>\n<\/div><\/figure>\n\n\n\n<p class=\"has-text-align-center wp-block-paragraph\" style=\"font-size:15px\">Conferencia impartida dentro del <a href=\"https:\/\/www.casaarabe.es\/eventos-arabes\/show\/ciclo-de-conferencias-arqueologia-de-la-cordoba-islamica\" target=\"_blank\" rel=\"noreferrer noopener\">ciclo \u00abArqueolog\u00eda de la C\u00f3rdoba isl\u00e1mica\u00bb organizado por Casa \u00c1rabe<\/a>.<\/p>\n","protected":false},"excerpt":{"rendered":"<p>En esta conferencia, impartida por Maribel Fierro el 27 de octubre de 2020, se hace una radiograf\u00eda de la sociedad de la C\u00f3rdoba musulmana, especialmente de sus diferentes grupos sociales y su estratificaci\u00f3n<\/p>\n","protected":false},"author":11,"featured_media":3424,"comment_status":"closed","ping_status":"closed","sticky":false,"template":"","format":"standard","meta":{"_crdt_document":"","jetpack_post_was_ever_published":false,"footnotes":""},"categories":[13],"tags":[346,347],"coauthors":[262],"class_list":{"0":"post-3423","1":"post","2":"type-post","3":"status-publish","4":"format-standard","5":"has-post-thumbnail","6":"hentry","7":"category-multimedia","8":"tag-cordoba","9":"tag-sociedad-musulmana","11":"fallback-thumbnail"},"jetpack_featured_media_url":"https:\/\/i0.wp.com\/www.alandalusylahistoria.com\/wp-content\/uploads\/2022\/03\/Puente_Romano_Cordoba.jpg?fit=1200%2C800&ssl=1","_links":{"self":[{"href":"https:\/\/www.alandalusylahistoria.com\/index.php?rest_route=\/wp\/v2\/posts\/3423","targetHints":{"allow":["GET"]}}],"collection":[{"href":"https:\/\/www.alandalusylahistoria.com\/index.php?rest_route=\/wp\/v2\/posts"}],"about":[{"href":"https:\/\/www.alandalusylahistoria.com\/index.php?rest_route=\/wp\/v2\/types\/post"}],"author":[{"embeddable":true,"href":"https:\/\/www.alandalusylahistoria.com\/index.php?rest_route=\/wp\/v2\/users\/11"}],"replies":[{"embeddable":true,"href":"https:\/\/www.alandalusylahistoria.com\/index.php?rest_route=%2Fwp%2Fv2%2Fcomments&post=3423"}],"version-history":[{"count":1,"href":"https:\/\/www.alandalusylahistoria.com\/index.php?rest_route=\/wp\/v2\/posts\/3423\/revisions"}],"predecessor-version":[{"id":3425,"href":"https:\/\/www.alandalusylahistoria.com\/index.php?rest_route=\/wp\/v2\/posts\/3423\/revisions\/3425"}],"wp:featuredmedia":[{"embeddable":true,"href":"https:\/\/www.alandalusylahistoria.com\/index.php?rest_route=\/wp\/v2\/media\/3424"}],"wp:attachment":[{"href":"https:\/\/www.alandalusylahistoria.com\/index.php?rest_route=%2Fwp%2Fv2%2Fmedia&parent=3423"}],"wp:term":[{"taxonomy":"category","embeddable":true,"href":"https:\/\/www.alandalusylahistoria.com\/index.php?rest_route=%2Fwp%2Fv2%2Fcategories&post=3423"},{"taxonomy":"post_tag","embeddable":true,"href":"https:\/\/www.alandalusylahistoria.com\/index.php?rest_route=%2Fwp%2Fv2%2Ftags&post=3423"},{"taxonomy":"author","embeddable":true,"href":"https:\/\/www.alandalusylahistoria.com\/index.php?rest_route=%2Fwp%2Fv2%2Fcoauthors&post=3423"}],"curies":[{"name":"wp","href":"https:\/\/api.w.org\/{rel}","templated":true}]}}