{"id":3376,"date":"2022-02-18T09:00:00","date_gmt":"2022-02-18T08:00:00","guid":{"rendered":"https:\/\/www.alandalusylahistoria.com\/?p=3376"},"modified":"2022-02-17T18:12:02","modified_gmt":"2022-02-17T17:12:02","slug":"sangre-mora-y-la-intelectualidad-en-espana","status":"publish","type":"post","link":"https:\/\/www.alandalusylahistoria.com\/?p=3376","title":{"rendered":"Sangre mora y la intelectualidad en Espa\u00f1a"},"content":{"rendered":"\n<h3 class=\"has-text-align-center wp-block-heading\" id=\"que-lugar-ocupo-el-pasado-arabobereber-en-el-discurso-nacionalista-espanol-como-se-relaciono-esta-herencia-con-la-de-otras-comunidades-como-la-judia-como-se-inserta-este-fenomeno-en-el-contexto-europeo-de-la-epoca-historias-de-bolsillo-el-programa-de-historia-de-radio-universidad-de-salamanca-entrevista-a-fernando-bravo-lopez\">\u00bfQu\u00e9 lugar ocup\u00f3 el pasado \u00e1rabobereber en el discurso nacionalista espa\u00f1ol? \u00bfC\u00f3mo se relacion\u00f3 esta herencia con la de otras comunidades como la jud\u00eda? \u00bfC\u00f3mo se inserta este fen\u00f3meno en el contexto europeo de la \u00e9poca? <a href=\"https:\/\/www.ivoox.com\/podcast-historias-bolsillo_sq_f1653602_1.html\" data-type=\"URL\" data-id=\"https:\/\/www.ivoox.com\/podcast-historias-bolsillo_sq_f1653602_1.html\" target=\"_blank\" rel=\"noreferrer noopener\">Historias de Bolsillo<\/a>, el programa de Historia de Radio Universidad de Salamanca, entrevista a <a href=\"https:\/\/www.alandalusylahistoria.com\/?page_id=226\" data-type=\"URL\" data-id=\"https:\/\/www.alandalusylahistoria.com\/?page_id=226\" target=\"_blank\" rel=\"noreferrer noopener\">Fernando Bravo L\u00f3pez<\/a><\/h3>\n\n\n\n<iframe id='audio_81797531' frameborder='0' allowfullscreen='' scrolling='no' height='200' style='width:100%;' src='https:\/\/www.ivoox.com\/player_ej_81797531_6_1.html' loading='lazy'><\/iframe>\n","protected":false},"excerpt":{"rendered":"<p>\u00bfQu\u00e9 lugar ocup\u00f3 el pasado \u00e1rabobereber en el discurso nacionalista espa\u00f1ol? \u00bfC\u00f3mo se relacion\u00f3 esta herencia con la de otras comunidades como la jud\u00eda? \u00bfC\u00f3mo se inserta este fen\u00f3meno en el contexto europeo de la \u00e9poca? Historias de Bolsillo, el programa de Historia de Radio Universidad de Salamanca, entrevista a Fernando Bravo L\u00f3pez<\/p>\n","protected":false},"author":11,"featured_media":3377,"comment_status":"closed","ping_status":"closed","sticky":false,"template":"","format":"standard","meta":{"_crdt_document":"","jetpack_post_was_ever_published":false,"footnotes":""},"categories":[13],"tags":[124,135,37,40,150,58,136,56],"coauthors":[262],"class_list":{"0":"post-3376","1":"post","2":"type-post","3":"status-publish","4":"format-standard","5":"has-post-thumbnail","6":"hentry","7":"category-multimedia","8":"tag-arabismo-espanol","9":"tag-caracter-nacional","10":"tag-historiografia","11":"tag-identidad","12":"tag-magreb","13":"tag-nacionalcatolicismo","14":"tag-nacionalismo","15":"tag-reconquista","17":"fallback-thumbnail"},"jetpack_featured_media_url":"https:\/\/i0.wp.com\/www.alandalusylahistoria.com\/wp-content\/uploads\/2022\/02\/Guardia_Mora.jpg?fit=669%2C696&ssl=1","_links":{"self":[{"href":"https:\/\/www.alandalusylahistoria.com\/index.php?rest_route=\/wp\/v2\/posts\/3376","targetHints":{"allow":["GET"]}}],"collection":[{"href":"https:\/\/www.alandalusylahistoria.com\/index.php?rest_route=\/wp\/v2\/posts"}],"about":[{"href":"https:\/\/www.alandalusylahistoria.com\/index.php?rest_route=\/wp\/v2\/types\/post"}],"author":[{"embeddable":true,"href":"https:\/\/www.alandalusylahistoria.com\/index.php?rest_route=\/wp\/v2\/users\/11"}],"replies":[{"embeddable":true,"href":"https:\/\/www.alandalusylahistoria.com\/index.php?rest_route=%2Fwp%2Fv2%2Fcomments&post=3376"}],"version-history":[{"count":2,"href":"https:\/\/www.alandalusylahistoria.com\/index.php?rest_route=\/wp\/v2\/posts\/3376\/revisions"}],"predecessor-version":[{"id":3380,"href":"https:\/\/www.alandalusylahistoria.com\/index.php?rest_route=\/wp\/v2\/posts\/3376\/revisions\/3380"}],"wp:featuredmedia":[{"embeddable":true,"href":"https:\/\/www.alandalusylahistoria.com\/index.php?rest_route=\/wp\/v2\/media\/3377"}],"wp:attachment":[{"href":"https:\/\/www.alandalusylahistoria.com\/index.php?rest_route=%2Fwp%2Fv2%2Fmedia&parent=3376"}],"wp:term":[{"taxonomy":"category","embeddable":true,"href":"https:\/\/www.alandalusylahistoria.com\/index.php?rest_route=%2Fwp%2Fv2%2Fcategories&post=3376"},{"taxonomy":"post_tag","embeddable":true,"href":"https:\/\/www.alandalusylahistoria.com\/index.php?rest_route=%2Fwp%2Fv2%2Ftags&post=3376"},{"taxonomy":"author","embeddable":true,"href":"https:\/\/www.alandalusylahistoria.com\/index.php?rest_route=%2Fwp%2Fv2%2Fcoauthors&post=3376"}],"curies":[{"name":"wp","href":"https:\/\/api.w.org\/{rel}","templated":true}]}}