{"id":3163,"date":"2021-12-10T11:04:28","date_gmt":"2021-12-10T10:04:28","guid":{"rendered":"https:\/\/www.alandalusylahistoria.com\/?p=3163"},"modified":"2025-04-04T11:27:25","modified_gmt":"2025-04-04T09:27:25","slug":"una-espana-de-sangre-mora-las-derechas-y-la-herencia-arabobereber","status":"publish","type":"post","link":"https:\/\/www.alandalusylahistoria.com\/?p=3163","title":{"rendered":"Una Espa\u00f1a de sangre mora: las derechas y la herencia arabobereber"},"content":{"rendered":"\n<h3 class=\"wp-block-heading has-text-align-center\" id=\"entre-los-anos-finales-del-siglo-xix-y-las-primeras-decadas-del-siglo-xx-casi-lo-unico-que-unia-a-las-derechas-espanolistas-era-su-animadversion-hacia-toda-la-izquierda-pero-mas-alla-de-esa-coincidencia-tenian-muchas-diferencias-una-de-ellas-era-su-concepcion-del-pasado-andalusi-de-espana\">Entre los a\u00f1os finales del siglo XIX y las primeras d\u00e9cadas del siglo XX casi lo \u00fanico que un\u00eda a las derechas espa\u00f1olistas era su animadversi\u00f3n hacia toda la izquierda. Pero, m\u00e1s all\u00e1 de esa coincidencia, ten\u00edan muchas diferencias. Una de ellas era su concepci\u00f3n del pasado andalus\u00ed de Espa\u00f1a<\/h3>\n\n\n\n<hr class=\"wp-block-separator has-text-color has-css-opacity has-background\" style=\"background-color:#abb8c3;color:#abb8c3\"\/>\n\n\n\n<h4 class=\"wp-block-heading has-text-align-center\" id=\"fernando-bravo-lopezuniversidad-autonoma-de-madrid\"><a href=\"https:\/\/www.alandalusylahistoria.com\/?page_id=226\" data-type=\"page\" data-id=\"226\">Fernando Bravo L\u00f3pez<\/a><br>Universidad Aut\u00f3noma de Madrid<\/h4>\n\n\n\n<hr class=\"wp-block-separator has-text-color has-css-opacity has-background\" style=\"background-color:#abb8c3;color:#abb8c3\"\/>\n\n\n\n<figure class=\"wp-block-image alignwide size-full\"><img data-recalc-dims=\"1\" loading=\"lazy\" decoding=\"async\" width=\"996\" height=\"362\" src=\"https:\/\/i0.wp.com\/www.alandalusylahistoria.com\/wp-content\/uploads\/2021\/12\/falangistas-con-chicas-marroquies.jpg?resize=996%2C362&#038;ssl=1\" alt=\"\" class=\"wp-image-3168\" srcset=\"https:\/\/i0.wp.com\/www.alandalusylahistoria.com\/wp-content\/uploads\/2021\/12\/falangistas-con-chicas-marroquies.jpg?w=996&amp;ssl=1 996w, https:\/\/i0.wp.com\/www.alandalusylahistoria.com\/wp-content\/uploads\/2021\/12\/falangistas-con-chicas-marroquies.jpg?resize=300%2C109&amp;ssl=1 300w, https:\/\/i0.wp.com\/www.alandalusylahistoria.com\/wp-content\/uploads\/2021\/12\/falangistas-con-chicas-marroquies.jpg?resize=768%2C279&amp;ssl=1 768w\" sizes=\"auto, (max-width: 996px) 100vw, 996px\" \/><figcaption class=\"wp-element-caption\">Falangistas recibiendo a una comisi\u00f3n de chicas marroqu\u00edes en visita en Burgos durante la Guerra Civil (1938). <a href=\"http:\/\/bdh-rd.bne.es\/viewer.vm?id=0000071212&amp;page=87\" target=\"_blank\" rel=\"noreferrer noopener\">Biblioteca Digital Hisp\u00e1nica<\/a>.<\/figcaption><\/figure>\n\n\n\n<hr class=\"wp-block-separator has-text-color has-css-opacity has-background\" style=\"background-color:#abb8c3;color:#abb8c3\"\/>\n\n\n\n<p class=\"has-text-align-right has-small-font-size wp-block-paragraph\"><strong><a href=\"https:\/\/www.alandalusylahistoria.com\/?p=5264\">English version<\/a><\/strong><\/p>\n\n\n\n<h2 class=\"wp-block-heading\" id=\"sangre-arabe-sangre-mora-sangre-espanola\">Sangre \u00e1rabe, sangre mora, sangre espa\u00f1ola&nbsp;<\/h2>\n\n\n\n<p class=\"wp-block-paragraph\">Entre finales de 1926 y principios de 1927 tuvo lugar una curiosa pol\u00e9mica entre el escritor aragon\u00e9s Gregorio Garc\u00eda-Arista y el periodista cordob\u00e9s Antonio de la Rosa. La disputa comenz\u00f3 a ra\u00edz de unas palabras del primero en las que ven\u00eda a reproducir la tradicional imagen de los musulmanes y los jud\u00edos como enemigos de Espa\u00f1a, y en las que, adem\u00e1s, se burlaba de la creencia de que los \u00e1rabes hubieran aportado algo a la civilizaci\u00f3n espa\u00f1ola o europea (<a href=\"https:\/\/www.abc.es\/archivo\/periodicos\/abc-madrid-19261204-4.html\" target=\"_blank\" rel=\"noreferrer noopener\"><em>ABC<\/em>, 4 de diciembre de 1926<\/a>).&nbsp;<\/p>\n\n\n\n<p class=\"wp-block-paragraph\">A esto contest\u00f3 de la Rosa indignado, tildando a Garc\u00eda-Arista de \u201cxen\u00f3fobo incorregible\u201d, reivindicando las aportaciones de la \u201cEspa\u00f1a \u00e1rabe\u201d a la civilizaci\u00f3n universal y esgrimiendo, orgulloso, la \u201csangre hidalga de caballero \u00e1rabe\u201d que todav\u00eda llevaba el pueblo andaluz en sus venas (<a href=\"https:\/\/prensahistorica.mcu.es\/es\/catalogo_imagenes\/grupo.do?path=2005289&amp;presentacion=pagina&amp;posicion=3&amp;registrardownload=0\" target=\"_blank\" rel=\"noreferrer noopener\"><em>La Voz<\/em>, 11 de diciembre de 1926<\/a>).&nbsp;<\/p>\n\n\n\n<p class=\"wp-block-paragraph\">En su contrarr\u00e9plica, Garc\u00eda-Arista, mientras tildaba a su oponente de \u201cmoro\u201d y \u201cfaqu\u00ed\u201d, dio un giro a su argumento: <a href=\"https:\/\/www.alandalusylahistoria.com\/?p=1006\" data-type=\"post\" data-id=\"1006\" target=\"_blank\" rel=\"noreferrer noopener\">retomando las ideas de la escuela de arabistas espa\u00f1oles<\/a>, reconoc\u00eda la grandeza de la civilizaci\u00f3n musulmana de la Espa\u00f1a medieval, pero afirmaba, sin embargo, que sus autores no fueron \u00e1rabes ni bereberes, sino musulmanes de \u201craza espa\u00f1ola\u201d; es decir, poblaci\u00f3n aut\u00f3ctona \u201cespa\u00f1ola\u201d conversa al islam. De manera que ni Espa\u00f1a ni Europa deb\u00edan nada a los \u00e1rabes. Todo era obra de verdaderos espa\u00f1oles de \u201craza\u201d. Los \u00e1rabes no hab\u00edan aportado nada, ni siquiera su sangre, que se hab\u00eda diluido desde muy pronto en el torrente de la \u201craza espa\u00f1ola\u201d. De manera que pod\u00eda decirse que, en realidad, \u201cla Reconquista fue una guerra civil\u201d entre espa\u00f1oles de diferente religi\u00f3n (<a rel=\"noreferrer noopener\" href=\"https:\/\/www.abc.es\/archivo\/periodicos\/abc-madrid-19270106-4.html\" target=\"_blank\"><em>ABC<\/em>, 6 de enero de 1927<\/a>).&nbsp;<\/p>\n\n\n\n<p class=\"wp-block-paragraph\">Tanto Antonio de la Rosa como Gregorio Garc\u00eda-Arista eran personas pertenecientes a lo que podr\u00edamos llamar la derecha espa\u00f1olista. Ambos apoyaron la dictadura de Primo de Rivera y ambos saludaron con entusiasmo el golpe militar del 18 de julio de 1936. Sin embargo, los dos ten\u00edan una visi\u00f3n muy diferente del pasado de Espa\u00f1a y de los elementos \u201craciales\u201d que caracterizaban a la naci\u00f3n espa\u00f1ola. Eso tambi\u00e9n implicaba que, a pesar de las afinidades pol\u00edticas entre ambos, conceb\u00edan de manera algo diferente c\u00f3mo deb\u00eda ser la Espa\u00f1a del futuro y su relaci\u00f3n con Europa: una Espa\u00f1a en la que el elemento racial arabobereber resultaba determinante era una Espa\u00f1a racialmente alejada de Europa, con todo lo que ello implicaba; en cambio, una Espa\u00f1a que se hab\u00eda mantenido racialmente inalterada por la influencia arabobereber, era una Espa\u00f1a racialmente cercana a Europa que pod\u00eda seguir consider\u00e1ndose \u201cFaro de Occidente\u201d. Determinar esto resultaba de vital importancia en una \u00e9poca en la que se dirim\u00eda cu\u00e1l deb\u00eda ser el lugar de Espa\u00f1a en el mundo: si deb\u00eda \u201ceuropeizarse\u201d para superar el estado de decadencia en el que se encontraba, o si deb\u00eda mantenerse fiel a su particularismo castizo y alejarse del ejemplo europeo, al cual, precisamente, se achacaba la raz\u00f3n de la decadencia.&nbsp;<\/p>\n\n\n<div class=\"wp-block-image\">\n<figure class=\"aligncenter size-full\"><img data-recalc-dims=\"1\" loading=\"lazy\" decoding=\"async\" width=\"773\" height=\"576\" src=\"https:\/\/i0.wp.com\/www.alandalusylahistoria.com\/wp-content\/uploads\/2021\/12\/sangre-mora.jpg?resize=773%2C576&#038;ssl=1\" alt=\"\" class=\"wp-image-3169\" srcset=\"https:\/\/i0.wp.com\/www.alandalusylahistoria.com\/wp-content\/uploads\/2021\/12\/sangre-mora.jpg?w=773&amp;ssl=1 773w, https:\/\/i0.wp.com\/www.alandalusylahistoria.com\/wp-content\/uploads\/2021\/12\/sangre-mora.jpg?resize=300%2C224&amp;ssl=1 300w, https:\/\/i0.wp.com\/www.alandalusylahistoria.com\/wp-content\/uploads\/2021\/12\/sangre-mora.jpg?resize=768%2C572&amp;ssl=1 768w\" sizes=\"auto, (max-width: 773px) 100vw, 773px\" \/><figcaption class=\"wp-element-caption\">Portada de la partitura del pasodoble \u00abSangre Mora\u00bb de Ram\u00f3n Coll (1923)<\/figcaption><\/figure>\n<\/div>\n\n\n<hr class=\"wp-block-separator has-text-color has-css-opacity has-background\" style=\"background-color:#abb8c3;color:#abb8c3\"\/>\n\n\n\n<p class=\"wp-block-paragraph\">Las derechas espa\u00f1olistas ten\u00edan, sobre esto, diferentes visiones. De hecho, entre los a\u00f1os finales del siglo XIX y las primeras d\u00e9cadas del siglo XX casi lo \u00fanico que las un\u00eda era su animadversi\u00f3n hacia toda la izquierda \u2014desde la liberal hasta la anarquista\u2014, que de manera clara era identificada con el legado de la ilustraci\u00f3n francesa. Pero, m\u00e1s all\u00e1 de esa coincidencia en el enemigo, las derechas, desde el carlismo hasta los falangistas, pasando por los liberales conservadores alfonsinos y los nacionalcat\u00f3licos, ten\u00edan muchas diferencias, diferencias que en el momento del golpe de Estado del 36 se pusieron moment\u00e1neamente a un lado, pero que no tardar\u00edan en reaparecer durante los primeros a\u00f1os del franquismo. Una de esas diferencias, como hemos visto, era su concepci\u00f3n del pasado andalus\u00ed de Espa\u00f1a.&nbsp;&nbsp;<\/p>\n\n\n\n<p class=\"wp-block-paragraph\">Dentro del tradicionalismo carlista puede identificarse una l\u00ednea \u2014 personificada por el arabista Francisco Javier Simonet\u2014 que se mostraba abierta a reconocer la espa\u00f1olidad de la mayor parte de los andalus\u00edes, pero que, en general, negaba cualquier virtud a ese pasado, identificado con una doctrina maligna: el islam. Sin embargo, lo m\u00e1s com\u00fan es que en el carlismo se identificara a los andalus\u00edes como extranjeros invasores que hab\u00edan sido justamente expulsados a \u00c1frica, por el bien de la civilizaci\u00f3n cristiana. En este sentido, los musulmanes andalus\u00edes constitu\u00edan \u201cel otro\u201d contra el cual el pueblo cristiano hab\u00eda luchado para liberarse. Y, obviamente, esa lucha se hac\u00eda extensible al periodo contempor\u00e1neo, identificando al enemigo medieval, <a href=\"https:\/\/www.alandalusylahistoria.com\/?p=1226\" data-type=\"post\" data-id=\"1226\" target=\"_blank\" rel=\"noreferrer noopener\">el \u201csarraceno\u201d<\/a>, con el enemigo del momento, ya fuera el marroqu\u00ed \u2014con el que se negaba todo parentesco: \u201crechazamos todo g\u00e9nero de parentesco con los fan\u00e1ticos del Kor\u00e1n\u201d, dec\u00eda <em>El Baluarte<\/em> (<a rel=\"noreferrer noopener\" href=\"https:\/\/prensahistorica.mcu.es\/es\/catalogo_imagenes\/grupo.do?path=1001161&amp;presentacion=pagina&amp;posicion=2&amp;registrardownload=0\" target=\"_blank\">27 de octubre de 1893<\/a>)\u2014, o ya fuera el liberal o el izquierdista.&nbsp;<\/p>\n\n\n\n<p class=\"wp-block-paragraph\">Entre los nacionalcat\u00f3licos esa visi\u00f3n estaba tambi\u00e9n muy presente, con la salvedad de que la lucha de los cristianos contra la invasi\u00f3n no s\u00f3lo se hab\u00eda realizado por el bien del Trono y el Altar, sino tambi\u00e9n, y de manera indisoluble, por el bien de la Naci\u00f3n, de la \u00fanica naci\u00f3n espa\u00f1ola que resultaba, para ellos, posible: una naci\u00f3n cat\u00f3lica. De esta forma, los musulmanes \u2014o \u201clos moros\u201d, como les sol\u00edan llamar\u2014 constitu\u00edan ese \u201cotro\u201d contra el cual se hab\u00eda construido el car\u00e1cter cat\u00f3lico de la naci\u00f3n. Tal y como dir\u00eda Ramiro de Maeztu (<a rel=\"noreferrer noopener\" href=\"http:\/\/bdh-rd.bne.es\/viewer.vm?id=0000200699&amp;page=1\" target=\"_blank\">1934: 205<\/a>), \u201cEl car\u00e1cter espa\u00f1ol se ha formado en lucha multisecular contra los moros y contra los jud\u00edos\u201d. Y, poco despu\u00e9s, Manuel Garc\u00eda Morente afirmaba que \u201cLo ajeno es a la vez musulm\u00e1n y extranjero. Lo propio es, pues, a la vez cristiano y espa\u00f1ol\u201d (<a rel=\"noreferrer noopener\" href=\"https:\/\/rebiun.baratz.es\/rebiun\/record\/Rebiun08901919\" target=\"_blank\">1961: 287<\/a>), algo que se conceb\u00eda como fruto del designio de la Providencia, lo que mostraba que Espa\u00f1a hab\u00eda sido elegida por Dios para la defensa de la Cristiandad; \u00e9se era su prop\u00f3sito, su raz\u00f3n de ser.&nbsp;<\/p>\n\n\n<div class=\"wp-block-image\">\n<figure class=\"aligncenter size-full is-resized\"><img data-recalc-dims=\"1\" loading=\"lazy\" decoding=\"async\" width=\"719\" height=\"464\" src=\"https:\/\/i0.wp.com\/www.alandalusylahistoria.com\/wp-content\/uploads\/2021\/12\/santiago_defensa_hispanidad.jpg?resize=719%2C464&#038;ssl=1\" alt=\"\" class=\"wp-image-3170\" style=\"width:539px;height:348px\" srcset=\"https:\/\/i0.wp.com\/www.alandalusylahistoria.com\/wp-content\/uploads\/2021\/12\/santiago_defensa_hispanidad.jpg?w=719&amp;ssl=1 719w, https:\/\/i0.wp.com\/www.alandalusylahistoria.com\/wp-content\/uploads\/2021\/12\/santiago_defensa_hispanidad.jpg?resize=300%2C194&amp;ssl=1 300w\" sizes=\"auto, (max-width: 719px) 100vw, 719px\" \/><figcaption class=\"wp-element-caption\">\u00abSantiago y cierra Espa\u00f1a\u00bb. Ilustraci\u00f3n de las p\u00e1ginas finales de <em>Defensa de la Hispanidad<\/em> de Ramiro de Maeztu (1934).<\/figcaption><\/figure>\n<\/div>\n\n\n<hr class=\"wp-block-separator has-text-color has-css-opacity has-background\" style=\"background-color:#abb8c3;color:#abb8c3\"\/>\n\n\n\n<p class=\"wp-block-paragraph\">Sin embargo, como hemos visto, no todos en el nacionalcatolicismo pensaban igual. Gracias a la influencia de Marcelino Men\u00e9ndez Pelayo, que a lo largo de su vida hab\u00eda ido acerc\u00e1ndose a los postulados de la escuela de arabistas espa\u00f1oles, y gracias, obviamente, a estos \u00faltimos \u2014cuyos m\u00e1s destacados representantes se situaban dentro del conservadurismo cat\u00f3lico\u2014, personas como Garc\u00eda-Arista \u2014quien, de hecho, fue disc\u00edpulo de Men\u00e9ndez Pelayo\u2014 hab\u00edan aceptado la plena espa\u00f1olidad de los musulmanes andalus\u00edes, a la vez que negaban cualquier aportaci\u00f3n de los \u00e1rabes y bereberes.&nbsp;<\/p>\n\n\n\n<p class=\"wp-block-paragraph\">En otros \u00e1mbitos de la derecha espa\u00f1ola, por el contrario, se acept\u00f3 plenamente el legado arabobereber. En una parte de ese heterog\u00e9neo sector de las derechas que empez\u00f3 a tomar forma durante la Segunda Rep\u00fablica inspirado por los fascismos italiano y alem\u00e1n, en Falange y en las JONS, la reivindicaci\u00f3n de esa herencia se mantuvo muy presente.&nbsp;<\/p>\n\n\n\n<h2 class=\"wp-block-heading\" id=\"la-sangre-mora-o-arabe-de-los-espanoles\">La sangre mora (o \u00e1rabe) de los espa\u00f1oles&nbsp;<\/h2>\n\n\n\n<p class=\"wp-block-paragraph\">Esa concepci\u00f3n acerca de los or\u00edgenes del pueblo espa\u00f1ol ten\u00eda una larga historia de la que no podemos ocuparnos aqu\u00ed, pero quiz\u00e1s s\u00ed merezca la pena se\u00f1alar que se trataba de una visi\u00f3n muy extendida en la Espa\u00f1a de finales del XIX y principios del XX; una visi\u00f3n que traspasaba fronteras ideol\u00f3gicas y que, al contrario de lo que se ha pretendido en ocasiones, no estaba restringida, ni mucho menos, al andalucismo. Se podr\u00eda decir incluso que, entre las diversas formas de concebir la identidad nacional espa\u00f1ola durante esa \u00e9poca, hubo al menos una de ellas que se construy\u00f3 sobre el pleno convencimiento de que los espa\u00f1oles ten\u00edan, de manera m\u00e1s o menos acusada, un origen moro o \u00e1rabe \u2014pues ambos or\u00edgenes sol\u00edan confundirse en los discursos, y en ocasiones se a\u00f1ad\u00eda tambi\u00e9n el origen jud\u00edo\u2014.&nbsp;<\/p>\n\n\n\n<p class=\"wp-block-paragraph\">Desde finales del siglo XIX muchos espa\u00f1oles utilizaron esa imagen, mezclada con los m\u00e1s extendidos estereotipos orientalistas y racistas aplicados a s\u00ed mismos, para denunciar diversos aspectos que no gustaban de su propia sociedad, atribuyendo el origen de todo ello a la influencia de su herencia biol\u00f3gica arabobereber. Lo m\u00e1s com\u00fan fue achacar a la influencia de la sangre \u00e1rabe o mora la supuesta incapacidad cong\u00e9nita de los espa\u00f1oles para seguir el sendero marcado por Europa y vivir en una democracia plena. Incluso algunos de los m\u00e1s importantes novelistas espa\u00f1oles de finales del XIX y principios del XX se hicieron eco de estas ideas. Por ejemplo, Emilia Pardo Baz\u00e1n hizo decir a uno de sus personajes que \u201ccon la sangre \u00e1rabe que llevamos en las venas y nuestra eterna indisciplina\u201d, la democracia, que era posible en los pa\u00edses de Europa del norte, resultaba imposible en Espa\u00f1a (<a rel=\"noreferrer noopener\" href=\"https:\/\/rebiun.baratz.es\/rebiun\/record\/Rebiun25924729\" target=\"_blank\">1910: 134<\/a>). Y, en la que es quiz\u00e1s la principal novela de P\u00edo Baroja, <em>El \u00e1rbol de la ciencia <\/em>(1911), uno de sus personajes iba m\u00e1s all\u00e1 aun, y achacaba todos los males de la sociedad espa\u00f1ola a \u201clo que queda de moro y de jud\u00edo en el espa\u00f1ol\u201d (<a rel=\"noreferrer noopener\" href=\"https:\/\/rebiun.baratz.es\/rebiun\/record\/Rebiun25383571\" target=\"_blank\">2012: 262<\/a>).&nbsp;<\/p>\n\n\n\n<p class=\"wp-block-paragraph\">Como hemos se\u00f1alado, en las derechas espa\u00f1olistas esta visi\u00f3n estuvo muy presente, en parte porque fue una de las bases sobre las que se sustent\u00f3 el discurso de la \u201chermandad hispano-marroqu\u00ed\u201d, que fue profusamente utilizado para legitimar el colonialismo espa\u00f1ol al otro lado del Estrecho.&nbsp;<\/p>\n\n\n<div class=\"wp-block-image\">\n<figure class=\"aligncenter size-full is-resized\"><img data-recalc-dims=\"1\" loading=\"lazy\" decoding=\"async\" width=\"513\" height=\"352\" src=\"https:\/\/i0.wp.com\/www.alandalusylahistoria.com\/wp-content\/uploads\/2021\/12\/Chicas-falangistas.jpg?resize=513%2C352&#038;ssl=1\" alt=\"\" class=\"wp-image-3171\" style=\"width:617px;height:424px\" srcset=\"https:\/\/i0.wp.com\/www.alandalusylahistoria.com\/wp-content\/uploads\/2021\/12\/Chicas-falangistas.jpg?w=513&amp;ssl=1 513w, https:\/\/i0.wp.com\/www.alandalusylahistoria.com\/wp-content\/uploads\/2021\/12\/Chicas-falangistas.jpg?resize=300%2C206&amp;ssl=1 300w\" sizes=\"auto, (max-width: 513px) 100vw, 513px\" \/><figcaption class=\"wp-element-caption\">Chicas falangistas paseando por Plasencia con soldados marroqu\u00edes durante la Guerra Civil. <a href=\"http:\/\/bdh-rd.bne.es\/viewer.vm?id=0000226631&amp;page=1\" target=\"_blank\" rel=\"noreferrer noopener\">Biblioteca Digital Hisp\u00e1nica<\/a>.<\/figcaption><\/figure>\n<\/div>\n\n\n<hr class=\"wp-block-separator has-text-color has-css-opacity has-background\" style=\"background-color:#abb8c3;color:#abb8c3\"\/>\n\n\n\n<p class=\"wp-block-paragraph\">Este discurso, que normalmente se suele representar como homog\u00e9neo, fue, en realidad, una diversidad de discursos de diferente origen y fundamento que, en ocasiones, aparec\u00edan mezclados, dando forma a la idea de la existencia de una hermandad de sangre, \u201cracial\u201d, entre espa\u00f1oles y marroqu\u00edes. A grandes rasgos, podemos distinguir dos variantes. Por un lado, existi\u00f3 una \u2014que quiz\u00e1s podr\u00edamos considerar m\u00e1s acad\u00e9mica, pues sol\u00eda apoyarse en la antropolog\u00eda de la \u00e9poca\u2014 que defend\u00eda la existencia de un v\u00ednculo racial desde la Prehistoria: una misma raza, a veces llamada \u201c\u00edbera\u201d, a veces llamada \u201cmediterr\u00e1nea\u201d, habr\u00eda vivido a ambos lados del Estrecho y se habr\u00eda mantenido m\u00e1s o menos estable en su composici\u00f3n \u201cracial\u201d hasta \u00e9poca contempor\u00e1nea. El ejemplo m\u00e1s claro de este tipo de formulaci\u00f3n es el representado por un discurso de Joaqu\u00edn Costa (<a href=\"https:\/\/ifc.dpz.es\/publicaciones\/ebooks\/id\/3094\" target=\"_blank\" rel=\"noreferrer noopener\">1884: 305<\/a>) en el que aseguraba que la sangre no separaba a marroqu\u00edes y espa\u00f1oles, que \u201clos moros y los espa\u00f1oles son hermanos\u201d, pues pertenec\u00edan \u201ca una misma raza mediterr\u00e1nea\u201d.&nbsp;<\/p>\n\n\n\n<p class=\"wp-block-paragraph\">Esta primera variante tambi\u00e9n ten\u00eda una larga historia que recientemente ha sido estudiada por <a href=\"https:\/\/www.marcialpons.es\/libros\/cuando-africa-comenzaba-en-los-pirineos\/9788417945305\/\" target=\"_blank\" rel=\"noreferrer noopener\">Carlos Ca\u00f1ete<\/a>, y es la que tiene m\u00e1s en com\u00fan con la idea de la \u201cEspa\u00f1a musulmana\u201d defendida por la escuela de arabistas espa\u00f1oles, pues manejaba la idea de que un mismo \u201csustrato racial\u201d hab\u00eda pervivido a lo largo de los siglos, nula o escasamente alterado por la conquista arabobereber del siglo VIII. Sin embargo, hasta donde sabemos, los arabistas espa\u00f1oles no parece que defendieran ninguna suerte de hermandad hispano-marroqu\u00ed basada en nociones raciales \u2014en 1940, <a href=\"https:\/\/www.alandalusylahistoria.com\/?p=1297\" target=\"_blank\" rel=\"noreferrer noopener\">As\u00edn Palacios defender\u00eda, en todo caso, la existencia de una \u201chermandad espiritual\u201d<\/a>, no racial\u2014. De hecho, Juli\u00e1n Ribera, en sus textos de 1901-1902 sobre \u201cLa cuesti\u00f3n de Marruecos\u201d no hizo referencia, ni una sola vez, a esta idea de hermandad. El \u00fanico parentesco racial que atribu\u00eda a los espa\u00f1oles era, por el contrario, con Francia (<a href=\"https:\/\/repositorio.uam.es\/bitstream\/handle\/10486\/670174\/REIM_6_17.pdf?sequence=1&amp;isAllowed=y\" target=\"_blank\" rel=\"noreferrer noopener\">2008: 181<\/a>).&nbsp;<\/p>\n\n\n\n<p class=\"wp-block-paragraph\">La segunda variante \u2014que podr\u00edamos considerar m\u00e1s popular\u2014 resultaba totalmente contradictoria con la primera: en lugar de inalterabilidad de la raza, defend\u00eda que, como producto de la conquista arabobereber, se hab\u00eda producido en la Pen\u00ednsula un profundo mestizaje, y, como producto de \u00e9ste, defend\u00eda la existencia en los espa\u00f1oles de un elemento racial arabobereber que resultaba determinante, definitorio. Era en base a esa visi\u00f3n del pasado como se afirmaba la existencia en el presente de una hermandad de sangre entre marroqu\u00edes y espa\u00f1oles: los espa\u00f1oles llevaban sangre \u00e1rabe o bereber en sus venas \u2014y a veces esta idea se conjugaba con la de que tambi\u00e9n los marroqu\u00edes llevaban sangre espa\u00f1ola\u2014. Es precisamente esta variante m\u00e1s \u201cpopular\u201d la que cabe encontrar en las versiones del discurso de la hermandad hispano-marroqu\u00ed m\u00e1s presentes entre algunos sectores de la derecha espa\u00f1olista, principalmente entre los falangistas y los militares africanistas vinculados al golpe militar del 36.&nbsp;<\/p>\n\n\n\n<h2 class=\"wp-block-heading\" id=\"sangre-de-marruecos-y-de-espana\">\u201cSangre de Marruecos y de Espa\u00f1a\u201d&nbsp;<\/h2>\n\n\n\n<p class=\"wp-block-paragraph\">Durante la Guerra Civil result\u00f3 m\u00e1s que llamativo que el bando que invocaba la imagen de la Cruzada y la Reconquista para legitimar su lucha contra la Rep\u00fablica fuera, precisamente, el bando que empleaba tropas musulmanas, que recib\u00eda con todos los honores a los notables marroqu\u00edes que visitaban la Pen\u00ednsula, y que, incluso, les invitaba a rezar en la mezquita de C\u00f3rdoba (<a rel=\"noreferrer noopener\" href=\"https:\/\/prensahistorica.mcu.es\/es\/catalogo_imagenes\/grupo.do?path=2011176&amp;presentacion=pagina&amp;posicion=1&amp;registrardownload=0\" target=\"_blank\"><em>Diario de C\u00f3rdoba<\/em>, 6 de abril de 1937<\/a>). Las autoridades franquistas costearon asimismo, durante muchos a\u00f1os, los gastos de la peregrinaci\u00f3n a La Meca, momento en el que se aprovechaba para resaltar la \u201chermandad ligada por lazos de sangre\u201d entre marroqu\u00edes y espa\u00f1oles (<a rel=\"noreferrer noopener\" href=\"https:\/\/prensahistorica.mcu.es\/es\/catalogo_imagenes\/grupo.do?path=2014998&amp;presentacion=pagina&amp;posicion=8&amp;registrardownload=0\" target=\"_blank\"><em>Azul<\/em>, 5 de enero de 1939<\/a>).<\/p>\n\n\n\n<p class=\"wp-block-paragraph\">Esta situaci\u00f3n era dif\u00edcil de justificar desde el punto de vista del tradicionalismo cat\u00f3lico imbuido del esp\u00edritu cruzado. Las contradicciones resultaban evidentes, y, en algunos casos, palmarias. As\u00ed, por ejemplo, el diario falangista <em>Labor<\/em> pod\u00eda saludar en una columna a \u201clos soldados marroqu\u00edes en esta hora de triunfo\u201d con un \u201cDios os salve viejos guerreros del Islam\u201d, consider\u00e1ndolos miembros de una \u201craza hermana\u201d, mientras, en la columna paralela a \u00e9sta, hablaba de la toma de Guecho por los requet\u00e9s llamando a la ciudad \u201cLa Meca de Aguirre el gran Mahoma eusko\u201d (<a rel=\"noreferrer noopener\" href=\"https:\/\/prensahistorica.mcu.es\/es\/catalogo_imagenes\/grupo.do?path=3029224&amp;presentacion=pagina&amp;posicion=3\" target=\"_blank\"><em>Labor<\/em>, 21 de junio de 1937<\/a>).<\/p>\n\n\n<div class=\"wp-block-image\">\n<figure class=\"aligncenter size-full\"><a href=\"https:\/\/prensahistorica.mcu.es\/es\/catalogo_imagenes\/grupo.do?path=3029224&amp;presentacion=pagina&amp;posicion=3\" target=\"_blank\" rel=\"noopener\"><img data-recalc-dims=\"1\" loading=\"lazy\" decoding=\"async\" width=\"431\" height=\"612\" src=\"https:\/\/i0.wp.com\/www.alandalusylahistoria.com\/wp-content\/uploads\/2021\/12\/A-los-soldados.jpg?resize=431%2C612&#038;ssl=1\" alt=\"\" class=\"wp-image-3172\" srcset=\"https:\/\/i0.wp.com\/www.alandalusylahistoria.com\/wp-content\/uploads\/2021\/12\/A-los-soldados.jpg?w=431&amp;ssl=1 431w, https:\/\/i0.wp.com\/www.alandalusylahistoria.com\/wp-content\/uploads\/2021\/12\/A-los-soldados.jpg?resize=211%2C300&amp;ssl=1 211w\" sizes=\"auto, (max-width: 431px) 100vw, 431px\" \/><\/a><figcaption class=\"wp-element-caption\">Retrato del gran visir Sidi Ahmed b. Abdelkrim el Gammia. <a href=\"https:\/\/prensahistorica.mcu.es\/es\/catalogo_imagenes\/grupo.do?path=3029224&amp;presentacion=pagina&amp;posicion=3\" target=\"_blank\" rel=\"noreferrer noopener\"><em>Labor<\/em>, 21 de junio de 1937<\/a>.<\/figcaption><\/figure>\n<\/div>\n\n\n<hr class=\"wp-block-separator has-text-color has-css-opacity has-background\" style=\"background-color:#abb8c3;color:#abb8c3\"\/>\n\n\n\n<p class=\"wp-block-paragraph\">En cambio, desde el punto de vista de los sectores m\u00e1s secularizados del fascismo, la situaci\u00f3n era m\u00e1s f\u00e1cilmente justificable: s\u00f3lo hab\u00eda que apelar a esa imagen tan solidificada por la tradici\u00f3n de la hermandad de sangre entre espa\u00f1oles y marroqu\u00edes.&nbsp;<\/p>\n\n\n\n<p class=\"wp-block-paragraph\">As\u00ed, la propaganda franquista se hac\u00eda eco de este tipo de ideas cuando, por ejemplo, se hablaba de la presencia de tropas marroqu\u00edes en algunas celebraciones: en la localidad madrile\u00f1a de Gri\u00f1\u00f3n, con motivo de la celebraci\u00f3n del \u201cCristo aparecido\u201d, un periodista describ\u00eda el abrazo entre el teniente coronel Manuel Coco y un ca\u00edd musulm\u00e1n refiri\u00e9ndose a la hermandad entre ambos pueblos y se\u00f1alando que, en ese momento, \u201csent\u00edase tambi\u00e9n que la sangre mora que en sus venas llevaba el espa\u00f1ol y la espa\u00f1ola que llevaba el moro lat\u00edan en los corazones de aquellos dos hombres con la misma fuerza que marroqu\u00edes y espa\u00f1oles luchan unidos ahora para salvar a Espa\u00f1a\u201d (<a rel=\"noreferrer noopener\" href=\"https:\/\/prensahistorica.mcu.es\/es\/catalogo_imagenes\/grupo.do?path=1000205137&amp;presentacion=pagina&amp;posicion=6&amp;registrardownload=0\" target=\"_blank\"><em>Imperio<\/em>, 19 de junio de 1937<\/a>). Es precisamente esta misma idea de comunidad de sangre la que encontramos en un famoso discurso de Francisco Franco pronunciado en 1937: \u201cEspa\u00f1a y el Islam han sido siempre los pueblos que mejor se comprendieron. Cuando por estos lugares y estos campos, vuestros antepasados pasaron, el pueblo musulm\u00e1n tuvo una cultura, una ciencia, una grandeza, grandeza que se funde en sangre de Marruecos y de Espa\u00f1a\u201d (<a rel=\"noreferrer noopener\" href=\"https:\/\/www.abc.es\/archivo\/periodicos\/abc-sevilla-19370403.html\" target=\"_blank\"><em>ABC<\/em> (Sevilla), 3 de abril de 1937<\/a>).<\/p>\n\n\n<div class=\"wp-block-image\">\n<figure class=\"aligncenter size-large\"><img data-recalc-dims=\"1\" loading=\"lazy\" decoding=\"async\" width=\"1000\" height=\"736\" src=\"https:\/\/i0.wp.com\/www.alandalusylahistoria.com\/wp-content\/uploads\/2021\/12\/Carmen-Franco.jpg?resize=1000%2C736&#038;ssl=1\" alt=\"\" class=\"wp-image-3173\" srcset=\"https:\/\/i0.wp.com\/www.alandalusylahistoria.com\/wp-content\/uploads\/2021\/12\/Carmen-Franco.jpg?resize=1024%2C754&amp;ssl=1 1024w, https:\/\/i0.wp.com\/www.alandalusylahistoria.com\/wp-content\/uploads\/2021\/12\/Carmen-Franco.jpg?resize=300%2C221&amp;ssl=1 300w, https:\/\/i0.wp.com\/www.alandalusylahistoria.com\/wp-content\/uploads\/2021\/12\/Carmen-Franco.jpg?resize=768%2C565&amp;ssl=1 768w, https:\/\/i0.wp.com\/www.alandalusylahistoria.com\/wp-content\/uploads\/2021\/12\/Carmen-Franco.jpg?w=1088&amp;ssl=1 1088w\" sizes=\"auto, (max-width: 1000px) 100vw, 1000px\" \/><figcaption class=\"wp-element-caption\">Carmen Franco y Serrano Su\u00f1er reciben en Burgos a una comisi\u00f3n de chicas marroqu\u00edes (1938). <a href=\"http:\/\/bdh-rd.bne.es\/viewer.vm?id=0000071212&amp;page=55\" target=\"_blank\" rel=\"noreferrer noopener\">Biblioteca Digital Hisp\u00e1nica<\/a>.<\/figcaption><\/figure>\n<\/div>\n\n\n<hr class=\"wp-block-separator has-text-color has-css-opacity has-background\" style=\"background-color:#abb8c3;color:#abb8c3\"\/>\n\n\n\n<p class=\"wp-block-paragraph\">Por las mismas fechas, Jos\u00e9 Mar\u00eda Pem\u00e1n, situado a medio camino entre los c\u00edrculos de Acci\u00f3n Espa\u00f1ola y Falange, justificaba la presencia de tropas marroqu\u00edes apelando al \u201cmestizaje\u201d, producto de la convivencia medieval con los \u00e1rabes, que hab\u00eda dado como resultado la civilizaci\u00f3n \u201cm\u00e1s rica y sutil de la Edad Media\u201d (<a rel=\"noreferrer noopener\" href=\"https:\/\/prensahistorica.mcu.es\/es\/catalogo_imagenes\/grupo.do?path=2199914&amp;presentacion=pagina&amp;posicion=2&amp;registrardownload=0\" target=\"_blank\"><em>El D\u00eda de Palencia<\/em>, 11 de noviembre de 1937<\/a>). Que un orador filofalangista como \u00e9l diera la bienvenida a la aportaci\u00f3n \u00e1rabe, semita, y al mestizaje racial y cultural propiciado por la conquista del 711, no es extra\u00f1o. Durante los a\u00f1os 30, dos visiones diferentes acerca de \u201cla raza\u201d y el racismo pugnaron en el seno del fascismo espa\u00f1ol: una que, influida por el nazismo, defend\u00eda la pureza racial como ideal y percib\u00eda como una amenaza cualquier influencia semita, y otra que, basada en la idea cat\u00f3lica de \u201chispanidad\u201d, defend\u00eda la diversidad racial dentro de la unidad espiritual. El mismo Pem\u00e1n, en 1932, defend\u00eda que \u201cnuestra tradici\u00f3n no es, pues, una tradici\u00f3n de \u2018raza\u2019, sino al contrario: de universalidad. El \u2018racismo\u2019 \u2014que es exclusivismo y ruptura de la universalidad\u2014 es planta protestante y germ\u00e1nica\u201d (<a rel=\"noreferrer noopener\" href=\"https:\/\/prensahistorica.mcu.es\/es\/catalogo_imagenes\/grupo.do?path=2207701&amp;presentacion=pagina&amp;posicion=1&amp;registrardownload=0\" target=\"_blank\"><em>El D\u00eda de Palencia<\/em>, 18 de octubre de 1932<\/a>). De hecho, Ernesto Gim\u00e9nez Caballero, situando a Espa\u00f1a, por su herencia arabobereber, a medio camino entre Oriente y Occidente, llegar\u00eda a considerar que lo que caracterizaba al pa\u00eds era su \u201cgenio <em>antiracista\u201d<\/em> (<a rel=\"noreferrer noopener\" href=\"https:\/\/rebiun.baratz.es\/rebiun\/record\/Rebiun02824691\" target=\"_blank\">1938: 88<\/a>). Incluso <em>Imperio<\/em>, poco despu\u00e9s (<a rel=\"noreferrer noopener\" href=\"https:\/\/prensahistorica.mcu.es\/es\/catalogo_imagenes\/grupo.do?path=1000117728&amp;presentacion=pagina&amp;posicion=4&amp;registrardownload=0\" target=\"_blank\">16 de agosto de 1938<\/a>), publicar\u00eda un art\u00edculo en el que se afirmaba que \u201cLa Falange no es, ni puede ser, &#8216;racista&#8217;, si antes no traiciona su Doctrina y vac\u00eda de sentido su concepci\u00f3n de hombre, de Patria, de Imperio.\u201d&nbsp;&nbsp;<\/p>\n\n\n\n<p class=\"wp-block-paragraph\">Eso no hizo, ni mucho menos, que desapareciera la tendencia racista dentro del fascismo espa\u00f1ol, y no empezar\u00eda a hacerlo hasta la derrota de Alemania en 1945, cuando ese sector de Falange fue siendo poco a poco arrinconado en favor de posturas m\u00e1s ortodoxamente cat\u00f3licas. De hecho, se pod\u00eda defender el mestizaje de los espa\u00f1oles y, a la vez, una visi\u00f3n totalmente racista de la historia en la que la herencia arabobereber desempe\u00f1aba un papel determinante y explicaba los conflictos que la sociedad espa\u00f1ola afrontaba. El mismo Jos\u00e9 Antonio Primo de Rivera, poco antes de su ejecuci\u00f3n, defendi\u00f3 en \u201cGermanos contra bereberes\u201d (<a rel=\"noreferrer noopener\" href=\"https:\/\/rebiun.baratz.es\/rebiun\/record\/Rebiun03490475\" target=\"_blank\">1996: 160-166<\/a>) ideas muy semejantes a las ya manejadas por On\u00e9simo Redondo, que ven\u00edan a explicar la historia de Espa\u00f1a como una lucha entre espa\u00f1oles godos de origen ario, identificados con la casta dirigente, y espa\u00f1oles de origen bereber, identificados con la masa popular, especialmente la de las poblaciones del Sur y Sureste peninsular, as\u00ed como con \u201ctoda la intelectualidad de izquierda, de Larra hacia ac\u00e1\u201d.&nbsp;<\/p>\n\n\n<div class=\"wp-block-image\">\n<figure class=\"aligncenter size-large\"><img data-recalc-dims=\"1\" loading=\"lazy\" decoding=\"async\" width=\"1000\" height=\"598\" src=\"https:\/\/i0.wp.com\/www.alandalusylahistoria.com\/wp-content\/uploads\/2021\/12\/Madrid._Desfile_de_la_Victoria._109.jpg?resize=1000%2C598&#038;ssl=1\" alt=\"\" class=\"wp-image-3174\" srcset=\"https:\/\/i0.wp.com\/www.alandalusylahistoria.com\/wp-content\/uploads\/2021\/12\/Madrid._Desfile_de_la_Victoria._109.jpg?resize=1024%2C612&amp;ssl=1 1024w, https:\/\/i0.wp.com\/www.alandalusylahistoria.com\/wp-content\/uploads\/2021\/12\/Madrid._Desfile_de_la_Victoria._109.jpg?resize=300%2C179&amp;ssl=1 300w, https:\/\/i0.wp.com\/www.alandalusylahistoria.com\/wp-content\/uploads\/2021\/12\/Madrid._Desfile_de_la_Victoria._109.jpg?resize=768%2C459&amp;ssl=1 768w, https:\/\/i0.wp.com\/www.alandalusylahistoria.com\/wp-content\/uploads\/2021\/12\/Madrid._Desfile_de_la_Victoria._109.jpg?w=1224&amp;ssl=1 1224w\" sizes=\"auto, (max-width: 1000px) 100vw, 1000px\" \/><figcaption class=\"wp-element-caption\">Representaci\u00f3n marroqu\u00ed durante el \u00abDesfile de la Victoria\u00bb (1939). <a href=\"http:\/\/bdh-rd.bne.es\/viewer.vm?id=0000139782&amp;page=109\" target=\"_blank\" rel=\"noreferrer noopener\">Biblioteca Digital Hisp\u00e1nica<\/a>.<\/figcaption><\/figure>\n<\/div>\n\n\n<hr class=\"wp-block-separator has-text-color has-css-opacity has-background\" style=\"background-color:#abb8c3;color:#abb8c3\"\/>\n\n\n\n<h2 class=\"wp-block-heading\" id=\"la-lenta-imposicion-de-la-espana-musulmana\">La lenta imposici\u00f3n de la \u201cEspa\u00f1a musulmana\u201d&nbsp;<\/h2>\n\n\n\n<p class=\"wp-block-paragraph\">La visi\u00f3n de Antonio de la Rosa, basada en la idea de la influencia determinante de la sangre arabobereber en la constituci\u00f3n racial de los espa\u00f1oles, empez\u00f3 a ceder, poco a poco, a lo largo del franquismo. La visi\u00f3n de Garc\u00eda-Arista empez\u00f3 a imponerse, sin que terminara de borrar del mapa la de su contrincante, que, de hecho, ha seguido estando muy presente en la sociedad espa\u00f1ola hasta el d\u00eda de hoy, aunque ya muy poco entre las derechas espa\u00f1olistas.&nbsp;<\/p>\n\n\n\n<p class=\"wp-block-paragraph\">En este proceso ayud\u00f3 el \u00e9xito que tuvo el trabajo de los disc\u00edpulos de los arabistas Juli\u00e1n Ribera y Miguel As\u00edn, \u00c1ngel Gonz\u00e1lez Palencia y Emilio Garc\u00eda G\u00f3mez, quienes siguieron defendiendo las ideas de sus maestros desde posiciones privilegiadas dentro del r\u00e9gimen franquista. El mismo Jos\u00e9 Mar\u00eda Pem\u00e1n, en los a\u00f1os 50, parec\u00eda haber evolucionado en su pensamiento para ir matizando poco a poco la idea de la mezcla de sangres e ir abrazando la idea de que, a pesar de la conquista arabobereber, a lo largo de la Edad Media hab\u00eda existido una preeminencia del elemento ind\u00edgena, hispano, y que la aportaci\u00f3n arabobereber al torrente sangu\u00edneo espa\u00f1ol fue muy escasa, de manera que \u201clos moros de Espa\u00f1a, aunque conservaran toda la apariencia exterior de moros, eran casi totalmente espa\u00f1oles de sangre y de raza,\u201d lo cual explicaba el esplendor de la civilizaci\u00f3n andalus\u00ed (<a rel=\"noreferrer noopener\" href=\"https:\/\/rebiun.baratz.es\/rebiun\/record\/Rebiun02305370\" target=\"_blank\">1950: 81<\/a>).&nbsp;<\/p>\n\n\n\n<p class=\"wp-block-paragraph\">Importante fue tambi\u00e9n la parad\u00f3jica influencia que ejerci\u00f3 entre algunos autores vinculados al r\u00e9gimen la obra de quien fue, de hecho, presidente de la Rep\u00fablica en el exilio, Claudio S\u00e1nchez-Albornoz. As\u00ed, en contra de la interpretaci\u00f3n que del pasado de Espa\u00f1a hac\u00eda Am\u00e9rico Castro, S\u00e1nchez-Albornoz se acogi\u00f3 a las teor\u00edas de los arabistas espa\u00f1oles para sostener que la influencia sem\u00edtica en Espa\u00f1a hab\u00eda sido desde\u00f1able, y que la gran mayor\u00eda de los andalus\u00edes hab\u00edan sido espa\u00f1oles aut\u00f3ctonos. A ello se deb\u00eda la grandeza de la civilizaci\u00f3n de al-Andalus, y no a aporte sem\u00edtico alguno. Si algo hab\u00eda hecho la invasi\u00f3n musulmana era apartar a Espa\u00f1a de su destino europeo. Era ah\u00ed donde cab\u00eda encontrar su desencuentro temporal con Europa. La \u201cReconquista\u201d hab\u00eda venido, seg\u00fan \u00e9l, a poner remedio parcial a esa separaci\u00f3n al salvar a Espa\u00f1a de la crueldad, la estulticia y la barbarie de los pueblos isl\u00e1micos, y al devolver a Espa\u00f1a al camino que \u201cel destino\u201d le hab\u00eda marcado: el de Europa (<a href=\"https:\/\/rebiun.baratz.es\/rebiun\/record\/Rebiun25310145\" target=\"_blank\" rel=\"noreferrer noopener\">1983: esp. 30, 39<\/a>).&nbsp;<\/p>\n\n\n\n<p class=\"wp-block-paragraph\">Debido a esos desarrollos, en los a\u00f1os sesenta era posible encontrar, en uno de los manuales de Historia de Espa\u00f1a m\u00e1s divulgados durante la \u00e9poca \u2014con 10 ediciones entre 1963 y 1974\u2014,&nbsp; lo siguiente: \u201cNo se puede hablar de la arabizaci\u00f3n de Espa\u00f1a y de su raza\u201d, pues \u201cla gran masa de la poblaci\u00f3n peninsular hab\u00eda absorbido a los escasos conquistadores bereberes, y \u00fanicamente algunas familias de origen \u00e1rabe puro formaban una minor\u00eda racial\u201d (<a href=\"https:\/\/rebiun.baratz.es\/rebiun\/record\/Rebiun02982037\" target=\"_blank\" rel=\"noreferrer noopener\">1974: pp. 77 y 90<\/a>).&nbsp;<\/p>\n\n\n\n<p class=\"wp-block-paragraph\">A pesar de todo, la idea de la \u201csangre mora\u201d de los espa\u00f1oles sobrevivi\u00f3 a lo largo de todo el franquismo. En 1959, el que ser\u00eda premio nobel de literatura en 1989, <a rel=\"noreferrer noopener\" href=\"https:\/\/www.filosofia.org\/hem\/dep\/clc\/n36p009.htm\" target=\"_blank\">Camilo Jos\u00e9 Cela, todav\u00eda afirmaba<\/a> que \u201cni un solo espa\u00f1ol est\u00e1 libre de ver correr por sus venas sangre mora o jud\u00eda\u201d. Y, ya en Democracia, Ernesto Gim\u00e9nez Caballero segu\u00eda situando a Espa\u00f1a a caballo entre Oriente y Occidente, y se felicitaba de las particularidades del car\u00e1cter espa\u00f1ol, atribuy\u00e9ndolo a la herencia arabobereber que permit\u00eda definir a los espa\u00f1oles como \u201ceuromoros: mitad europeos, mitad mogreb\u00edes\u201d (<a rel=\"noreferrer noopener\" href=\"https:\/\/www.abc.es\/archivo\/periodicos\/abc-madrid-19770420-13.html\" target=\"_blank\"><em>ABC<\/em>, 20 de abril de 1977<\/a>). <\/p>\n\n\n<div class=\"wp-block-image\">\n<figure class=\"aligncenter size-large is-resized\"><img data-recalc-dims=\"1\" loading=\"lazy\" decoding=\"async\" width=\"727\" height=\"1024\" src=\"https:\/\/i0.wp.com\/www.alandalusylahistoria.com\/wp-content\/uploads\/2021\/12\/Gimenez-Caballero.jpg?resize=727%2C1024&#038;ssl=1\" alt=\"\" class=\"wp-image-3185\" style=\"width:364px;height:512px\" srcset=\"https:\/\/i0.wp.com\/www.alandalusylahistoria.com\/wp-content\/uploads\/2021\/12\/Gimenez-Caballero.jpg?resize=727%2C1024&amp;ssl=1 727w, https:\/\/i0.wp.com\/www.alandalusylahistoria.com\/wp-content\/uploads\/2021\/12\/Gimenez-Caballero.jpg?resize=213%2C300&amp;ssl=1 213w, https:\/\/i0.wp.com\/www.alandalusylahistoria.com\/wp-content\/uploads\/2021\/12\/Gimenez-Caballero.jpg?w=755&amp;ssl=1 755w\" sizes=\"auto, (max-width: 727px) 100vw, 727px\" \/><figcaption class=\"wp-element-caption\">Ernesto Gim\u00e9nez Caballero durante la Guerra Civil. <a rel=\"noreferrer noopener\" href=\"http:\/\/bdh-rd.bne.es\/viewer.vm?id=0000237650&amp;page=7\" target=\"_blank\">Biblioteca Digital Hisp\u00e1nica<\/a>.<\/figcaption><\/figure>\n<\/div>\n\n\n<hr class=\"wp-block-separator has-text-color has-css-opacity has-background\" style=\"background-color:#abb8c3;color:#abb8c3\"\/>\n\n\n\n<p class=\"wp-block-paragraph\">No es extra\u00f1o, por tanto, que Juan Carlos I \u2014una persona educada en el africanismo franquista y que <a rel=\"noreferrer noopener\" href=\"https:\/\/www.march.es\/es\/coleccion\/archivo-linz-transicion-espanola\/ficha\/--linz:R-49110\" target=\"_blank\">recibi\u00f3 su legitimidad del golpe del 36<\/a>\u2014, afirmara, en 1979, lo siguiente:&nbsp;&nbsp;<\/p>\n\n\n\n<blockquote class=\"wp-block-quote is-layout-flow wp-block-quote-is-layout-flow\">\n<p class=\"wp-block-paragraph\">\u201cCon frecuencia se ha dicho que Marruecos y Espa\u00f1a se encuentran respectivamente en la interioridad misma de sus pueblos y de su m\u00e1s \u00edntimo ser hist\u00f3rico, sin ninguna distancia que les aleje de la historia del pa\u00eds vecino. Yo suscribo esta afirmaci\u00f3n.\u201d<\/p>\n<cite>(<a rel=\"noreferrer noopener\" href=\"http:\/\/www.realinstitutoelcano.org\/wps\/wcm\/connect\/84d09376-ad7a-4bf4-9a4a-0fddd92dfa94\/Discursos-Rey-Espana-mundo-1978-2018.pdf?MOD=AJPERES&amp;CACHEID=84d09376-ad7a-4bf4-9a4a-0fddd92dfa94\" target=\"_blank\">2018: 36<\/a>)&nbsp;<\/cite><\/blockquote>\n\n\n\n<p class=\"has-text-align-center wp-block-paragraph\">***&nbsp;<\/p>\n\n\n\n<p class=\"wp-block-paragraph\">\u00bfQu\u00e9 ha sido de esta tradici\u00f3n de identificaci\u00f3n con la herencia arabobereber, tan presente en algunos sectores de las derechas espa\u00f1olistas hasta no hace tanto? Todo parece indicar que ha quedado definitivamente arrumbada junto con su rival, la idea de la \u201cEspa\u00f1a musulmana\u201d, cada vez m\u00e1s marginada en ese sector ideol\u00f3gico por las visiones vinculadas al tradicionalismo y al nacionalcatolicismo, visiones que niegan todo parentesco con los musulmanes y ven en el pasado andalus\u00ed \u2014as\u00ed como en sus adversarios de izquierda\u2014 algo extranjero, maligno y amenazante que debe ser combatido, vencido y expulsado, seg\u00fan lo que la Providencia ha dispuesto para Espa\u00f1a.&nbsp;<\/p>\n\n\n\n<hr class=\"wp-block-separator has-text-color has-css-opacity has-background\" style=\"background-color:#0693e3;color:#0693e3\"\/>\n\n\n\n<h4 class=\"wp-block-heading\" id=\"para-ampliar\">Para ampliar:&nbsp;<\/h4>\n\n\n\n<ul class=\"wp-block-list\">\n<li>Bornstein, Pablo. <a href=\"https:\/\/doi.org\/10.3390\/rel10100568\" target=\"_blank\" rel=\"noreferrer noopener\">\u00abAn Orientalist Contribution to \u201cCatholic Science\u201d: The Historiography of Andalusi Mysticism and Philosophy in Juli\u00e1n Ribera and Miguel As\u00edn\u00bb<\/a>, <em>Religions<\/em> 10, n.<sup>o<\/sup> 10 (2019): 568.\u00a0<\/li>\n\n\n\n<li>Bravo L\u00f3pez, Fernando. \u00abMoorish Blood: Islamophobia, Racism and the Struggle for the Identity of Modern Spain\u00bb. In <em><a href=\"https:\/\/doi.org\/10.1007\/978-3-031-16266-4_4\">Antisemitism, Islamophobia and the Politics of Definition<\/a><\/em>, edited by David Feldman y Marc Volovici, Cham: Palgrave Macmillan, 2023: 67-88.<\/li>\n\n\n\n<li>Calderwood, Eric. <em>Colonial Al-Andalus: Spain and the Making of Modern Moroccan Culture<\/em>. Cambridge: The Belknap Press of Harvard University Press, 2018.\u00a0<\/li>\n\n\n\n<li>Dom\u00ednguez, Juan P. <a href=\"https:\/\/doi.org\/10.3989\/alqantara.2021.005\" target=\"_blank\" rel=\"noreferrer noopener\">\u00abDe \u201cEspa\u00f1a \u00e1rabe\u201d a \u201cEspa\u00f1a musulmana\u201d: al-Andalus bajo el prisma antisemita (1847-1945)\u00bb<\/a>, <em>Al-Qan\u1e6dara<\/em> 42, n.<sup>o<\/sup> 1 (2 de julio de 2021): e05-e05.<\/li>\n\n\n\n<li>Ca\u00f1ete, Carlos. <em>Cuando \u00c1frica comenzaba en los Pirineos<\/em>. Madrid: Marcial Pons, 2021.\u00a0\u00a0<\/li>\n\n\n\n<li>Fierro, Maribel. <a href=\"https:\/\/books.openedition.org\/cvz\/1402\" target=\"_blank\" rel=\"noreferrer noopener\">\u00abAl-Andalus en el pensamiento fascista espa\u00f1ol: la revoluci\u00f3n isl\u00e1mica en Occidente de Ignacio Olag\u00fce\u00bb<\/a>. En <em>Al-\u00c1ndalus\/Espa\u00f1a: historiograf\u00edas en contraste: siglos XVII-XXI<\/em>, editado por Manuela Mar\u00edn. Madrid: Casa de Vel\u00e1zquez, 2009: 325-350.\u00a0<\/li>\n\n\n\n<li>Juli\u00e1, Santos. <em>Historias de las dos Espa\u00f1as<\/em>. Madrid: Taurus, 2004.\u00a0<\/li>\n\n\n\n<li>Mar\u00edn, Manuela. \u00abArabismo e Historia de Espa\u00f1a (1886-1944): Introducci\u00f3n a los epistolarios de Juli\u00e1n Ribera Tarrag\u00f3 y Miguel As\u00edn Palacios\u00bb, en <em>Los epistolarios de Juli\u00e1n Ribera Tarrag\u00f3 y Miguel As\u00edn Palacios<\/em>, ed. Manuela Mar\u00edn et\u202fal. Madrid: CSIC, 2009, 11-434.\u00a0<\/li>\n\n\n\n<li>\u2014, <a href=\"https:\/\/doi.org\/10.3989\/hispania.2009.v69.i231.101\" target=\"_blank\" rel=\"noreferrer noopener\">\u00abOrientalismo en Espa\u00f1a: estudios \u00e1rabes y acci\u00f3n colonial en Marruecos (1894-1943)\u00bb<\/a>, <em>Hispania<\/em> 69, n.<sup>o<\/sup> 231 (2009): 117-46.<\/li>\n\n\n\n<li>Martin-M\u00e1rquez, Susan. <em>Desorientaciones: el colonialismo espa\u00f1ol en \u00c1frica y la performance de identidad<\/em>. Barcelona: Bellaterra, 2011.\u00a0<\/li>\n\n\n\n<li>Mateo Dieste, Josep Llu\u00eds. <em>La \u00abhermandad\u00bb hispano-marroqu\u00ed. Pol\u00edtica y religi\u00f3n bajo el protectorado espa\u00f1ol en Marruecos (1912-1956)<\/em>. Barcelona: Bellaterra, 2003.\u00a0<\/li>\n\n\n\n<li>Saz, Ismael. <em>Espa\u00f1a contra Espa\u00f1a: los nacionalismos franquistas<\/em>. Madrid: Marcial Pons, 2003.\u00a0<\/li>\n<\/ul>\n\n\n\n<hr class=\"wp-block-separator has-text-color has-css-opacity has-background\" style=\"background-color:#0693e3;color:#0693e3\"\/>\n\n\n\n<figure class=\"wp-block-embed is-type-video is-provider-youtube wp-block-embed-youtube aligncenter wp-embed-aspect-16-9 wp-has-aspect-ratio\"><div class=\"wp-block-embed__wrapper\">\n<iframe loading=\"lazy\" title=\"Lola Flores - Mi Sangre Mora\" width=\"1000\" height=\"563\" src=\"https:\/\/www.youtube.com\/embed\/kuEhQmAs4WM?feature=oembed\" frameborder=\"0\" allow=\"accelerometer; autoplay; clipboard-write; encrypted-media; gyroscope; picture-in-picture; web-share\" referrerpolicy=\"strict-origin-when-cross-origin\" allowfullscreen><\/iframe>\n<\/div><figcaption class=\"wp-element-caption\">Lola Flores, \u00abMi sangre mora\u00bb (1969)<\/figcaption><\/figure>\n","protected":false},"excerpt":{"rendered":"<p>Fernando Bravo L\u00f3pez<\/p>\n","protected":false},"author":1,"featured_media":3168,"comment_status":"closed","ping_status":"closed","sticky":false,"template":"","format":"standard","meta":{"_crdt_document":"","jetpack_post_was_ever_published":false,"footnotes":""},"categories":[24],"tags":[38,164,328,329,241,302,58],"coauthors":[261],"class_list":{"0":"post-3163","1":"post","2":"type-post","3":"status-publish","4":"format-standard","5":"has-post-thumbnail","6":"hentry","7":"category-imaginarios","8":"tag-espana","9":"tag-fascismo","10":"tag-franquismo","11":"tag-hermandad-hispano-marroqui","12":"tag-legado-andalusi","13":"tag-marruecos","14":"tag-nacionalcatolicismo","16":"fallback-thumbnail"},"jetpack_featured_media_url":"https:\/\/i0.wp.com\/www.alandalusylahistoria.com\/wp-content\/uploads\/2021\/12\/falangistas-con-chicas-marroquies.jpg?fit=996%2C362&ssl=1","jetpack-related-posts":[],"_links":{"self":[{"href":"https:\/\/www.alandalusylahistoria.com\/index.php?rest_route=\/wp\/v2\/posts\/3163","targetHints":{"allow":["GET"]}}],"collection":[{"href":"https:\/\/www.alandalusylahistoria.com\/index.php?rest_route=\/wp\/v2\/posts"}],"about":[{"href":"https:\/\/www.alandalusylahistoria.com\/index.php?rest_route=\/wp\/v2\/types\/post"}],"author":[{"embeddable":true,"href":"https:\/\/www.alandalusylahistoria.com\/index.php?rest_route=\/wp\/v2\/users\/1"}],"replies":[{"embeddable":true,"href":"https:\/\/www.alandalusylahistoria.com\/index.php?rest_route=%2Fwp%2Fv2%2Fcomments&post=3163"}],"version-history":[{"count":33,"href":"https:\/\/www.alandalusylahistoria.com\/index.php?rest_route=\/wp\/v2\/posts\/3163\/revisions"}],"predecessor-version":[{"id":5269,"href":"https:\/\/www.alandalusylahistoria.com\/index.php?rest_route=\/wp\/v2\/posts\/3163\/revisions\/5269"}],"wp:featuredmedia":[{"embeddable":true,"href":"https:\/\/www.alandalusylahistoria.com\/index.php?rest_route=\/wp\/v2\/media\/3168"}],"wp:attachment":[{"href":"https:\/\/www.alandalusylahistoria.com\/index.php?rest_route=%2Fwp%2Fv2%2Fmedia&parent=3163"}],"wp:term":[{"taxonomy":"category","embeddable":true,"href":"https:\/\/www.alandalusylahistoria.com\/index.php?rest_route=%2Fwp%2Fv2%2Fcategories&post=3163"},{"taxonomy":"post_tag","embeddable":true,"href":"https:\/\/www.alandalusylahistoria.com\/index.php?rest_route=%2Fwp%2Fv2%2Ftags&post=3163"},{"taxonomy":"author","embeddable":true,"href":"https:\/\/www.alandalusylahistoria.com\/index.php?rest_route=%2Fwp%2Fv2%2Fcoauthors&post=3163"}],"curies":[{"name":"wp","href":"https:\/\/api.w.org\/{rel}","templated":true}]}}