{"id":2970,"date":"2021-09-10T19:23:36","date_gmt":"2021-09-10T17:23:36","guid":{"rendered":"https:\/\/www.alandalusylahistoria.com\/?p=2970"},"modified":"2021-09-10T19:24:55","modified_gmt":"2021-09-10T17:24:55","slug":"nuevos-descubrimientos-en-los-palacios-de-la-alhambra-y-generalife","status":"publish","type":"post","link":"https:\/\/www.alandalusylahistoria.com\/?p=2970","title":{"rendered":"Nuevos descubrimientos en los palacios de la Alhambra y Generalife"},"content":{"rendered":"\n<h3 class=\"has-text-align-center wp-block-heading\">Conferencia de <a rel=\"noreferrer noopener\" href=\"https:\/\/www.eea.csic.es\/personal-de-la-eea\/navarro-palazon-julio\/\" target=\"_blank\">Julio Navarro Palaz\u00f3n<\/a>, cient\u00edfico titular del CSIC y miembro del Laboratorio de Arqueolog\u00eda y Arquitectura de la Ciudad (Escuela de Estudios \u00c1rabes de Granada), sobre los nuevos descubrimientos realizados en los palacios de la Alhambra y el Generalife: los salones protocolarios en planta alta<\/h3>\n\n\n\n<figure class=\"wp-block-embed aligncenter is-type-video is-provider-youtube wp-block-embed-youtube wp-embed-aspect-16-9 wp-has-aspect-ratio\"><div class=\"wp-block-embed__wrapper\">\n<iframe loading=\"lazy\" title=\"Nuevos descubrimientos en los palacios de la Alhambra y Generalife\" width=\"1000\" height=\"563\" src=\"https:\/\/www.youtube.com\/embed\/6y5hpUdY-C8?feature=oembed\" frameborder=\"0\" allow=\"accelerometer; autoplay; clipboard-write; encrypted-media; gyroscope; picture-in-picture\" allowfullscreen><\/iframe>\n<\/div><\/figure>\n\n\n\n<p class=\"has-text-align-center has-small-font-size wp-block-paragraph\">Sal\u00f3n de actos de la Casa del Chapiz (Granada), lunes 3 de febrero de 2020<\/p>\n","protected":false},"excerpt":{"rendered":"<p>Conferencia de Julio Navarro Palaz\u00f3n, cient\u00edfico titular del CSIC y miembro del Laboratorio de Arqueolog\u00eda y Arquitectura de la Ciudad de la Escuela de Estudios \u00c1rabes de Granada, sobre los nuevos descubrimientos realizados en los palacios de la Alhambra y el Generalife: los salones protocolarios en planta alta<\/p>\n","protected":false},"author":11,"featured_media":2975,"comment_status":"closed","ping_status":"closed","sticky":false,"template":"","format":"standard","meta":{"_crdt_document":"","jetpack_post_was_ever_published":false,"footnotes":""},"categories":[13],"tags":[281,94,314,313],"coauthors":[262],"class_list":{"0":"post-2970","1":"post","2":"type-post","3":"status-publish","4":"format-standard","5":"has-post-thumbnail","6":"hentry","7":"category-multimedia","8":"tag-alhambra","9":"tag-arquitectura-andalusi","10":"tag-generalife","11":"tag-palacios","13":"fallback-thumbnail"},"jetpack_featured_media_url":"https:\/\/i0.wp.com\/www.alandalusylahistoria.com\/wp-content\/uploads\/2021\/09\/Generalife.jpg?fit=799%2C1060&ssl=1","_links":{"self":[{"href":"https:\/\/www.alandalusylahistoria.com\/index.php?rest_route=\/wp\/v2\/posts\/2970","targetHints":{"allow":["GET"]}}],"collection":[{"href":"https:\/\/www.alandalusylahistoria.com\/index.php?rest_route=\/wp\/v2\/posts"}],"about":[{"href":"https:\/\/www.alandalusylahistoria.com\/index.php?rest_route=\/wp\/v2\/types\/post"}],"author":[{"embeddable":true,"href":"https:\/\/www.alandalusylahistoria.com\/index.php?rest_route=\/wp\/v2\/users\/11"}],"replies":[{"embeddable":true,"href":"https:\/\/www.alandalusylahistoria.com\/index.php?rest_route=%2Fwp%2Fv2%2Fcomments&post=2970"}],"version-history":[{"count":3,"href":"https:\/\/www.alandalusylahistoria.com\/index.php?rest_route=\/wp\/v2\/posts\/2970\/revisions"}],"predecessor-version":[{"id":2976,"href":"https:\/\/www.alandalusylahistoria.com\/index.php?rest_route=\/wp\/v2\/posts\/2970\/revisions\/2976"}],"wp:featuredmedia":[{"embeddable":true,"href":"https:\/\/www.alandalusylahistoria.com\/index.php?rest_route=\/wp\/v2\/media\/2975"}],"wp:attachment":[{"href":"https:\/\/www.alandalusylahistoria.com\/index.php?rest_route=%2Fwp%2Fv2%2Fmedia&parent=2970"}],"wp:term":[{"taxonomy":"category","embeddable":true,"href":"https:\/\/www.alandalusylahistoria.com\/index.php?rest_route=%2Fwp%2Fv2%2Fcategories&post=2970"},{"taxonomy":"post_tag","embeddable":true,"href":"https:\/\/www.alandalusylahistoria.com\/index.php?rest_route=%2Fwp%2Fv2%2Ftags&post=2970"},{"taxonomy":"author","embeddable":true,"href":"https:\/\/www.alandalusylahistoria.com\/index.php?rest_route=%2Fwp%2Fv2%2Fcoauthors&post=2970"}],"curies":[{"name":"wp","href":"https:\/\/api.w.org\/{rel}","templated":true}]}}