{"id":2919,"date":"2021-07-09T08:55:00","date_gmt":"2021-07-09T06:55:00","guid":{"rendered":"https:\/\/www.alandalusylahistoria.com\/?p=2919"},"modified":"2021-07-08T13:58:53","modified_gmt":"2021-07-08T11:58:53","slug":"las-cantigas-digitales","status":"publish","type":"post","link":"https:\/\/www.alandalusylahistoria.com\/?p=2919","title":{"rendered":"Las Cantigas digitales"},"content":{"rendered":"\n<h3 class=\"has-text-align-center wp-block-heading\">Coincidiendo con la conmemoraci\u00f3n del VIII centenario del nacimiento de Alfonso X el Sabio, Patrimonio Nacional pone a disposici\u00f3n del p\u00fablico en versi\u00f3n digital uno de los mayores tesoros de la literatura medieval hispana: los c\u00f3dices de <em>Las Cantigas de Santa Mar\u00eda<\/em> conservados en la Real Biblioteca del Monasterio de San Lorenzo de El Escorial. En concreto, se trata del \u00abC\u00f3dice Rico\u00bb y del \u00abC\u00f3dice de los m\u00fasicos\u00bb. La iniciativa viene a sumarse a la emprendida por la Biblioteca Nacional de Florencia, que hizo lo propio con el llamado \u00abC\u00f3dice de Florencia\u00bb.<\/h3>\n\n\n\n<figure class=\"wp-block-embed aligncenter is-type-video is-provider-youtube wp-block-embed-youtube wp-embed-aspect-16-9 wp-has-aspect-ratio\"><div class=\"wp-block-embed__wrapper\">\n<iframe loading=\"lazy\" title=\"Iniciamos la celebraci\u00f3n del 800 aniversario de Alfonso X publicando las Cantigas de Santa Mar\u00eda\" width=\"1000\" height=\"563\" src=\"https:\/\/www.youtube.com\/embed\/UcwLhNQ1Zpc?feature=oembed\" frameborder=\"0\" allow=\"accelerometer; autoplay; clipboard-write; encrypted-media; gyroscope; picture-in-picture\" allowfullscreen><\/iframe>\n<\/div><\/figure>\n\n\n\n<hr class=\"wp-block-separator has-text-color has-background has-light-gray-blue-background-color has-light-gray-blue-color\"\/>\n\n\n\n<p class=\"has-text-align-center wp-block-paragraph\"><strong><a href=\"https:\/\/rbdigital.realbiblioteca.es\/s\/rbme\/item\/11337\" target=\"_blank\" rel=\"noreferrer noopener\">Acceso al \u00abC\u00f3dice Rico\u00bb de la Real Biblioteca de El Escorial<\/a><\/strong><\/p>\n\n\n\n<hr class=\"wp-block-separator has-text-color has-background has-light-gray-blue-background-color has-light-gray-blue-color\"\/>\n\n\n\n<p class=\"has-text-align-center wp-block-paragraph\"><strong><a href=\"https:\/\/rbdigital.realbiblioteca.es\/s\/rbme\/item\/11338\" target=\"_blank\" rel=\"noreferrer noopener\">Acceso al \u00abC\u00f3dice de los m\u00fasicos\u00bb de la Real Biblioteca de El Escorial<\/a><\/strong><\/p>\n\n\n\n<hr class=\"wp-block-separator has-text-color has-background has-light-gray-blue-background-color has-light-gray-blue-color\"\/>\n\n\n\n<p class=\"has-text-align-center wp-block-paragraph\"><strong><a href=\"https:\/\/archive.org\/details\/b.-r.-20\/page\/n16\/mode\/1up\" target=\"_blank\" rel=\"noreferrer noopener\">Acceso al \u00abC\u00f3dice de Florencia\u00bb de la Biblioteca Nacional de Florencia<\/a><\/strong><\/p>\n\n\n\n<hr class=\"wp-block-separator has-text-color has-background has-light-gray-blue-background-color has-light-gray-blue-color\"\/>\n\n\n\n<p class=\"wp-block-paragraph\"><\/p>\n","protected":false},"excerpt":{"rendered":"<p>Coincidiendo con la conmemoraci\u00f3n del VIII centenario del nacimiento de Alfonso X el Sabio, Patrimonio Nacional pone a disposici\u00f3n del p\u00fablico en versi\u00f3n digital uno de los mayores tesoros de la literatura medieval hispana: los c\u00f3dices de Las Cantigas de Santa Mar\u00eda conservados en la Real Biblioteca del Monasterio de San Lorenzo de El Escorial. En concreto, se trata del \u00abC\u00f3dice Rico\u00bb y del \u00abC\u00f3dice de los m\u00fasicos\u00bb. La iniciativa viene a sumarse a la emprendida por la Biblioteca Nacional de Florencia, que hizo lo propio con el llamado \u00abC\u00f3dice de Florencia\u00bb<\/p>\n","protected":false},"author":11,"featured_media":2920,"comment_status":"closed","ping_status":"closed","sticky":false,"template":"","format":"standard","meta":{"_crdt_document":"","jetpack_post_was_ever_published":false,"footnotes":""},"categories":[13],"tags":[307,308,309],"coauthors":[262],"class_list":{"0":"post-2919","1":"post","2":"type-post","3":"status-publish","4":"format-standard","5":"has-post-thumbnail","6":"hentry","7":"category-multimedia","8":"tag-alfonso-x-el-sabio","9":"tag-cantigas-de-santa-maria","10":"tag-literatura-medieval","12":"fallback-thumbnail"},"jetpack_featured_media_url":"https:\/\/i0.wp.com\/www.alandalusylahistoria.com\/wp-content\/uploads\/2021\/07\/Cantigas.jpg?fit=737%2C800&ssl=1","_links":{"self":[{"href":"https:\/\/www.alandalusylahistoria.com\/index.php?rest_route=\/wp\/v2\/posts\/2919","targetHints":{"allow":["GET"]}}],"collection":[{"href":"https:\/\/www.alandalusylahistoria.com\/index.php?rest_route=\/wp\/v2\/posts"}],"about":[{"href":"https:\/\/www.alandalusylahistoria.com\/index.php?rest_route=\/wp\/v2\/types\/post"}],"author":[{"embeddable":true,"href":"https:\/\/www.alandalusylahistoria.com\/index.php?rest_route=\/wp\/v2\/users\/11"}],"replies":[{"embeddable":true,"href":"https:\/\/www.alandalusylahistoria.com\/index.php?rest_route=%2Fwp%2Fv2%2Fcomments&post=2919"}],"version-history":[{"count":2,"href":"https:\/\/www.alandalusylahistoria.com\/index.php?rest_route=\/wp\/v2\/posts\/2919\/revisions"}],"predecessor-version":[{"id":2923,"href":"https:\/\/www.alandalusylahistoria.com\/index.php?rest_route=\/wp\/v2\/posts\/2919\/revisions\/2923"}],"wp:featuredmedia":[{"embeddable":true,"href":"https:\/\/www.alandalusylahistoria.com\/index.php?rest_route=\/wp\/v2\/media\/2920"}],"wp:attachment":[{"href":"https:\/\/www.alandalusylahistoria.com\/index.php?rest_route=%2Fwp%2Fv2%2Fmedia&parent=2919"}],"wp:term":[{"taxonomy":"category","embeddable":true,"href":"https:\/\/www.alandalusylahistoria.com\/index.php?rest_route=%2Fwp%2Fv2%2Fcategories&post=2919"},{"taxonomy":"post_tag","embeddable":true,"href":"https:\/\/www.alandalusylahistoria.com\/index.php?rest_route=%2Fwp%2Fv2%2Ftags&post=2919"},{"taxonomy":"author","embeddable":true,"href":"https:\/\/www.alandalusylahistoria.com\/index.php?rest_route=%2Fwp%2Fv2%2Fcoauthors&post=2919"}],"curies":[{"name":"wp","href":"https:\/\/api.w.org\/{rel}","templated":true}]}}