{"id":2666,"date":"2021-03-12T08:14:00","date_gmt":"2021-03-12T07:14:00","guid":{"rendered":"https:\/\/www.alandalusylahistoria.com\/?p=2666"},"modified":"2021-03-11T17:17:14","modified_gmt":"2021-03-11T16:17:14","slug":"el-dinar-bilingue-de-cordoba","status":"publish","type":"post","link":"https:\/\/www.alandalusylahistoria.com\/?p=2666","title":{"rendered":"El dinar biling\u00fce de C\u00f3rdoba"},"content":{"rendered":"\n<h3 class=\"has-text-align-center wp-block-heading\">En el a\u00f1o 98\/716-717 se acu\u00f1aron dinares biling\u00fces en al-\u00c1ndalus, coincidiendo en el tiempo con el traslado de la capital andalus\u00ed a C\u00f3rdoba. Estas emisiones formaron parte del proceso evolutivo de la moneda isl\u00e1mica, teniendo su precedente en las emisiones magreb\u00edes. Sin embargo, las diferencias entre ambas son muy significativas<\/h3>\n\n\n\n<figure class=\"wp-block-embed aligncenter is-type-video is-provider-youtube wp-block-embed-youtube wp-embed-aspect-16-9 wp-has-aspect-ratio\"><div class=\"wp-block-embed__wrapper\">\n<iframe loading=\"lazy\" title=\"El dinar biling\u00fce de C\u00f3rdoba\" width=\"1000\" height=\"563\" src=\"https:\/\/www.youtube.com\/embed\/RLdP2keGMeM?feature=oembed\" frameborder=\"0\" allow=\"accelerometer; autoplay; clipboard-write; encrypted-media; gyroscope; picture-in-picture\" allowfullscreen><\/iframe>\n<\/div><\/figure>\n\n\n\n<p class=\"has-text-align-center has-small-font-size wp-block-paragraph\">Conferencia de la doctora <a href=\"https:\/\/nyu.academia.edu\/AlmudenaAriza\" target=\"_blank\" rel=\"noreferrer noopener\">Almudena Ariza Armada<\/a> dentro del ciclo <a href=\"https:\/\/www.casaarabe.es\/eventos-arabes\/show\/716-el-dinar-biling%C3%BCe-de-cordoba\" target=\"_blank\" rel=\"noreferrer noopener\">\u00abC\u00f3rdoba como capital de al-\u00c1ndalus\u00bb<\/a>, organizado por <a href=\"https:\/\/www.casaarabe.es\/\" target=\"_blank\" rel=\"noreferrer noopener\">Casa \u00c1rabe<\/a> y la Delegaci\u00f3n de Turismo del Ayuntamiento de C\u00f3rdoba (20 de diciembre de 2016).<\/p>\n","protected":false},"excerpt":{"rendered":"<p>En el a\u00f1o 98\/716-717 se acu\u00f1aron dinares biling\u00fces en al-\u00c1ndalus, coincidiendo en el tiempo con el traslado de la capital andalus\u00ed a C\u00f3rdoba. Estas emisiones formaron parte del proceso evolutivo de la moneda isl\u00e1mica, teniendo su precedente en las emisiones magreb\u00edes. Sin embargo, las diferencias entre ambas son muy significativas.<\/p>\n","protected":false},"author":11,"featured_media":2669,"comment_status":"closed","ping_status":"closed","sticky":false,"template":"","format":"standard","meta":{"_crdt_document":"","jetpack_post_was_ever_published":false,"footnotes":""},"categories":[13],"tags":[276,277],"coauthors":[262],"class_list":{"0":"post-2666","1":"post","2":"type-post","3":"status-publish","4":"format-standard","5":"has-post-thumbnail","6":"hentry","7":"category-multimedia","8":"tag-monedas","9":"tag-numismatica","11":"fallback-thumbnail"},"jetpack_featured_media_url":"https:\/\/i0.wp.com\/www.alandalusylahistoria.com\/wp-content\/uploads\/2021\/03\/dinar-bilingue.jpg?fit=499%2C466&ssl=1","jetpack-related-posts":[],"_links":{"self":[{"href":"https:\/\/www.alandalusylahistoria.com\/index.php?rest_route=\/wp\/v2\/posts\/2666","targetHints":{"allow":["GET"]}}],"collection":[{"href":"https:\/\/www.alandalusylahistoria.com\/index.php?rest_route=\/wp\/v2\/posts"}],"about":[{"href":"https:\/\/www.alandalusylahistoria.com\/index.php?rest_route=\/wp\/v2\/types\/post"}],"author":[{"embeddable":true,"href":"https:\/\/www.alandalusylahistoria.com\/index.php?rest_route=\/wp\/v2\/users\/11"}],"replies":[{"embeddable":true,"href":"https:\/\/www.alandalusylahistoria.com\/index.php?rest_route=%2Fwp%2Fv2%2Fcomments&post=2666"}],"version-history":[{"count":4,"href":"https:\/\/www.alandalusylahistoria.com\/index.php?rest_route=\/wp\/v2\/posts\/2666\/revisions"}],"predecessor-version":[{"id":2673,"href":"https:\/\/www.alandalusylahistoria.com\/index.php?rest_route=\/wp\/v2\/posts\/2666\/revisions\/2673"}],"wp:featuredmedia":[{"embeddable":true,"href":"https:\/\/www.alandalusylahistoria.com\/index.php?rest_route=\/wp\/v2\/media\/2669"}],"wp:attachment":[{"href":"https:\/\/www.alandalusylahistoria.com\/index.php?rest_route=%2Fwp%2Fv2%2Fmedia&parent=2666"}],"wp:term":[{"taxonomy":"category","embeddable":true,"href":"https:\/\/www.alandalusylahistoria.com\/index.php?rest_route=%2Fwp%2Fv2%2Fcategories&post=2666"},{"taxonomy":"post_tag","embeddable":true,"href":"https:\/\/www.alandalusylahistoria.com\/index.php?rest_route=%2Fwp%2Fv2%2Ftags&post=2666"},{"taxonomy":"author","embeddable":true,"href":"https:\/\/www.alandalusylahistoria.com\/index.php?rest_route=%2Fwp%2Fv2%2Fcoauthors&post=2666"}],"curies":[{"name":"wp","href":"https:\/\/api.w.org\/{rel}","templated":true}]}}