{"id":2636,"date":"2021-02-26T08:54:00","date_gmt":"2021-02-26T07:54:00","guid":{"rendered":"https:\/\/www.alandalusylahistoria.com\/?p=2636"},"modified":"2025-11-07T16:40:36","modified_gmt":"2025-11-07T15:40:36","slug":"el-cambio-alimentario-en-la-nueva-sociedad","status":"publish","type":"post","link":"https:\/\/www.alandalusylahistoria.com\/?p=2636","title":{"rendered":"El cambio alimentario en la nueva sociedad"},"content":{"rendered":"\n<h3 class=\"wp-block-heading has-text-align-center\">C\u00f3mo la arqueozoolog\u00eda puede ayudarnos a conocer m\u00e1s cosas acerca de la alimentaci\u00f3n en al-Andalus<\/h3>\n\n\n\n<center>\n<iframe src='https:\/\/ehutb.ehu.eus\/iframe\/5f7b5926f82b2bc01a8b468e' id='pumukitiframe' frameborder='0' border='0' width='560' height='315' allowfullscreen><\/iframe>\n<\/center>\n\n\n\n<p class=\"has-text-align-center has-small-font-size wp-block-paragraph\">Conferencia de Marcos Garc\u00eda (University of York) dentro de las <a href=\"https:\/\/ehutb.ehu.es\/video\/5f7b5926f82b2bc01a8b468e\" target=\"_blank\" rel=\"noreferrer noopener\">III Jornadas de Introducci\u00f3n al mundo \u00e1rabo-musulm\u00e1n<\/a>, 1: \u00abLa islamizaci\u00f3n tanto en la vida como en la muerte\u00bb. Universidad del Pa\u00eds Vasco, 9 de octubre de 2020.<\/p>\n\n\n\n<p class=\"wp-block-paragraph\">V\u00e9ase tambi\u00e9n: <a href=\"https:\/\/www.alandalusylahistoria.com\/?p=5528\">\u00abLo que cuenta la basura: alimentaci\u00f3n y cambio social durante la formaci\u00f3n de al-Andalus\u00bb<\/a><\/p>\n","protected":false},"excerpt":{"rendered":"<p>C\u00f3mo la arqueozoolog\u00eda puede ayudarnos a conocer m\u00e1s cosas acerca de la alimentaci\u00f3n en al-Andalus. Conferencia de Marcos Garc\u00eda.<\/p>\n","protected":false},"author":11,"featured_media":2135,"comment_status":"closed","ping_status":"closed","sticky":false,"template":"","format":"standard","meta":{"_crdt_document":"","jetpack_post_was_ever_published":false,"footnotes":""},"categories":[13],"tags":[25,26,466],"coauthors":[262],"class_list":{"0":"post-2636","1":"post","2":"type-post","3":"status-publish","4":"format-standard","5":"has-post-thumbnail","6":"hentry","7":"category-multimedia","8":"tag-alimentacion","9":"tag-cocina-andalusi","10":"tag-zooarqueologia","12":"fallback-thumbnail"},"jetpack_featured_media_url":"https:\/\/i0.wp.com\/www.alandalusylahistoria.com\/wp-content\/uploads\/2020\/07\/Makamat_Hariri_comida.jpg?fit=1250%2C479&ssl=1","_links":{"self":[{"href":"https:\/\/www.alandalusylahistoria.com\/index.php?rest_route=\/wp\/v2\/posts\/2636","targetHints":{"allow":["GET"]}}],"collection":[{"href":"https:\/\/www.alandalusylahistoria.com\/index.php?rest_route=\/wp\/v2\/posts"}],"about":[{"href":"https:\/\/www.alandalusylahistoria.com\/index.php?rest_route=\/wp\/v2\/types\/post"}],"author":[{"embeddable":true,"href":"https:\/\/www.alandalusylahistoria.com\/index.php?rest_route=\/wp\/v2\/users\/11"}],"replies":[{"embeddable":true,"href":"https:\/\/www.alandalusylahistoria.com\/index.php?rest_route=%2Fwp%2Fv2%2Fcomments&post=2636"}],"version-history":[{"count":8,"href":"https:\/\/www.alandalusylahistoria.com\/index.php?rest_route=\/wp\/v2\/posts\/2636\/revisions"}],"predecessor-version":[{"id":5546,"href":"https:\/\/www.alandalusylahistoria.com\/index.php?rest_route=\/wp\/v2\/posts\/2636\/revisions\/5546"}],"wp:featuredmedia":[{"embeddable":true,"href":"https:\/\/www.alandalusylahistoria.com\/index.php?rest_route=\/wp\/v2\/media\/2135"}],"wp:attachment":[{"href":"https:\/\/www.alandalusylahistoria.com\/index.php?rest_route=%2Fwp%2Fv2%2Fmedia&parent=2636"}],"wp:term":[{"taxonomy":"category","embeddable":true,"href":"https:\/\/www.alandalusylahistoria.com\/index.php?rest_route=%2Fwp%2Fv2%2Fcategories&post=2636"},{"taxonomy":"post_tag","embeddable":true,"href":"https:\/\/www.alandalusylahistoria.com\/index.php?rest_route=%2Fwp%2Fv2%2Ftags&post=2636"},{"taxonomy":"author","embeddable":true,"href":"https:\/\/www.alandalusylahistoria.com\/index.php?rest_route=%2Fwp%2Fv2%2Fcoauthors&post=2636"}],"curies":[{"name":"wp","href":"https:\/\/api.w.org\/{rel}","templated":true}]}}